{"id":6558,"date":"2019-06-07T11:42:57","date_gmt":"2019-06-07T10:42:57","guid":{"rendered":"https:\/\/bmin.info\/WP\/?p=6558"},"modified":"2019-06-07T15:05:50","modified_gmt":"2019-06-07T14:05:50","slug":"25-jahre-cbmf-der-behindertentreff","status":"publish","type":"post","link":"https:\/\/bmin.info\/WP\/2019\/06\/07\/25-jahre-cbmf-der-behindertentreff\/","title":{"rendered":"25 Jahre CBMF &#8211; der Behindertentreff"},"content":{"rendered":"<p>Text: CBMF<br \/>\n<strong><em>Er\u00f6ffnung des ausgebauten Freizeitst\u00fctzpunktes<\/em><\/strong><br \/>\nDer Club behinderter Menschen und ihrer Freunde &#8211; \u201eCBMF\u201c feierte am 5. Juni 2019 sein 25-j\u00e4hriges Bestandsjubil\u00e4um mit der Er\u00f6ffnung seines ausgebauten Freizeitst\u00fctzpunktes<br \/>\n<a href=\"https:\/\/bmin.info\/WP\/wp-content\/uploads\/2019\/06\/CBMF2.jpg\"><img loading=\"lazy\" decoding=\"async\" class=\"alignnone wp-image-6564\" src=\"https:\/\/bmin.info\/WP\/wp-content\/uploads\/2019\/06\/CBMF2-300x214.jpg\" alt=\"\" width=\"280\" height=\"200\" srcset=\"https:\/\/bmin.info\/WP\/wp-content\/uploads\/2019\/06\/CBMF2-300x214.jpg 300w, https:\/\/bmin.info\/WP\/wp-content\/uploads\/2019\/06\/CBMF2-768x548.jpg 768w, https:\/\/bmin.info\/WP\/wp-content\/uploads\/2019\/06\/CBMF2-1024x730.jpg 1024w, https:\/\/bmin.info\/WP\/wp-content\/uploads\/2019\/06\/CBMF2-144x103.jpg 144w, https:\/\/bmin.info\/WP\/wp-content\/uploads\/2019\/06\/CBMF2.jpg 1280w\" sizes=\"auto, (max-width: 280px) 100vw, 280px\" \/>\u00a0 <\/a><a href=\"https:\/\/bmin.info\/WP\/wp-content\/uploads\/2019\/06\/CBMF5.jpg\"><img loading=\"lazy\" decoding=\"async\" class=\"alignnone wp-image-6565\" src=\"https:\/\/bmin.info\/WP\/wp-content\/uploads\/2019\/06\/CBMF5-300x214.jpg\" alt=\"\" width=\"280\" height=\"200\" srcset=\"https:\/\/bmin.info\/WP\/wp-content\/uploads\/2019\/06\/CBMF5-300x214.jpg 300w, https:\/\/bmin.info\/WP\/wp-content\/uploads\/2019\/06\/CBMF5-768x548.jpg 768w, https:\/\/bmin.info\/WP\/wp-content\/uploads\/2019\/06\/CBMF5-1024x731.jpg 1024w, https:\/\/bmin.info\/WP\/wp-content\/uploads\/2019\/06\/CBMF5-144x103.jpg 144w, https:\/\/bmin.info\/WP\/wp-content\/uploads\/2019\/06\/CBMF5.jpg 1280w\" sizes=\"auto, (max-width: 280px) 100vw, 280px\" \/><\/a><\/p>\n<p>Dank zahlreicher Unterst\u00fctzer und Sponsoren konnte der aus Platzgr\u00fcnden so dringend n\u00f6tige Ausbau des Freizeit- und Aktivit\u00e4tsst\u00fctzpunktes direkt beim Prater nach 7-monatiger Bauzeit fertiggestellt und damit rechtzeitig zur \u201e25-Jahres-Feier\u201c er\u00f6ffnet werden.<\/p>\n<p><a href=\"https:\/\/bmin.info\/WP\/wp-content\/uploads\/2019\/06\/CBMF11.jpg\"><img loading=\"lazy\" decoding=\"async\" class=\"alignnone wp-image-6573\" src=\"https:\/\/bmin.info\/WP\/wp-content\/uploads\/2019\/06\/CBMF11-300x205.jpg\" alt=\"\" width=\"280\" height=\"192\" srcset=\"https:\/\/bmin.info\/WP\/wp-content\/uploads\/2019\/06\/CBMF11-300x205.jpg 300w, https:\/\/bmin.info\/WP\/wp-content\/uploads\/2019\/06\/CBMF11-768x526.jpg 768w, https:\/\/bmin.info\/WP\/wp-content\/uploads\/2019\/06\/CBMF11-1024x701.jpg 1024w, https:\/\/bmin.info\/WP\/wp-content\/uploads\/2019\/06\/CBMF11-144x99.jpg 144w, https:\/\/bmin.info\/WP\/wp-content\/uploads\/2019\/06\/CBMF11.jpg 1280w\" sizes=\"auto, (max-width: 280px) 100vw, 280px\" \/><\/a> \u00a0<a href=\"https:\/\/bmin.info\/WP\/wp-content\/uploads\/2019\/06\/CBMF6.jpg\"><img loading=\"lazy\" decoding=\"async\" class=\"alignnone wp-image-6566\" src=\"https:\/\/bmin.info\/WP\/wp-content\/uploads\/2019\/06\/CBMF6-300x205.jpg\" alt=\"\" width=\"280\" height=\"192\" srcset=\"https:\/\/bmin.info\/WP\/wp-content\/uploads\/2019\/06\/CBMF6-300x205.jpg 300w, https:\/\/bmin.info\/WP\/wp-content\/uploads\/2019\/06\/CBMF6-768x526.jpg 768w, https:\/\/bmin.info\/WP\/wp-content\/uploads\/2019\/06\/CBMF6-1024x701.jpg 1024w, https:\/\/bmin.info\/WP\/wp-content\/uploads\/2019\/06\/CBMF6-144x99.jpg 144w, https:\/\/bmin.info\/WP\/wp-content\/uploads\/2019\/06\/CBMF6.jpg 1280w\" sizes=\"auto, (max-width: 280px) 100vw, 280px\" \/><\/a><\/p>\n<p>Zahlreiche Ehreng\u00e4ste aus Politik und Wirtschaft sowie s\u00e4mtliche Gesch\u00e4ftsf\u00fcher_innen der Unterst\u00fctzer und Sponsoren waren der Einladung gefolgt. Die Moderatoren Renate Schober und Florian Dungl f\u00fchrten durch die Veranstaltung und gaben einen R\u00fcckblick auf 25 Jahre erfolgreiche Vereinsgeschichte. Danach sprach Vereinsgr\u00fcnder und Pr\u00e4sident Klaus Widl den zahlreichen Unterst\u00fctzern und Sponsoren seinen Dank aus: <em>\u201eDurch den Ausbau des Freizeitst\u00fctzpunkts konnten die Freizeitangebote wesentlich verbreitert und ausgeweitet werden\u201c.<\/em><\/p>\n<p><a href=\"https:\/\/bmin.info\/WP\/wp-content\/uploads\/2019\/06\/CBMF12.jpg\"><img loading=\"lazy\" decoding=\"async\" class=\"wp-image-6574 alignnone\" src=\"https:\/\/bmin.info\/WP\/wp-content\/uploads\/2019\/06\/CBMF12-300x206.jpg\" alt=\"\" width=\"280\" height=\"192\" srcset=\"https:\/\/bmin.info\/WP\/wp-content\/uploads\/2019\/06\/CBMF12-300x206.jpg 300w, https:\/\/bmin.info\/WP\/wp-content\/uploads\/2019\/06\/CBMF12-768x526.jpg 768w, https:\/\/bmin.info\/WP\/wp-content\/uploads\/2019\/06\/CBMF12-1024x702.jpg 1024w, https:\/\/bmin.info\/WP\/wp-content\/uploads\/2019\/06\/CBMF12-144x99.jpg 144w, https:\/\/bmin.info\/WP\/wp-content\/uploads\/2019\/06\/CBMF12.jpg 1067w\" sizes=\"auto, (max-width: 280px) 100vw, 280px\" \/><\/a>\u00a0\u00a0<a href=\"https:\/\/bmin.info\/WP\/wp-content\/uploads\/2019\/06\/CBMF7.jpg\"><img loading=\"lazy\" decoding=\"async\" class=\"wp-image-6567 alignnone\" src=\"https:\/\/bmin.info\/WP\/wp-content\/uploads\/2019\/06\/CBMF7-300x199.jpg\" alt=\"\" width=\"280\" height=\"186\" srcset=\"https:\/\/bmin.info\/WP\/wp-content\/uploads\/2019\/06\/CBMF7-300x199.jpg 300w, https:\/\/bmin.info\/WP\/wp-content\/uploads\/2019\/06\/CBMF7-768x509.jpg 768w, https:\/\/bmin.info\/WP\/wp-content\/uploads\/2019\/06\/CBMF7-1024x678.jpg 1024w, https:\/\/bmin.info\/WP\/wp-content\/uploads\/2019\/06\/CBMF7-144x95.jpg 144w, https:\/\/bmin.info\/WP\/wp-content\/uploads\/2019\/06\/CBMF7.jpg 1280w\" sizes=\"auto, (max-width: 280px) 100vw, 280px\" \/><\/a><\/p>\n<p>B\u00fcrgermeister und Landeshauptmann Michael Ludwig sowie Sozial- und Gesundheitsstadtrat Peter Hacker hoben in ihren Ansprachen hervor, dass der CBMF seit Jahrzehnten f\u00fcr passende Freizeitangebote f\u00fcr Menschen mit Behinderungen sorgt und sich als Interessenvertretung stark macht, um die gesellschaftliche Inklusion f\u00fcr Menschen mit Behinderungen weiter auszubauen. Der Fonds Soziales Wien, genauso wie die MA 40, verstehen sich als Unterst\u00fctzer und Partner des CBMF, wenn es darum geht inklusive Projekte umzusetzen. Beide gratulierten zum erfolgreich gelungenen Ausbau und der Angebotserweiterung des Freizeitst\u00fctzpunktes und bedankten sich bei allen Mitwirkenden, insbesondere bei Pr\u00e4sident Klaus Widl mit den Worten: <em>\u201eWir sind sehr froh, den CBMF als verl\u00e4sslichen Partner der Stadt zu wissen, weil wir mit Stolz sagen k\u00f6nnen: Ihr seid wirklich inklusiv\u201c.<\/em><\/p>\n<p>Homepage: <a href=\"http:\/\/www.cbmf.at\/\">www.cbmf.at<\/a><\/p>\n","protected":false},"excerpt":{"rendered":"<p>Text: CBMF Er\u00f6ffnung des ausgebauten Freizeitst\u00fctzpunktes Der Club behinderter Menschen und ihrer Freunde &#8211; \u201eCBMF\u201c feierte am 5. Juni 2019 sein 25-j\u00e4hriges Bestandsjubil\u00e4um mit der Er\u00f6ffnung seines ausgebauten Freizeitst\u00fctzpunktes \u00a0 Dank zahlreicher Unterst\u00fctzer und Sponsoren konnte der aus Platzgr\u00fcnden so dringend n\u00f6tige Ausbau des Freizeit- und Aktivit\u00e4tsst\u00fctzpunktes direkt beim Prater nach 7-monatiger Bauzeit fertiggestellt und&#8230; <a href=\"https:\/\/bmin.info\/WP\/2019\/06\/07\/25-jahre-cbmf-der-behindertentreff\/\" class=\"more-link\">Continue reading <span class=\"screen-reader-text\">25 Jahre CBMF &#8211; der Behindertentreff<\/span><\/a><\/p>\n","protected":false},"author":3,"featured_media":0,"comment_status":"closed","ping_status":"closed","sticky":false,"template":"","format":"standard","meta":{"footnotes":""},"categories":[3],"tags":[],"class_list":["post-6558","post","type-post","status-publish","format-standard","hentry","category-info"],"_links":{"self":[{"href":"https:\/\/bmin.info\/WP\/wp-json\/wp\/v2\/posts\/6558","targetHints":{"allow":["GET"]}}],"collection":[{"href":"https:\/\/bmin.info\/WP\/wp-json\/wp\/v2\/posts"}],"about":[{"href":"https:\/\/bmin.info\/WP\/wp-json\/wp\/v2\/types\/post"}],"author":[{"embeddable":true,"href":"https:\/\/bmin.info\/WP\/wp-json\/wp\/v2\/users\/3"}],"replies":[{"embeddable":true,"href":"https:\/\/bmin.info\/WP\/wp-json\/wp\/v2\/comments?post=6558"}],"version-history":[{"count":7,"href":"https:\/\/bmin.info\/WP\/wp-json\/wp\/v2\/posts\/6558\/revisions"}],"predecessor-version":[{"id":6576,"href":"https:\/\/bmin.info\/WP\/wp-json\/wp\/v2\/posts\/6558\/revisions\/6576"}],"wp:attachment":[{"href":"https:\/\/bmin.info\/WP\/wp-json\/wp\/v2\/media?parent=6558"}],"wp:term":[{"taxonomy":"category","embeddable":true,"href":"https:\/\/bmin.info\/WP\/wp-json\/wp\/v2\/categories?post=6558"},{"taxonomy":"post_tag","embeddable":true,"href":"https:\/\/bmin.info\/WP\/wp-json\/wp\/v2\/tags?post=6558"}],"curies":[{"name":"wp","href":"https:\/\/api.w.org\/{rel}","templated":true}]}}