{"id":6579,"date":"2019-06-17T13:45:02","date_gmt":"2019-06-17T12:45:02","guid":{"rendered":"https:\/\/bmin.info\/WP\/?p=6579"},"modified":"2019-06-17T13:45:02","modified_gmt":"2019-06-17T12:45:02","slug":"pflegegeld-valorisieren-und-selbstbestimmung-ermoeglichen","status":"publish","type":"post","link":"https:\/\/bmin.info\/WP\/2019\/06\/17\/pflegegeld-valorisieren-und-selbstbestimmung-ermoeglichen\/","title":{"rendered":"Pflegegeld valorisieren und Selbstbestimmung erm\u00f6glichen"},"content":{"rendered":"<p>Text: \u00d6BR (\u00d6sterreichischer Behindertenrat)<br \/>\n<em><strong>Zur Fristsetzung der Valorisierung des Pflegegeldes in allen Stufen<\/strong><\/em><br \/>\nDa das Pflegegeld \u00fcber 26 Jahre lang nicht angemessen valorisiert wurde, m\u00fcssen Pflegegeldbezieher*innen im Vergleich zu 1993 mit einem um 30 Prozent geminderten F\u00f6rdersatz auskommen. Der \u00d6sterreichische Behindertenrat forderte schon lange die Wertanpassung und die gesetzlich verankerte j\u00e4hrliche Valorisierung des Pflegegeldes.<\/p>\n<p>Es tut sich etwas: von JETZT wurde im Nationalrat erfolgreich ein Fristsetzungsantrag zur Valorisierung des Pflegegeldes in allen Stufen ab 2020 eingebracht. Der Wertverlust wird damit jedoch nicht ausgeglichen. Der Fristsetzungsantrag bedeutet, dass sich der Nationalrat vornimmt, das Thema sp\u00e4testens Anfang Juli 2019 zu behandeln. Der \u00d6sterreichische Behindertenrat begr\u00fc\u00dft das Aufgreifen dieses Themas und steht mit seiner Expertise gerne zur Verf\u00fcgung.<\/p>\n<p>Das 1993 eingef\u00fchrte Pflegegeld hat den Zweck, Menschen mit Pflegebedarf ein selbstbestimmtes Leben zu erm\u00f6glichen. Die fehlende gesetzliche Festlegung der j\u00e4hrlichen Abgeltung der Inflationsrate hat zu einem massiven realen Wertverlust gef\u00fchrt. Gemessen am Verbraucherpreisindex haben Pflegegeld-Bezieher*innen seit 1993 einen Kaufkraftverlust um die 30 Prozent hinnehmen m\u00fcssen.<\/p>\n<p>\u201eDas Pflegegeld ist f\u00fcr mehr als 450.000 Menschen mit Behinderungen ein wichtiger Beitrag, um ein selbstbestimmtes Leben zu f\u00fchren. Ohne Valorisierung verlor es immer mehr an Wirkung. Menschen mit Behinderungen setzen in diese Fristsetzung gro\u00dfe Hoffnungen und wir vom \u00d6sterreichischen Behindertenrat werden uns daf\u00fcr einsetzen, dass diese Hoffnungen nicht entt\u00e4uscht werden\u201c, so Herbert Pichler, Pr\u00e4sident des \u00d6sterreichischen Behindertenrats.<\/p>\n<p><a href=\"http:\/\/www.behindertenrat.at\">www.behindertenrat.at<\/a><\/p>\n","protected":false},"excerpt":{"rendered":"<p>Text: \u00d6BR (\u00d6sterreichischer Behindertenrat) Zur Fristsetzung der Valorisierung des Pflegegeldes in allen Stufen Da das Pflegegeld \u00fcber 26 Jahre lang nicht angemessen valorisiert wurde, m\u00fcssen Pflegegeldbezieher*innen im Vergleich zu 1993 mit einem um 30 Prozent geminderten F\u00f6rdersatz auskommen. Der \u00d6sterreichische Behindertenrat forderte schon lange die Wertanpassung und die gesetzlich verankerte j\u00e4hrliche Valorisierung des Pflegegeldes. Es&#8230; <a href=\"https:\/\/bmin.info\/WP\/2019\/06\/17\/pflegegeld-valorisieren-und-selbstbestimmung-ermoeglichen\/\" class=\"more-link\">Continue reading <span class=\"screen-reader-text\">Pflegegeld valorisieren und Selbstbestimmung erm\u00f6glichen<\/span><\/a><\/p>\n","protected":false},"author":3,"featured_media":0,"comment_status":"closed","ping_status":"closed","sticky":false,"template":"","format":"standard","meta":{"footnotes":""},"categories":[3],"tags":[],"class_list":["post-6579","post","type-post","status-publish","format-standard","hentry","category-info"],"_links":{"self":[{"href":"https:\/\/bmin.info\/WP\/wp-json\/wp\/v2\/posts\/6579","targetHints":{"allow":["GET"]}}],"collection":[{"href":"https:\/\/bmin.info\/WP\/wp-json\/wp\/v2\/posts"}],"about":[{"href":"https:\/\/bmin.info\/WP\/wp-json\/wp\/v2\/types\/post"}],"author":[{"embeddable":true,"href":"https:\/\/bmin.info\/WP\/wp-json\/wp\/v2\/users\/3"}],"replies":[{"embeddable":true,"href":"https:\/\/bmin.info\/WP\/wp-json\/wp\/v2\/comments?post=6579"}],"version-history":[{"count":3,"href":"https:\/\/bmin.info\/WP\/wp-json\/wp\/v2\/posts\/6579\/revisions"}],"predecessor-version":[{"id":6587,"href":"https:\/\/bmin.info\/WP\/wp-json\/wp\/v2\/posts\/6579\/revisions\/6587"}],"wp:attachment":[{"href":"https:\/\/bmin.info\/WP\/wp-json\/wp\/v2\/media?parent=6579"}],"wp:term":[{"taxonomy":"category","embeddable":true,"href":"https:\/\/bmin.info\/WP\/wp-json\/wp\/v2\/categories?post=6579"},{"taxonomy":"post_tag","embeddable":true,"href":"https:\/\/bmin.info\/WP\/wp-json\/wp\/v2\/tags?post=6579"}],"curies":[{"name":"wp","href":"https:\/\/api.w.org\/{rel}","templated":true}]}}