{"id":6589,"date":"2019-06-20T20:10:47","date_gmt":"2019-06-20T19:10:47","guid":{"rendered":"https:\/\/bmin.info\/WP\/?p=6589"},"modified":"2019-06-22T07:51:31","modified_gmt":"2019-06-22T06:51:31","slug":"wir-sind-wien-festival-deix-in-the-city","status":"publish","type":"post","link":"https:\/\/bmin.info\/WP\/2019\/06\/20\/wir-sind-wien-festival-deix-in-the-city\/","title":{"rendered":"WIR SIND WIEN.FESTIVAL: Deix in the City"},"content":{"rendered":"<p>Text: Pepo Meia (Erlebnisbericht)<br \/>\n<strong>Leider nicht f\u00fcr alle<br \/>\n<\/strong>Vom 1. bis 23. Juni 2019 fanden in allen Wiener Gemeindebezirken viele Kunst- und Kulturevents bei freiem Eintritt statt. Eigentlich eine gute Idee, jedoch auf barrierefreie Zug\u00e4nglichkeit wurde kaum Wert gelegt, wie dieses Negativbeispiel zeigt.<\/p>\n<p><b>Gedankenlosigkeit bei Wanderausstellung von Manfred Deix in D\u00f6blinger Park<\/b><\/p>\n<p><a href=\"https:\/\/bmin.info\/WP\/wp-content\/uploads\/2019\/06\/471-1.jpg\"><img loading=\"lazy\" decoding=\"async\" class=\"alignleft  wp-image-6599\" src=\"https:\/\/bmin.info\/WP\/wp-content\/uploads\/2019\/06\/471-1-195x300.jpg\" alt=\"\" width=\"193\" height=\"297\" srcset=\"https:\/\/bmin.info\/WP\/wp-content\/uploads\/2019\/06\/471-1-195x300.jpg 195w, https:\/\/bmin.info\/WP\/wp-content\/uploads\/2019\/06\/471-1-768x1179.jpg 768w, https:\/\/bmin.info\/WP\/wp-content\/uploads\/2019\/06\/471-1-667x1024.jpg 667w, https:\/\/bmin.info\/WP\/wp-content\/uploads\/2019\/06\/471-1-94x144.jpg 94w, https:\/\/bmin.info\/WP\/wp-content\/uploads\/2019\/06\/471-1.jpg 834w\" sizes=\"auto, (max-width: 193px) 100vw, 193px\" \/><\/a><\/p>\n<p>Die Wanderausstellung von Manfred Deix war am 19 Juni 2019 in Wien D\u00f6bling &#8211; im Hilde-Spiel-Park, in der N\u00e4he vom Einkaufszentum Q19 beim Kreilplatz &#8211; zu Gast. Von 9:00 bis 19:00 Uhr konnte man sich einige Bilder ansehen. F\u00fcr die oft nicht jugendfreien Zeichnungen wurde sogar eine \u201e\u00fcber 18 Zone\u201c eingerichtet, die man jedoch nur \u00fcber holprigen Rasen betreten konnte. Die Deix-Ausstellung blockierte den Durchgangsweg und ein Vorbeikommen war schwierig, mit Rollstuhl, Kinderwagen oder Rollator ein schier unm\u00f6gliches Unterfangen. Ein sehr freundlicher und bem\u00fchter Angestellter (Aufpasser) beaufsichtigte die Veranstaltung, konnte jedoch an der Situation nicht mehr viel \u00e4ndern. Ohne Einf\u00fchlungsverm\u00f6gen der oder des Verantwortlichen hat man die Aufbauten f\u00fcr dieses Event in einer Ruck-Zuck-Aktion in der Fr\u00fch aufgestellt (siehe Fotos).<\/p>\n<div id='gallery-1' class='gallery galleryid-6589 gallery-columns-2 gallery-size-medium'><figure class='gallery-item'>\n\t\t\t<div class='gallery-icon landscape'>\n\t\t\t\t<a href='https:\/\/bmin.info\/WP\/2019\/06\/20\/wir-sind-wien-festival-deix-in-the-city\/470-1\/'><img loading=\"lazy\" decoding=\"async\" width=\"300\" height=\"225\" src=\"https:\/\/bmin.info\/WP\/wp-content\/uploads\/2019\/06\/470-1-300x225.jpg\" class=\"attachment-medium size-medium\" alt=\"\" srcset=\"https:\/\/bmin.info\/WP\/wp-content\/uploads\/2019\/06\/470-1-300x225.jpg 300w, https:\/\/bmin.info\/WP\/wp-content\/uploads\/2019\/06\/470-1-768x576.jpg 768w, https:\/\/bmin.info\/WP\/wp-content\/uploads\/2019\/06\/470-1-144x108.jpg 144w, https:\/\/bmin.info\/WP\/wp-content\/uploads\/2019\/06\/470-1.jpg 789w\" sizes=\"auto, (max-width: 300px) 100vw, 300px\" \/><\/a>\n\t\t\t<\/div><\/figure><figure class='gallery-item'>\n\t\t\t<div class='gallery-icon landscape'>\n\t\t\t\t<a href='https:\/\/bmin.info\/WP\/2019\/06\/20\/wir-sind-wien-festival-deix-in-the-city\/473-1\/'><img loading=\"lazy\" decoding=\"async\" width=\"300\" height=\"225\" src=\"https:\/\/bmin.info\/WP\/wp-content\/uploads\/2019\/06\/473-1-300x225.jpg\" class=\"attachment-medium size-medium\" alt=\"\" srcset=\"https:\/\/bmin.info\/WP\/wp-content\/uploads\/2019\/06\/473-1-300x225.jpg 300w, https:\/\/bmin.info\/WP\/wp-content\/uploads\/2019\/06\/473-1-768x576.jpg 768w, https:\/\/bmin.info\/WP\/wp-content\/uploads\/2019\/06\/473-1-1024x768.jpg 1024w, https:\/\/bmin.info\/WP\/wp-content\/uploads\/2019\/06\/473-1-144x108.jpg 144w, https:\/\/bmin.info\/WP\/wp-content\/uploads\/2019\/06\/473-1.jpg 1280w\" sizes=\"auto, (max-width: 300px) 100vw, 300px\" \/><\/a>\n\t\t\t<\/div><\/figure><figure class='gallery-item'>\n\t\t\t<div class='gallery-icon landscape'>\n\t\t\t\t<a href='https:\/\/bmin.info\/WP\/2019\/06\/20\/wir-sind-wien-festival-deix-in-the-city\/476-1\/'><img loading=\"lazy\" decoding=\"async\" width=\"300\" height=\"225\" src=\"https:\/\/bmin.info\/WP\/wp-content\/uploads\/2019\/06\/476-1-300x225.jpg\" class=\"attachment-medium size-medium\" alt=\"\" srcset=\"https:\/\/bmin.info\/WP\/wp-content\/uploads\/2019\/06\/476-1-300x225.jpg 300w, https:\/\/bmin.info\/WP\/wp-content\/uploads\/2019\/06\/476-1-768x576.jpg 768w, https:\/\/bmin.info\/WP\/wp-content\/uploads\/2019\/06\/476-1-1024x768.jpg 1024w, https:\/\/bmin.info\/WP\/wp-content\/uploads\/2019\/06\/476-1-144x108.jpg 144w, https:\/\/bmin.info\/WP\/wp-content\/uploads\/2019\/06\/476-1.jpg 1280w\" sizes=\"auto, (max-width: 300px) 100vw, 300px\" \/><\/a>\n\t\t\t<\/div><\/figure><figure class='gallery-item'>\n\t\t\t<div class='gallery-icon landscape'>\n\t\t\t\t<a href='https:\/\/bmin.info\/WP\/2019\/06\/20\/wir-sind-wien-festival-deix-in-the-city\/487-1\/'><img loading=\"lazy\" decoding=\"async\" width=\"300\" height=\"225\" src=\"https:\/\/bmin.info\/WP\/wp-content\/uploads\/2019\/06\/487-1-300x225.jpg\" class=\"attachment-medium size-medium\" alt=\"\" srcset=\"https:\/\/bmin.info\/WP\/wp-content\/uploads\/2019\/06\/487-1-300x225.jpg 300w, https:\/\/bmin.info\/WP\/wp-content\/uploads\/2019\/06\/487-1-768x576.jpg 768w, https:\/\/bmin.info\/WP\/wp-content\/uploads\/2019\/06\/487-1-1024x768.jpg 1024w, https:\/\/bmin.info\/WP\/wp-content\/uploads\/2019\/06\/487-1-144x108.jpg 144w, https:\/\/bmin.info\/WP\/wp-content\/uploads\/2019\/06\/487-1.jpg 1280w\" sizes=\"auto, (max-width: 300px) 100vw, 300px\" \/><\/a>\n\t\t\t<\/div><\/figure><figure class='gallery-item'>\n\t\t\t<div class='gallery-icon landscape'>\n\t\t\t\t<a href='https:\/\/bmin.info\/WP\/2019\/06\/20\/wir-sind-wien-festival-deix-in-the-city\/496-1\/'><img loading=\"lazy\" decoding=\"async\" width=\"300\" height=\"225\" src=\"https:\/\/bmin.info\/WP\/wp-content\/uploads\/2019\/06\/496-1-300x225.jpg\" class=\"attachment-medium size-medium\" alt=\"\" srcset=\"https:\/\/bmin.info\/WP\/wp-content\/uploads\/2019\/06\/496-1-300x225.jpg 300w, https:\/\/bmin.info\/WP\/wp-content\/uploads\/2019\/06\/496-1-768x576.jpg 768w, https:\/\/bmin.info\/WP\/wp-content\/uploads\/2019\/06\/496-1-144x108.jpg 144w, https:\/\/bmin.info\/WP\/wp-content\/uploads\/2019\/06\/496-1.jpg 1009w\" sizes=\"auto, (max-width: 300px) 100vw, 300px\" \/><\/a>\n\t\t\t<\/div><\/figure><figure class='gallery-item'>\n\t\t\t<div class='gallery-icon landscape'>\n\t\t\t\t<a href='https:\/\/bmin.info\/WP\/2019\/06\/20\/wir-sind-wien-festival-deix-in-the-city\/497-1\/'><img loading=\"lazy\" decoding=\"async\" width=\"300\" height=\"225\" src=\"https:\/\/bmin.info\/WP\/wp-content\/uploads\/2019\/06\/497-1-300x225.jpg\" class=\"attachment-medium size-medium\" alt=\"\" srcset=\"https:\/\/bmin.info\/WP\/wp-content\/uploads\/2019\/06\/497-1-300x225.jpg 300w, https:\/\/bmin.info\/WP\/wp-content\/uploads\/2019\/06\/497-1-768x576.jpg 768w, https:\/\/bmin.info\/WP\/wp-content\/uploads\/2019\/06\/497-1-1024x768.jpg 1024w, https:\/\/bmin.info\/WP\/wp-content\/uploads\/2019\/06\/497-1-144x108.jpg 144w, https:\/\/bmin.info\/WP\/wp-content\/uploads\/2019\/06\/497-1.jpg 1280w\" sizes=\"auto, (max-width: 300px) 100vw, 300px\" \/><\/a>\n\t\t\t<\/div><\/figure>\n\t\t<\/div>\n\n<p>Beim Abbauen konnte ich die Arbeiter befragen: Sie sagten unabh\u00e4ngig von einander, dass der Verantwortliche f\u00fcr diesen Tag dies trotz Nachfrage genau so aufgebaut haben wollte. <b>Anm.<\/b>: Es m\u00fcssen doch auch f\u00fcr solche Gratisveranstaltungen diesbez\u00fcglich verbindliche Vorschriften und Richtlinien gelten?!<\/p>\n<p style=\"text-align: left;\">Am 20. Juni war die Deix-Ausstellung in der Brigittenau am Wallensteinplatz zu sehen. Diesmal war genug Platz und alles hat gepasst (siehe Fotos).<\/p>\n<p><a href=\"https:\/\/bmin.info\/WP\/wp-content\/uploads\/2019\/06\/IMG_0502.jpg\"><img loading=\"lazy\" decoding=\"async\" class=\"size-medium wp-image-6617 alignnone\" src=\"https:\/\/bmin.info\/WP\/wp-content\/uploads\/2019\/06\/IMG_0502-300x225.jpg\" alt=\"\" width=\"300\" height=\"225\" srcset=\"https:\/\/bmin.info\/WP\/wp-content\/uploads\/2019\/06\/IMG_0502-300x225.jpg 300w, https:\/\/bmin.info\/WP\/wp-content\/uploads\/2019\/06\/IMG_0502-768x576.jpg 768w, https:\/\/bmin.info\/WP\/wp-content\/uploads\/2019\/06\/IMG_0502-1024x768.jpg 1024w, https:\/\/bmin.info\/WP\/wp-content\/uploads\/2019\/06\/IMG_0502-144x108.jpg 144w, https:\/\/bmin.info\/WP\/wp-content\/uploads\/2019\/06\/IMG_0502.jpg 1280w\" sizes=\"auto, (max-width: 300px) 100vw, 300px\" \/><\/a> \u00a0<a href=\"https:\/\/bmin.info\/WP\/wp-content\/uploads\/2019\/06\/IMG_0503.jpg\"><img loading=\"lazy\" decoding=\"async\" class=\"size-medium wp-image-6621 alignnone\" src=\"https:\/\/bmin.info\/WP\/wp-content\/uploads\/2019\/06\/IMG_0503-300x225.jpg\" alt=\"\" width=\"300\" height=\"225\" srcset=\"https:\/\/bmin.info\/WP\/wp-content\/uploads\/2019\/06\/IMG_0503-300x225.jpg 300w, https:\/\/bmin.info\/WP\/wp-content\/uploads\/2019\/06\/IMG_0503-768x576.jpg 768w, https:\/\/bmin.info\/WP\/wp-content\/uploads\/2019\/06\/IMG_0503-1024x768.jpg 1024w, https:\/\/bmin.info\/WP\/wp-content\/uploads\/2019\/06\/IMG_0503-144x108.jpg 144w, https:\/\/bmin.info\/WP\/wp-content\/uploads\/2019\/06\/IMG_0503.jpg 1280w\" sizes=\"auto, (max-width: 300px) 100vw, 300px\" \/><\/a><\/p>\n<p>Manfred Deix, ein begnadeter Karikaturist war schon vor seinem Ableben eine lebende Legende. Der Beach-Boy Fan und Katzenliebhaber hat noch vor seinem Ableben sein eigenes Museum in Krems bewundern k\u00f6nnen.<\/p>\n<p>Bei unseren Recherchen ist uns noch aufgefallen, dass man weder im Programmheft (Auflage 100.000 St\u00fcck) noch auf der Webseite kaum eruieren konnte, ob die vielen Veranstaltungen f\u00fcr mobilit\u00e4tseingeschr\u00e4nkte Personen \u00fcberhaupt geeignet sind. Bei Fragen zur Barrierefreiheit eines Spielorts, konnte man sich jederzeit an die Schlechtwetter-Hotline wenden. In diesem Falle h\u00e4tte dies nichts genutzt.<span class=\"Apple-converted-space\">\u00a0<\/span><\/p>\n<p><strong>Anm.<\/strong>: Gedankenlosigkeit ist keine Entschuldigung denn: Was Wien am allerwenigsten braucht ist der Ruf, dass die Kulturhaupstadt Europas Menschen mit Behinderungen diskriminiert und ausgrenzt\u2026<\/p>\n","protected":false},"excerpt":{"rendered":"<p>Text: Pepo Meia (Erlebnisbericht) Leider nicht f\u00fcr alle Vom 1. bis 23. Juni 2019 fanden in allen Wiener Gemeindebezirken viele Kunst- und Kulturevents bei freiem Eintritt statt. Eigentlich eine gute Idee, jedoch auf barrierefreie Zug\u00e4nglichkeit wurde kaum Wert gelegt, wie dieses Negativbeispiel zeigt. Gedankenlosigkeit bei Wanderausstellung von Manfred Deix in D\u00f6blinger Park Die Wanderausstellung von&#8230; <a href=\"https:\/\/bmin.info\/WP\/2019\/06\/20\/wir-sind-wien-festival-deix-in-the-city\/\" class=\"more-link\">Continue reading <span class=\"screen-reader-text\">WIR SIND WIEN.FESTIVAL: Deix in the City<\/span><\/a><\/p>\n","protected":false},"author":3,"featured_media":0,"comment_status":"closed","ping_status":"closed","sticky":false,"template":"","format":"standard","meta":{"footnotes":""},"categories":[3],"tags":[],"class_list":["post-6589","post","type-post","status-publish","format-standard","hentry","category-info"],"_links":{"self":[{"href":"https:\/\/bmin.info\/WP\/wp-json\/wp\/v2\/posts\/6589","targetHints":{"allow":["GET"]}}],"collection":[{"href":"https:\/\/bmin.info\/WP\/wp-json\/wp\/v2\/posts"}],"about":[{"href":"https:\/\/bmin.info\/WP\/wp-json\/wp\/v2\/types\/post"}],"author":[{"embeddable":true,"href":"https:\/\/bmin.info\/WP\/wp-json\/wp\/v2\/users\/3"}],"replies":[{"embeddable":true,"href":"https:\/\/bmin.info\/WP\/wp-json\/wp\/v2\/comments?post=6589"}],"version-history":[{"count":17,"href":"https:\/\/bmin.info\/WP\/wp-json\/wp\/v2\/posts\/6589\/revisions"}],"predecessor-version":[{"id":6629,"href":"https:\/\/bmin.info\/WP\/wp-json\/wp\/v2\/posts\/6589\/revisions\/6629"}],"wp:attachment":[{"href":"https:\/\/bmin.info\/WP\/wp-json\/wp\/v2\/media?parent=6589"}],"wp:term":[{"taxonomy":"category","embeddable":true,"href":"https:\/\/bmin.info\/WP\/wp-json\/wp\/v2\/categories?post=6589"},{"taxonomy":"post_tag","embeddable":true,"href":"https:\/\/bmin.info\/WP\/wp-json\/wp\/v2\/tags?post=6589"}],"curies":[{"name":"wp","href":"https:\/\/api.w.org\/{rel}","templated":true}]}}