{"id":6597,"date":"2019-06-26T05:10:33","date_gmt":"2019-06-26T04:10:33","guid":{"rendered":"https:\/\/bmin.info\/WP\/?p=6597"},"modified":"2019-06-27T07:14:38","modified_gmt":"2019-06-27T06:14:38","slug":"finanzausschuss-beschliesst-einstimmig-valorisierung-des-pflegegeldes","status":"publish","type":"post","link":"https:\/\/bmin.info\/WP\/2019\/06\/26\/finanzausschuss-beschliesst-einstimmig-valorisierung-des-pflegegeldes\/","title":{"rendered":"Finanzausschuss beschlie\u00dft einstimmig Valorisierung des Pflegegeldes"},"content":{"rendered":"<p>Parlamentskorrespondenz<br \/>\n<strong>Das Pflegegeld wird k\u00fcnftig valorisiert und damit j\u00e4hrlich dem Pensionsanpassungsfaktor entsprechend erh\u00f6ht, so der heutige Beschluss im Finanzausschuss.<\/strong><br \/>\nDie Abgeordneten stimmten einhellig dem von JETZT initiierten Antrag zu, der mittels Ab\u00e4nderungsantrag von einer Anlehnung an den Verbraucherpreisindex an den Pensionsanpassungsfaktor ge\u00e4ndert wurde.<\/p>\n<p><strong>Finanzausschuss einig \u00fcber Valorisierung des Pflegegelds<\/strong><br \/>\nDas Bundespflegegeldgesetz wird dahingehend novelliert, dass Beitragsh\u00f6he des Pflegegeldes sich am Pensionsanpassungsfaktor orientiert und ab 2020 j\u00e4hrlich erh\u00f6ht wird (678\/A). Bruno Rossmann (JETZT) begr\u00fcndet seine Forderung damit, dass die Wertverluste der letzten Jahre erheblich seien und die Regierungsparteien erst k\u00fcrzlich f\u00fcr eine automatische Anpassung an die Inflation stimmten &#8211; allerdings bei der Parteienf\u00f6rderung. Wahlzuckerl sei dies jedenfalls keines, vielmehr handle es sich um eine notwendige, kleine Verbesserung, so Rossmann. Die Kosten daf\u00fcr wurden mit 50 Mio. \u20ac j\u00e4hrlich beziffert.<\/p>\n<p>Trotz Kritik am freien Spiel der Kr\u00e4fte stimmte Gerald Loacker seitens der NEOS zu. Obwohl sich Gerhard Kaniak (FP\u00d6) ein gr\u00f6\u00dferes Paket, insbesondere die Evaluierung der H\u00f6he des Pflegegeldes, gew\u00fcnscht h\u00e4tte, stimmte auch die FP\u00d6 f\u00fcr die Valorisierung. Andreas Hanger (\u00d6VP) argumentierte f\u00fcr eine Differenzierung zwischen Betreuung und Pflege. Obwohl Kosten von 50 Mio. \u20ac j\u00e4hrlich nicht viel seien, belaufen sich die Kosten der Ma\u00dfnahme in der mittelfristigen Finanzplanung zwischen 400 und 500 Mio. \u20ac, sagte er. Schlie\u00dflich wurde die j\u00e4hrliche Anhebung des Pflegegeldes einstimmig beschlossen.<\/p>\n<p>Artikel und Presseaussendungen zum Thema:<br \/>\n<a href=\"https:\/\/orf.at\/stories\/3128008\/\">Allparteieneinigung zu Valorisierung des Pflegegeldes<\/a> (orf.at)<br \/>\n<a href=\"https:\/\/www.ots.at\/presseaussendung\/OTS_20190625_OTS0116\/rossmann-pflegebeduerftige-gehoeren-zu-den-verdienten-gewinnern-im-freien-spiel-der-kraefte\">Rossmann: Pflegebed\u00fcrftige geh\u00f6ren zu den verdienten Gewinnern im freien Spiel der Kr\u00e4fte<\/a> (ots.at)<br \/>\n<a href=\"https:\/\/www.ots.at\/presseaussendung\/OTS_20190625_OTS0138\/spoe-erfreut-ueber-fuenfparteien-einigung-zu-pflegegeld-erhoehung-muchitsch-es-geht-was-weiter\">SP\u00d6 erfreut \u00fcber F\u00fcnfparteien-Einigung zu Pflegegeld-Erh\u00f6hung<\/a> (ots.at)<br \/>\n<a href=\"https:\/\/www.bizeps.or.at\/ab-1-juli-1993-gibt-es-in-oesterreich-ein-bundespflegegesetz\/\">Ab 1. Juli 1993 gibt es in \u00d6sterreich ein Bundespflegegesetz<\/a> (bizeps.or.at)<br \/>\n<a href=\"https:\/\/www.bizeps.or.at\/protestkundgebung-am-22-9-1995-um-11-uhr-am-ballhausplatz-vor-dem-bundeskanzleramt\/\">Protestkundgebung am 22. 9. 1995 um 11 Uhr am Ballhausplatz vor dem Bundeskanzleramt<\/a> (bizeps.or.at)<br \/>\n<a href=\"https:\/\/www.bizeps.or.at\/wie-soll-die-pflegevorsorge-weiterentwickelt-werden\/\">Wie soll die Pflegevorsorge weiterentwickelt werden<\/a> (bizeps.or.at)<\/p>\n","protected":false},"excerpt":{"rendered":"<p>Parlamentskorrespondenz Das Pflegegeld wird k\u00fcnftig valorisiert und damit j\u00e4hrlich dem Pensionsanpassungsfaktor entsprechend erh\u00f6ht, so der heutige Beschluss im Finanzausschuss. Die Abgeordneten stimmten einhellig dem von JETZT initiierten Antrag zu, der mittels Ab\u00e4nderungsantrag von einer Anlehnung an den Verbraucherpreisindex an den Pensionsanpassungsfaktor ge\u00e4ndert wurde. Finanzausschuss einig \u00fcber Valorisierung des Pflegegelds Das Bundespflegegeldgesetz wird dahingehend novelliert, dass&#8230; <a href=\"https:\/\/bmin.info\/WP\/2019\/06\/26\/finanzausschuss-beschliesst-einstimmig-valorisierung-des-pflegegeldes\/\" class=\"more-link\">Continue reading <span class=\"screen-reader-text\">Finanzausschuss beschlie\u00dft einstimmig Valorisierung des Pflegegeldes<\/span><\/a><\/p>\n","protected":false},"author":3,"featured_media":0,"comment_status":"closed","ping_status":"closed","sticky":false,"template":"","format":"standard","meta":{"footnotes":""},"categories":[3],"tags":[],"class_list":["post-6597","post","type-post","status-publish","format-standard","hentry","category-info"],"_links":{"self":[{"href":"https:\/\/bmin.info\/WP\/wp-json\/wp\/v2\/posts\/6597","targetHints":{"allow":["GET"]}}],"collection":[{"href":"https:\/\/bmin.info\/WP\/wp-json\/wp\/v2\/posts"}],"about":[{"href":"https:\/\/bmin.info\/WP\/wp-json\/wp\/v2\/types\/post"}],"author":[{"embeddable":true,"href":"https:\/\/bmin.info\/WP\/wp-json\/wp\/v2\/users\/3"}],"replies":[{"embeddable":true,"href":"https:\/\/bmin.info\/WP\/wp-json\/wp\/v2\/comments?post=6597"}],"version-history":[{"count":5,"href":"https:\/\/bmin.info\/WP\/wp-json\/wp\/v2\/posts\/6597\/revisions"}],"predecessor-version":[{"id":6635,"href":"https:\/\/bmin.info\/WP\/wp-json\/wp\/v2\/posts\/6597\/revisions\/6635"}],"wp:attachment":[{"href":"https:\/\/bmin.info\/WP\/wp-json\/wp\/v2\/media?parent=6597"}],"wp:term":[{"taxonomy":"category","embeddable":true,"href":"https:\/\/bmin.info\/WP\/wp-json\/wp\/v2\/categories?post=6597"},{"taxonomy":"post_tag","embeddable":true,"href":"https:\/\/bmin.info\/WP\/wp-json\/wp\/v2\/tags?post=6597"}],"curies":[{"name":"wp","href":"https:\/\/api.w.org\/{rel}","templated":true}]}}