{"id":6872,"date":"2019-08-28T07:56:46","date_gmt":"2019-08-28T06:56:46","guid":{"rendered":"https:\/\/bmin.info\/WP\/?p=6872"},"modified":"2019-08-28T17:30:18","modified_gmt":"2019-08-28T16:30:18","slug":"slioe-fragen-und-antworten-zur-behindertenpolitik-nationalratswahl-wahl-2019","status":"publish","type":"post","link":"https:\/\/bmin.info\/WP\/2019\/08\/28\/slioe-fragen-und-antworten-zur-behindertenpolitik-nationalratswahl-wahl-2019\/","title":{"rendered":"SLI\u00d6: Fragen und Antworten zur Behindertenpolitik Nationalratswahl-Wahl 2019"},"content":{"rendered":"<p>Text: SLI\u00d6<br \/>\n<b><i>Was d\u00fcrfen wir f\u00fcr die zuk\u00fcnftige Behindertenpolitik erwarten?<br \/>\n<\/i><\/b><a href=\"https:\/\/bmin.info\/WP\/wp-content\/uploads\/2019\/08\/logo_slioe_n_380x300.jpg\"><img loading=\"lazy\" decoding=\"async\" class=\"wp-image-6883 alignright\" src=\"https:\/\/bmin.info\/WP\/wp-content\/uploads\/2019\/08\/logo_slioe_n_380x300-300x237.jpg\" alt=\"\" width=\"168\" height=\"133\" srcset=\"https:\/\/bmin.info\/WP\/wp-content\/uploads\/2019\/08\/logo_slioe_n_380x300-300x237.jpg 300w, https:\/\/bmin.info\/WP\/wp-content\/uploads\/2019\/08\/logo_slioe_n_380x300-144x114.jpg 144w, https:\/\/bmin.info\/WP\/wp-content\/uploads\/2019\/08\/logo_slioe_n_380x300.jpg 380w\" sizes=\"auto, (max-width: 168px) 100vw, 168px\" \/><\/a>Anl\u00e4sslich der Nationalratswahl am 29. September 2019 hat SLI\u00d6 &#8211; Selbstbestimmt Leben \u00d6sterreich an die zum Nationalrat kandidierenden Parteien, neun Fragen zu zentralen Themen der Behindertenpolitik in \u00d6sterreich gestellt.<\/p>\n<p>Die kandidierenden Parteien wurden von SLI\u00d6 gebeten, in kurzer und pr\u00e4gnanter Form und mit Ja\/Nein zu antworten.<span class=\"Apple-converted-space\">\u00a0<\/span><\/p>\n<p>Frage 1 &#8211; zu Pers\u00f6nlicher Assistenz<br \/>\nFrage 2 &#8211; zur Wohnbauf\u00f6rderung und Barrierefreiheit<br \/>\nFrage 3 &#8211; zur Gewerbeordnung und Barrierefreiheit<br \/>\nFrage 4 &#8211; zu Beseitigungs- und Unterlassungsanspruch bei Diskriminierung<br \/>\nFrage 5 \u2013 zu Erh\u00f6hung der Ausgleichstaxe<br \/>\nFrage 6 \u2013 zu Lohn statt Taschengeld<br \/>\nFrage 7 &#8211; zu schulischer Inklusion<br \/>\nFrage 8 &#8211; zu De-Institutionalisierung<br \/>\nFrage 9 &#8211; zu Staatssekretariat f\u00fcr Fragen von Menschen mit Behinderungen<\/p>\n<p><em>Bis jetzt liegen die Antworten (in der Reihenfolge des Einlangens) von den GR\u00dcNEN, der SP\u00d6, NEOS, JETZT, \u00d6VP und FP\u00d6 vor, die SLI\u00d6 auf <a href=\"https:\/\/www.sli\u00f6.at\/aktuelles\">seiner Website sli\u00f6.at<\/a> ver\u00f6ffentlicht hat. Die FP\u00d6 antwortete erst nach einer neuerlichen Bitte unsererseits. Die Antworten von KP\u00d6 und WANDEL sind noch nicht eingelangt und werden bei Eintreffen nachgetragen.<\/em><\/p>\n<p>SLI\u00d6 fordert von der neuen Regierung, dass endlich partei\u00fcbergreifend gehandelt wird, damit es tats\u00e4chlich zu brauchbaren L\u00f6sungen kommt.<\/p>\n<p><em>\u201cEin wichtiger Schritt w\u00e4re die Einrichtung eines Staatssekretariats f\u00fcr die Anliegen von Menschen mit Behinderungen im Bundeskanzleramt. Damit k\u00f6nnte die politische Verantwortung endlich ressort\u00fcbergreifend und bundesweit einheitlich wahrgenommen werden\u201c<\/em>, ist die Vorsitzende Bernadette Feuerstein \u00fcberzeugt.<\/p>\n","protected":false},"excerpt":{"rendered":"<p>Text: SLI\u00d6 Was d\u00fcrfen wir f\u00fcr die zuk\u00fcnftige Behindertenpolitik erwarten? Anl\u00e4sslich der Nationalratswahl am 29. September 2019 hat SLI\u00d6 &#8211; Selbstbestimmt Leben \u00d6sterreich an die zum Nationalrat kandidierenden Parteien, neun Fragen zu zentralen Themen der Behindertenpolitik in \u00d6sterreich gestellt. Die kandidierenden Parteien wurden von SLI\u00d6 gebeten, in kurzer und pr\u00e4gnanter Form und mit Ja\/Nein zu&#8230; <a href=\"https:\/\/bmin.info\/WP\/2019\/08\/28\/slioe-fragen-und-antworten-zur-behindertenpolitik-nationalratswahl-wahl-2019\/\" class=\"more-link\">Continue reading <span class=\"screen-reader-text\">SLI\u00d6: Fragen und Antworten zur Behindertenpolitik Nationalratswahl-Wahl 2019<\/span><\/a><\/p>\n","protected":false},"author":3,"featured_media":0,"comment_status":"closed","ping_status":"closed","sticky":false,"template":"","format":"standard","meta":{"footnotes":""},"categories":[3],"tags":[],"class_list":["post-6872","post","type-post","status-publish","format-standard","hentry","category-info"],"_links":{"self":[{"href":"https:\/\/bmin.info\/WP\/wp-json\/wp\/v2\/posts\/6872","targetHints":{"allow":["GET"]}}],"collection":[{"href":"https:\/\/bmin.info\/WP\/wp-json\/wp\/v2\/posts"}],"about":[{"href":"https:\/\/bmin.info\/WP\/wp-json\/wp\/v2\/types\/post"}],"author":[{"embeddable":true,"href":"https:\/\/bmin.info\/WP\/wp-json\/wp\/v2\/users\/3"}],"replies":[{"embeddable":true,"href":"https:\/\/bmin.info\/WP\/wp-json\/wp\/v2\/comments?post=6872"}],"version-history":[{"count":9,"href":"https:\/\/bmin.info\/WP\/wp-json\/wp\/v2\/posts\/6872\/revisions"}],"predecessor-version":[{"id":6921,"href":"https:\/\/bmin.info\/WP\/wp-json\/wp\/v2\/posts\/6872\/revisions\/6921"}],"wp:attachment":[{"href":"https:\/\/bmin.info\/WP\/wp-json\/wp\/v2\/media?parent=6872"}],"wp:term":[{"taxonomy":"category","embeddable":true,"href":"https:\/\/bmin.info\/WP\/wp-json\/wp\/v2\/categories?post=6872"},{"taxonomy":"post_tag","embeddable":true,"href":"https:\/\/bmin.info\/WP\/wp-json\/wp\/v2\/tags?post=6872"}],"curies":[{"name":"wp","href":"https:\/\/api.w.org\/{rel}","templated":true}]}}