{"id":6881,"date":"2019-08-28T12:03:59","date_gmt":"2019-08-28T11:03:59","guid":{"rendered":"https:\/\/bmin.info\/WP\/?p=6881"},"modified":"2019-08-30T09:56:58","modified_gmt":"2019-08-30T08:56:58","slug":"karl-marx-hof-geschaefte-barrierefrei-gestalten","status":"publish","type":"post","link":"https:\/\/bmin.info\/WP\/2019\/08\/28\/karl-marx-hof-geschaefte-barrierefrei-gestalten\/","title":{"rendered":"Karl-Marx-Hof: Gesch\u00e4fte barrierefrei gestalten"},"content":{"rendered":"<p>Text: Pepo Meia, Niels Cimpa<br \/>\n<b><i>F\u00fcr ein barrierefreies Wien und ein inklusives Miteinander<br \/>\n<\/i><\/b>Als der <a href=\"https:\/\/de.wikipedia.org\/wiki\/Karl-Marx-Hof\">Karl-Marx-Hof<\/a> (KMH) vor rund 90 Jahren gebaut wurde, war Barrierefreiheit noch kein Thema, obwohl der Erste Weltkrieg noch gar nicht solange zu Ende war. Mit \u00fcber einem Kilometer, ist er weltweit der l\u00e4ngste zusammenh\u00e4ngende Wohnbau. Gesch\u00e4ftslokale, Kinderg\u00e4rten, Arztpraxen etc. sind im KMH angesiedelt &#8211; jedoch nicht zug\u00e4nglich f\u00fcr mobilit\u00e4tseingeschr\u00e4nkte Personen. Dies sollte sich \u00e4ndern.<\/p>\n<p><a href=\"https:\/\/bmin.info\/WP\/wp-content\/uploads\/2019\/08\/KMHKind1.jpg\"><img loading=\"lazy\" decoding=\"async\" class=\"wp-image-6894 alignnone\" src=\"https:\/\/bmin.info\/WP\/wp-content\/uploads\/2019\/08\/KMHKind1-300x225.jpg\" alt=\"\" width=\"400\" height=\"300\" srcset=\"https:\/\/bmin.info\/WP\/wp-content\/uploads\/2019\/08\/KMHKind1-300x225.jpg 300w, https:\/\/bmin.info\/WP\/wp-content\/uploads\/2019\/08\/KMHKind1-768x576.jpg 768w, https:\/\/bmin.info\/WP\/wp-content\/uploads\/2019\/08\/KMHKind1-1024x768.jpg 1024w, https:\/\/bmin.info\/WP\/wp-content\/uploads\/2019\/08\/KMHKind1-144x108.jpg 144w, https:\/\/bmin.info\/WP\/wp-content\/uploads\/2019\/08\/KMHKind1.jpg 1280w\" sizes=\"auto, (max-width: 400px) 100vw, 400px\" \/><\/a> <a href=\"https:\/\/bmin.info\/WP\/wp-content\/uploads\/2019\/08\/KMHKind2.jpg\"><img loading=\"lazy\" decoding=\"async\" class=\"size-medium wp-image-6906 alignnone\" src=\"https:\/\/bmin.info\/WP\/wp-content\/uploads\/2019\/08\/KMHKind2-225x300.jpg\" alt=\"\" width=\"225\" height=\"300\" srcset=\"https:\/\/bmin.info\/WP\/wp-content\/uploads\/2019\/08\/KMHKind2-225x300.jpg 225w, https:\/\/bmin.info\/WP\/wp-content\/uploads\/2019\/08\/KMHKind2-768x1024.jpg 768w, https:\/\/bmin.info\/WP\/wp-content\/uploads\/2019\/08\/KMHKind2-108x144.jpg 108w, https:\/\/bmin.info\/WP\/wp-content\/uploads\/2019\/08\/KMHKind2.jpg 960w\" sizes=\"auto, (max-width: 225px) 100vw, 225px\" \/><\/a><\/p>\n<p>Wie auf den Fotos zu erkennen, ist die Gehsteigbreite mehr als ausreichend (ca. f\u00fcnf Meter), um Rampenl\u00f6sungen f\u00fcr alle Gesch\u00e4fte zu erm\u00f6glichen. F\u00fcr ein einzelnes Gesch\u00e4ft ist es fast unm\u00f6glich einen normgerechten barrierefreien Zugang herzustellen. Deshalb braucht es eine einheitliche L\u00f6sung, wobei auch Bundesmittel f\u00fcr so ein Projekt zur Verf\u00fcgung gestellt werden m\u00fcssten.<\/p>\n<p><a href=\"https:\/\/bmin.info\/WP\/wp-content\/uploads\/2019\/08\/KMH3.jpg\">\u00a0\u00a0<\/a><a href=\"https:\/\/bmin.info\/WP\/wp-content\/uploads\/2019\/08\/KMH3.jpg\"><img loading=\"lazy\" decoding=\"async\" class=\"alignnone wp-image-6905\" src=\"https:\/\/bmin.info\/WP\/wp-content\/uploads\/2019\/08\/KMH3-225x300.jpg\" alt=\"\" width=\"200\" height=\"267\" srcset=\"https:\/\/bmin.info\/WP\/wp-content\/uploads\/2019\/08\/KMH3-225x300.jpg 225w, https:\/\/bmin.info\/WP\/wp-content\/uploads\/2019\/08\/KMH3-768x1024.jpg 768w, https:\/\/bmin.info\/WP\/wp-content\/uploads\/2019\/08\/KMH3-108x144.jpg 108w, https:\/\/bmin.info\/WP\/wp-content\/uploads\/2019\/08\/KMH3.jpg 960w\" sizes=\"auto, (max-width: 200px) 100vw, 200px\" \/><\/a> <a href=\"https:\/\/bmin.info\/WP\/wp-content\/uploads\/2019\/08\/KMH4.jpg\"><img loading=\"lazy\" decoding=\"async\" class=\"alignnone wp-image-6904\" src=\"https:\/\/bmin.info\/WP\/wp-content\/uploads\/2019\/08\/KMH4-225x300.jpg\" alt=\"\" width=\"200\" height=\"267\" srcset=\"https:\/\/bmin.info\/WP\/wp-content\/uploads\/2019\/08\/KMH4-225x300.jpg 225w, https:\/\/bmin.info\/WP\/wp-content\/uploads\/2019\/08\/KMH4-768x1024.jpg 768w, https:\/\/bmin.info\/WP\/wp-content\/uploads\/2019\/08\/KMH4-108x144.jpg 108w, https:\/\/bmin.info\/WP\/wp-content\/uploads\/2019\/08\/KMH4.jpg 960w\" sizes=\"auto, (max-width: 200px) 100vw, 200px\" \/><\/a>\u00a0<a href=\"https:\/\/bmin.info\/WP\/wp-content\/uploads\/2019\/08\/KMH5.jpg\"><img loading=\"lazy\" decoding=\"async\" class=\"alignnone wp-image-6900\" src=\"https:\/\/bmin.info\/WP\/wp-content\/uploads\/2019\/08\/KMH5-225x300.jpg\" alt=\"\" width=\"200\" height=\"267\" srcset=\"https:\/\/bmin.info\/WP\/wp-content\/uploads\/2019\/08\/KMH5-225x300.jpg 225w, https:\/\/bmin.info\/WP\/wp-content\/uploads\/2019\/08\/KMH5-768x1024.jpg 768w, https:\/\/bmin.info\/WP\/wp-content\/uploads\/2019\/08\/KMH5-108x144.jpg 108w, https:\/\/bmin.info\/WP\/wp-content\/uploads\/2019\/08\/KMH5.jpg 960w\" sizes=\"auto, (max-width: 200px) 100vw, 200px\" \/><\/a><\/p>\n<p>In einem der Gesch\u00e4ftslokale sind die Wohnpartner beheimatet. Diese haben ein normgerechtes Behinderten-WC, jedoch ist der Zugang nur \u00fcber eine mobile, nicht normgerechte Rampe m\u00f6glich. Ein Mitarbeiter erz\u00e4hlte uns, dass er sich beim Auslegen der mobilen Alu-Rampe den Finger eingezwickt hat. Au\u00dferdem ist sie nicht fixierbar.<\/p>\n<p><a href=\"https:\/\/bmin.info\/WP\/wp-content\/uploads\/2019\/08\/KMHWP1.jpg\">\u00a0\u00a0<\/a><a href=\"https:\/\/bmin.info\/WP\/wp-content\/uploads\/2019\/08\/KMHWP1.jpg\"><img loading=\"lazy\" decoding=\"async\" class=\"alignnone wp-image-6903\" src=\"https:\/\/bmin.info\/WP\/wp-content\/uploads\/2019\/08\/KMHWP1-225x300.jpg\" alt=\"\" width=\"200\" height=\"267\" srcset=\"https:\/\/bmin.info\/WP\/wp-content\/uploads\/2019\/08\/KMHWP1-225x300.jpg 225w, https:\/\/bmin.info\/WP\/wp-content\/uploads\/2019\/08\/KMHWP1-768x1024.jpg 768w, https:\/\/bmin.info\/WP\/wp-content\/uploads\/2019\/08\/KMHWP1-108x144.jpg 108w, https:\/\/bmin.info\/WP\/wp-content\/uploads\/2019\/08\/KMHWP1.jpg 960w\" sizes=\"auto, (max-width: 200px) 100vw, 200px\" \/><\/a> <a href=\"https:\/\/bmin.info\/WP\/wp-content\/uploads\/2019\/08\/KMHWP2.jpg\"><img loading=\"lazy\" decoding=\"async\" class=\"alignnone wp-image-6902\" src=\"https:\/\/bmin.info\/WP\/wp-content\/uploads\/2019\/08\/KMHWP2-225x300.jpg\" alt=\"\" width=\"200\" height=\"267\" srcset=\"https:\/\/bmin.info\/WP\/wp-content\/uploads\/2019\/08\/KMHWP2-225x300.jpg 225w, https:\/\/bmin.info\/WP\/wp-content\/uploads\/2019\/08\/KMHWP2-768x1024.jpg 768w, https:\/\/bmin.info\/WP\/wp-content\/uploads\/2019\/08\/KMHWP2-108x144.jpg 108w, https:\/\/bmin.info\/WP\/wp-content\/uploads\/2019\/08\/KMHWP2.jpg 960w\" sizes=\"auto, (max-width: 200px) 100vw, 200px\" \/><\/a> <a href=\"https:\/\/bmin.info\/WP\/wp-content\/uploads\/2019\/08\/KMHWP3.jpg\"><img loading=\"lazy\" decoding=\"async\" class=\"alignnone wp-image-6901\" src=\"https:\/\/bmin.info\/WP\/wp-content\/uploads\/2019\/08\/KMHWP3-225x300.jpg\" alt=\"\" width=\"200\" height=\"267\" srcset=\"https:\/\/bmin.info\/WP\/wp-content\/uploads\/2019\/08\/KMHWP3-225x300.jpg 225w, https:\/\/bmin.info\/WP\/wp-content\/uploads\/2019\/08\/KMHWP3-768x1024.jpg 768w, https:\/\/bmin.info\/WP\/wp-content\/uploads\/2019\/08\/KMHWP3-108x144.jpg 108w, https:\/\/bmin.info\/WP\/wp-content\/uploads\/2019\/08\/KMHWP3.jpg 960w\" sizes=\"auto, (max-width: 200px) 100vw, 200px\" \/><\/a><\/p>\n<p>Eine normgerechte Rampe parallel zur Hauswand (120 cm breit) f\u00fcr alle Gesch\u00e4fte, w\u00fcrde das Problem l\u00f6sen. Die Kosten sind wohl \u00fcberschaubar.<\/p>\n<p><a href=\"https:\/\/bmin.info\/WP\/wp-content\/uploads\/2019\/08\/KMH6.jpg\"><img loading=\"lazy\" decoding=\"async\" class=\"alignnone wp-image-6897\" src=\"https:\/\/bmin.info\/WP\/wp-content\/uploads\/2019\/08\/KMH6-225x300.jpg\" alt=\"\" width=\"200\" height=\"267\" srcset=\"https:\/\/bmin.info\/WP\/wp-content\/uploads\/2019\/08\/KMH6-225x300.jpg 225w, https:\/\/bmin.info\/WP\/wp-content\/uploads\/2019\/08\/KMH6-768x1024.jpg 768w, https:\/\/bmin.info\/WP\/wp-content\/uploads\/2019\/08\/KMH6-108x144.jpg 108w, https:\/\/bmin.info\/WP\/wp-content\/uploads\/2019\/08\/KMH6.jpg 960w\" sizes=\"auto, (max-width: 200px) 100vw, 200px\" \/><\/a>\u00a0<a href=\"https:\/\/bmin.info\/WP\/wp-content\/uploads\/2019\/08\/KMH7Apo.jpg\"><img loading=\"lazy\" decoding=\"async\" class=\"alignnone wp-image-6896\" src=\"https:\/\/bmin.info\/WP\/wp-content\/uploads\/2019\/08\/KMH7Apo-225x300.jpg\" alt=\"\" width=\"200\" height=\"267\" srcset=\"https:\/\/bmin.info\/WP\/wp-content\/uploads\/2019\/08\/KMH7Apo-225x300.jpg 225w, https:\/\/bmin.info\/WP\/wp-content\/uploads\/2019\/08\/KMH7Apo-768x1024.jpg 768w, https:\/\/bmin.info\/WP\/wp-content\/uploads\/2019\/08\/KMH7Apo-108x144.jpg 108w, https:\/\/bmin.info\/WP\/wp-content\/uploads\/2019\/08\/KMH7Apo.jpg 960w\" sizes=\"auto, (max-width: 200px) 100vw, 200px\" \/><\/a> <a href=\"https:\/\/bmin.info\/WP\/wp-content\/uploads\/2019\/08\/KMH8Bahd.jpg\"><img loading=\"lazy\" decoding=\"async\" class=\"alignnone wp-image-6895\" src=\"https:\/\/bmin.info\/WP\/wp-content\/uploads\/2019\/08\/KMH8Bahd-225x300.jpg\" alt=\"\" width=\"200\" height=\"267\" srcset=\"https:\/\/bmin.info\/WP\/wp-content\/uploads\/2019\/08\/KMH8Bahd-225x300.jpg 225w, https:\/\/bmin.info\/WP\/wp-content\/uploads\/2019\/08\/KMH8Bahd-768x1024.jpg 768w, https:\/\/bmin.info\/WP\/wp-content\/uploads\/2019\/08\/KMH8Bahd-108x144.jpg 108w, https:\/\/bmin.info\/WP\/wp-content\/uploads\/2019\/08\/KMH8Bahd.jpg 960w\" sizes=\"auto, (max-width: 200px) 100vw, 200px\" \/><\/a><\/p>\n<p>Dieses Projekt m\u00fcsste vom Hauseigent\u00fcmer (Stadt Wien &#8211; Wiener Wohnen) ausgehen und nicht von den einzelnen Gesch\u00e4ften, denn wenn ein Gesch\u00e4ft nicht \u201emitspielt\u201c ist das ganze Projekt \u201egestorben\u201c. Bei Realisierung w\u00e4re dies ein Vorzeige-Beispiel f\u00fcr ein inklusives Miteinander.<\/p>\n","protected":false},"excerpt":{"rendered":"<p>Text: Pepo Meia, Niels Cimpa F\u00fcr ein barrierefreies Wien und ein inklusives Miteinander Als der Karl-Marx-Hof (KMH) vor rund 90 Jahren gebaut wurde, war Barrierefreiheit noch kein Thema, obwohl der Erste Weltkrieg noch gar nicht solange zu Ende war. Mit \u00fcber einem Kilometer, ist er weltweit der l\u00e4ngste zusammenh\u00e4ngende Wohnbau. Gesch\u00e4ftslokale, Kinderg\u00e4rten, Arztpraxen etc. sind&#8230; <a href=\"https:\/\/bmin.info\/WP\/2019\/08\/28\/karl-marx-hof-geschaefte-barrierefrei-gestalten\/\" class=\"more-link\">Continue reading <span class=\"screen-reader-text\">Karl-Marx-Hof: Gesch\u00e4fte barrierefrei gestalten<\/span><\/a><\/p>\n","protected":false},"author":3,"featured_media":0,"comment_status":"closed","ping_status":"closed","sticky":false,"template":"","format":"standard","meta":{"footnotes":""},"categories":[3],"tags":[],"class_list":["post-6881","post","type-post","status-publish","format-standard","hentry","category-info"],"_links":{"self":[{"href":"https:\/\/bmin.info\/WP\/wp-json\/wp\/v2\/posts\/6881","targetHints":{"allow":["GET"]}}],"collection":[{"href":"https:\/\/bmin.info\/WP\/wp-json\/wp\/v2\/posts"}],"about":[{"href":"https:\/\/bmin.info\/WP\/wp-json\/wp\/v2\/types\/post"}],"author":[{"embeddable":true,"href":"https:\/\/bmin.info\/WP\/wp-json\/wp\/v2\/users\/3"}],"replies":[{"embeddable":true,"href":"https:\/\/bmin.info\/WP\/wp-json\/wp\/v2\/comments?post=6881"}],"version-history":[{"count":15,"href":"https:\/\/bmin.info\/WP\/wp-json\/wp\/v2\/posts\/6881\/revisions"}],"predecessor-version":[{"id":6925,"href":"https:\/\/bmin.info\/WP\/wp-json\/wp\/v2\/posts\/6881\/revisions\/6925"}],"wp:attachment":[{"href":"https:\/\/bmin.info\/WP\/wp-json\/wp\/v2\/media?parent=6881"}],"wp:term":[{"taxonomy":"category","embeddable":true,"href":"https:\/\/bmin.info\/WP\/wp-json\/wp\/v2\/categories?post=6881"},{"taxonomy":"post_tag","embeddable":true,"href":"https:\/\/bmin.info\/WP\/wp-json\/wp\/v2\/tags?post=6881"}],"curies":[{"name":"wp","href":"https:\/\/api.w.org\/{rel}","templated":true}]}}