{"id":6983,"date":"2019-10-03T15:38:45","date_gmt":"2019-10-03T14:38:45","guid":{"rendered":"https:\/\/bmin.info\/WP\/?p=6983"},"modified":"2019-10-03T20:34:40","modified_gmt":"2019-10-03T19:34:40","slug":"fachtagung-auf-dem-weg-zu-einer-diskriminierungsfreien-gesellschaft","status":"publish","type":"post","link":"https:\/\/bmin.info\/WP\/2019\/10\/03\/fachtagung-auf-dem-weg-zu-einer-diskriminierungsfreien-gesellschaft\/","title":{"rendered":"Fachtagung: Auf dem Weg zu einer diskriminierungsfreien Gesellschaft?"},"content":{"rendered":"<p>Text: Pepo Meia<br \/>\nDie Behindertenanwaltschaft hat zusammen mit dem \u00d6GB und der Arbeiterkammer (AK) am 1. Oktober 2019 im \u00d6GB-Catamaran eine Fachtagung zum Thema Behinderung und Diskriminierung veranstaltet. Die Tagung unter dem Motto \u201eAuf dem Weg zu einer diskriminierungsfreien Gesellschaft? &#8211; Erfahrungen aufgrund Behinderung in \u00d6sterreich\u201c hat aufgezeigt, wie es um die Verwirklichung gleichberechtigter Teilhabe in der Gesellschaft tats\u00e4chlich aussieht, und welche Ma\u00dfnahmen dringend zu ergreifen sind.<\/p>\n<p>Diskriminierung ist ein breites Ph\u00e4nomen und betrifft viele Menschen in unterschiedlichen Lebensbereichen. Menschen mit Behinderungen sollten durch das Behindertengleichstellungspaket 2006 und die <a href=\"https:\/\/broschuerenservice.sozialministerium.at\/Home\/Download?publicationId=19\">UN-Behindertenrechtskonvention<\/a> gesch\u00fctzt sein\u2026 Aber! \u2013 Wie es um die Verwirklichung der gleichberechtigten Teilhabe in der Gesellschaft tats\u00e4chlich aussieht und welche Ma\u00dfnahmen dringend zu ergreifen sind, wurde auf dieser Fachtagung behandelt. Dabei wurden einerseits die Ergebnisse einer SORA-Studie vorgestellt, die im Auftrag der AK Wien durchgef\u00fchrt wurde, und andererseits berichteten Vertretungen der Menschen mit Behinderung \u00fcber ihre Erfahrungen, die sie tagt\u00e4glich in den Bereichen Arbeit, Wohnen, Gesundheit und Bildung erleben.<\/p>\n<p>Presseaussendungen zur Tagung:<br \/>\n<a href=\"https:\/\/www.ots.at\/presseaussendung\/OTS_20191001_OTS0022\/behindertenanwalt-benachteiligung-von-menschen-mit-behinderungen-ist-am-arbeitsmarkt-gang-und-gaebe\">Behindertenanwalt: \u201eBenachteiligung von Menschen mit Behinderungen ist am Arbeitsmarkt gang und g\u00e4be\u201c<\/a> <em>Studie zeigt, dass die Diskriminierung von Menschen mit Behinderungen in der Arbeitswelt trotz des vorhandenen gesetzlichen Diskrimierungsschutzes nach wie vor an der Tagesordnung ist.<\/em><\/p>\n<p><a href=\"https:\/\/www.ots.at\/presseaussendung\/OTS_20191001_OTS0080\/oegb-katzian-barrieren-fuer-menschen-mit-behinderung-abbauen-am-arbeitsmarkt-und-in-den-koepfen\">\u00d6GB-Katzian: Barrieren f\u00fcr Menschen mit Behinderung abbauen \u2013 am Arbeitsmarkt und in den K\u00f6pfen<\/a> <em>Chancen Nutzen B\u00fcro im \u00d6GB unterst\u00fctzt bei Arbeitsuche und Wiedereinstieg<\/em><\/p>\n<p><a href=\"https:\/\/www.ots.at\/presseaussendung\/OTS_20190930_OTS0090\/ak-umfrage-ein-drittel-der-menschen-mit-behinderung-fuehlt-sich-bei-arbeit-diskriminiert\">AK-Umfrage: Ein Drittel der Menschen mit Behinderung f\u00fchlt sich bei Arbeit diskriminiert<\/a> <em>Anderl: \u201eDie gesetzliche Gleichstellung wird gro\u00dfteils ignoriert\u201c<\/em><\/p>\n","protected":false},"excerpt":{"rendered":"<p>Text: Pepo Meia Die Behindertenanwaltschaft hat zusammen mit dem \u00d6GB und der Arbeiterkammer (AK) am 1. Oktober 2019 im \u00d6GB-Catamaran eine Fachtagung zum Thema Behinderung und Diskriminierung veranstaltet. Die Tagung unter dem Motto \u201eAuf dem Weg zu einer diskriminierungsfreien Gesellschaft? &#8211; Erfahrungen aufgrund Behinderung in \u00d6sterreich\u201c hat aufgezeigt, wie es um die Verwirklichung gleichberechtigter Teilhabe&#8230; <a href=\"https:\/\/bmin.info\/WP\/2019\/10\/03\/fachtagung-auf-dem-weg-zu-einer-diskriminierungsfreien-gesellschaft\/\" class=\"more-link\">Continue reading <span class=\"screen-reader-text\">Fachtagung: Auf dem Weg zu einer diskriminierungsfreien Gesellschaft?<\/span><\/a><\/p>\n","protected":false},"author":3,"featured_media":0,"comment_status":"closed","ping_status":"closed","sticky":false,"template":"","format":"standard","meta":{"footnotes":""},"categories":[3],"tags":[],"class_list":["post-6983","post","type-post","status-publish","format-standard","hentry","category-info"],"_links":{"self":[{"href":"https:\/\/bmin.info\/WP\/wp-json\/wp\/v2\/posts\/6983","targetHints":{"allow":["GET"]}}],"collection":[{"href":"https:\/\/bmin.info\/WP\/wp-json\/wp\/v2\/posts"}],"about":[{"href":"https:\/\/bmin.info\/WP\/wp-json\/wp\/v2\/types\/post"}],"author":[{"embeddable":true,"href":"https:\/\/bmin.info\/WP\/wp-json\/wp\/v2\/users\/3"}],"replies":[{"embeddable":true,"href":"https:\/\/bmin.info\/WP\/wp-json\/wp\/v2\/comments?post=6983"}],"version-history":[{"count":3,"href":"https:\/\/bmin.info\/WP\/wp-json\/wp\/v2\/posts\/6983\/revisions"}],"predecessor-version":[{"id":6989,"href":"https:\/\/bmin.info\/WP\/wp-json\/wp\/v2\/posts\/6983\/revisions\/6989"}],"wp:attachment":[{"href":"https:\/\/bmin.info\/WP\/wp-json\/wp\/v2\/media?parent=6983"}],"wp:term":[{"taxonomy":"category","embeddable":true,"href":"https:\/\/bmin.info\/WP\/wp-json\/wp\/v2\/categories?post=6983"},{"taxonomy":"post_tag","embeddable":true,"href":"https:\/\/bmin.info\/WP\/wp-json\/wp\/v2\/tags?post=6983"}],"curies":[{"name":"wp","href":"https:\/\/api.w.org\/{rel}","templated":true}]}}