{"id":6987,"date":"2019-10-07T19:54:00","date_gmt":"2019-10-07T18:54:00","guid":{"rendered":"https:\/\/bmin.info\/WP\/?p=6987"},"modified":"2019-10-09T08:54:53","modified_gmt":"2019-10-09T07:54:53","slug":"fcg-widmet-tag-der-menschenwuerdigen-arbeit-den-pflegenden-angehoerigen","status":"publish","type":"post","link":"https:\/\/bmin.info\/WP\/2019\/10\/07\/fcg-widmet-tag-der-menschenwuerdigen-arbeit-den-pflegenden-angehoerigen\/","title":{"rendered":"FCG widmet Tag der menschenw\u00fcrdigen Arbeit den pflegenden Angeh\u00f6rigen"},"content":{"rendered":"<p>Text: Fraktion Christlicher Gewerkschafter<br \/>\n<strong><em>FCG Bundesgesch\u00e4ftsf\u00fchrer Gosch: 21 Mrd. an Wertsch\u00f6pfung keine Lappalie<\/em><\/strong><br \/>\nWien (OTS\/FCG) &#8211; \u201eWussten Sie, dass pflegende Angeh\u00f6rige jedes Jahr Dienste im Wert von 21 Milliarden verrichten, ohne daf\u00fcr bezahlt zu werden?\u201c, stellt FCG-Bundesgesch\u00e4ftsf\u00fchrer Franz Gosch anl\u00e4sslich des Tages der menschenw\u00fcrdigen Arbeit die Frage in den Raum. In \u00d6sterreich gibt es beinahe eine Million pflegende Angeh\u00f6rige und knapp 50.000 Kinder, die ihre Eltern pflegen. Zwischen 80 und 90 Prozent davon sind Frauen bzw. M\u00e4dchen. Das sind allarmierende Zahlen. Diese Menschen tragen die Pflege in \u00d6sterreich ohne Arbeitszeitgesetz, ohne R\u00fcckhalt und teilweise, indem sie ihren Job aufgeben oder zumindest eine erhebliche Mehrbelastung in Kauf nehmen m\u00fcssen.<\/p>\n<p>\u201eFrauen d\u00fcrfen dadurch nicht arm und krank werden, der Staat darf diese Menschen nicht im Stich lassen\u201c, so Karin Zeisel, Bundesfrauenvorsitzende der Fraktion Christlicher GewerkschafterInnen in der GPA-djp weiter.<\/p>\n<p><strong>Neue Regierung muss ihre Hausaufgaben machen<\/strong><br \/>\n\u201eWir m\u00fcssen uns jeden Tag aufs Neue diesem Problem widmen und besser gestern als morgen L\u00f6sungen f\u00fcr die Betroffenen finden. Heute am Tag der menschenw\u00fcrdigen Arbeit wollen wir diesen Menschen besonders unseren Dank aussprechen und unsere Unterst\u00fctzung anbieten\u201c, so Gosch. Die FCG fordert ein individuelles Pflegekonzept, an die Lebensgegebenheiten der Menschen angepasst. Zuz\u00fcglich braucht es eine Lohnentgeltsfortzahlung f\u00fcr pflegende Angeh\u00f6rige. \u201eEine Million Menschen, die 21 Milliarden an Wertsch\u00f6pfung leisten, indem sie Aufgaben \u00fcbernehmen, die der Staat alleine nicht bew\u00e4ltigen k\u00f6nnte, d\u00fcrfen wir nicht im Regen stehen lassen. Ganz im Gegenteil. Es braucht dringend Ma\u00dfnahmen f\u00fcr diese Bev\u00f6lkerungsgruppe und wir erwarten uns, dass die neue Regierung dem Thema \u201ePflege\u201c schnellstens die h\u00f6chste Priorit\u00e4t einr\u00e4umt\u201c, fordern Zeisel und Gosch unisono.<\/p>\n<p>Presseaussendung zum Thema:<br \/>\n<a href=\"https:\/\/bmin.info\/WP\/2019\/09\/18\/verhoehnung-pflegender-angehoeriger\/\">Verh\u00f6hnung pflegender Angeh\u00f6riger<\/a><br \/>\n<em>Die Kurz-\u00d6VP w\u00e4lzt das Thema wieder auf die Familien, vorwiegend Frauen, aber auch auf Kinderarbeit ab<\/em><\/p>\n","protected":false},"excerpt":{"rendered":"<p>Text: Fraktion Christlicher Gewerkschafter FCG Bundesgesch\u00e4ftsf\u00fchrer Gosch: 21 Mrd. an Wertsch\u00f6pfung keine Lappalie Wien (OTS\/FCG) &#8211; \u201eWussten Sie, dass pflegende Angeh\u00f6rige jedes Jahr Dienste im Wert von 21 Milliarden verrichten, ohne daf\u00fcr bezahlt zu werden?\u201c, stellt FCG-Bundesgesch\u00e4ftsf\u00fchrer Franz Gosch anl\u00e4sslich des Tages der menschenw\u00fcrdigen Arbeit die Frage in den Raum. In \u00d6sterreich gibt es beinahe&#8230; <a href=\"https:\/\/bmin.info\/WP\/2019\/10\/07\/fcg-widmet-tag-der-menschenwuerdigen-arbeit-den-pflegenden-angehoerigen\/\" class=\"more-link\">Continue reading <span class=\"screen-reader-text\">FCG widmet Tag der menschenw\u00fcrdigen Arbeit den pflegenden Angeh\u00f6rigen<\/span><\/a><\/p>\n","protected":false},"author":3,"featured_media":0,"comment_status":"closed","ping_status":"closed","sticky":false,"template":"","format":"standard","meta":{"footnotes":""},"categories":[3],"tags":[],"class_list":["post-6987","post","type-post","status-publish","format-standard","hentry","category-info"],"_links":{"self":[{"href":"https:\/\/bmin.info\/WP\/wp-json\/wp\/v2\/posts\/6987","targetHints":{"allow":["GET"]}}],"collection":[{"href":"https:\/\/bmin.info\/WP\/wp-json\/wp\/v2\/posts"}],"about":[{"href":"https:\/\/bmin.info\/WP\/wp-json\/wp\/v2\/types\/post"}],"author":[{"embeddable":true,"href":"https:\/\/bmin.info\/WP\/wp-json\/wp\/v2\/users\/3"}],"replies":[{"embeddable":true,"href":"https:\/\/bmin.info\/WP\/wp-json\/wp\/v2\/comments?post=6987"}],"version-history":[{"count":2,"href":"https:\/\/bmin.info\/WP\/wp-json\/wp\/v2\/posts\/6987\/revisions"}],"predecessor-version":[{"id":6992,"href":"https:\/\/bmin.info\/WP\/wp-json\/wp\/v2\/posts\/6987\/revisions\/6992"}],"wp:attachment":[{"href":"https:\/\/bmin.info\/WP\/wp-json\/wp\/v2\/media?parent=6987"}],"wp:term":[{"taxonomy":"category","embeddable":true,"href":"https:\/\/bmin.info\/WP\/wp-json\/wp\/v2\/categories?post=6987"},{"taxonomy":"post_tag","embeddable":true,"href":"https:\/\/bmin.info\/WP\/wp-json\/wp\/v2\/tags?post=6987"}],"curies":[{"name":"wp","href":"https:\/\/api.w.org\/{rel}","templated":true}]}}