{"id":7005,"date":"2019-10-17T15:10:10","date_gmt":"2019-10-17T14:10:10","guid":{"rendered":"https:\/\/bmin.info\/WP\/?p=7005"},"modified":"2019-10-22T08:06:17","modified_gmt":"2019-10-22T07:06:17","slug":"wien-doebling-oevp-parteizentrale-nun-barrierefrei-zugaenglich","status":"publish","type":"post","link":"https:\/\/bmin.info\/WP\/2019\/10\/17\/wien-doebling-oevp-parteizentrale-nun-barrierefrei-zugaenglich\/","title":{"rendered":"Wien D\u00f6bling: \u00d6VP-Parteizentrale nun barrierefrei zug\u00e4nglich"},"content":{"rendered":"<p>Text: Pepo Meia, Niels Cimpa<br \/>\nNachdem die Umbauarbeiten in der \u00d6VP-Parteizentrale, Ecke Billrothstra\u00dfe &#8211; Pyrkergasse, abgeschlossen waren, hat uns der neue Bezirksvorsteher von D\u00f6bling, Daniel Resch, eingeladen, diese zu begutachten. Wie man auf den Fotos erkennen kann, sind die R\u00e4umlichkeiten im Erdgeschoss nun auch f\u00fcr mobilit\u00e4tseingeschr\u00e4nkte Personen zug\u00e4nglich.<\/p>\n<p><a href=\"https:\/\/bmin.info\/WP\/wp-content\/uploads\/2019\/10\/OEVP_PZ1.jpg\"><img loading=\"lazy\" decoding=\"async\" class=\"size-medium wp-image-7008 alignnone\" src=\"https:\/\/bmin.info\/WP\/wp-content\/uploads\/2019\/10\/OEVP_PZ1-300x225.jpg\" alt=\"\" width=\"300\" height=\"225\" srcset=\"https:\/\/bmin.info\/WP\/wp-content\/uploads\/2019\/10\/OEVP_PZ1-300x225.jpg 300w, https:\/\/bmin.info\/WP\/wp-content\/uploads\/2019\/10\/OEVP_PZ1-768x576.jpg 768w, https:\/\/bmin.info\/WP\/wp-content\/uploads\/2019\/10\/OEVP_PZ1-1024x768.jpg 1024w, https:\/\/bmin.info\/WP\/wp-content\/uploads\/2019\/10\/OEVP_PZ1-144x108.jpg 144w, https:\/\/bmin.info\/WP\/wp-content\/uploads\/2019\/10\/OEVP_PZ1.jpg 1660w\" sizes=\"auto, (max-width: 300px) 100vw, 300px\" \/><\/a> \u00a0\u00a0<a href=\"https:\/\/bmin.info\/WP\/wp-content\/uploads\/2019\/10\/OEVP_PZ2.jpg\"><img loading=\"lazy\" decoding=\"async\" class=\"size-medium wp-image-7009 alignnone\" src=\"https:\/\/bmin.info\/WP\/wp-content\/uploads\/2019\/10\/OEVP_PZ2-300x225.jpg\" alt=\"\" width=\"300\" height=\"225\" srcset=\"https:\/\/bmin.info\/WP\/wp-content\/uploads\/2019\/10\/OEVP_PZ2-300x225.jpg 300w, https:\/\/bmin.info\/WP\/wp-content\/uploads\/2019\/10\/OEVP_PZ2-768x576.jpg 768w, https:\/\/bmin.info\/WP\/wp-content\/uploads\/2019\/10\/OEVP_PZ2-1024x768.jpg 1024w, https:\/\/bmin.info\/WP\/wp-content\/uploads\/2019\/10\/OEVP_PZ2-144x108.jpg 144w, https:\/\/bmin.info\/WP\/wp-content\/uploads\/2019\/10\/OEVP_PZ2.jpg 1280w\" sizes=\"auto, (max-width: 300px) 100vw, 300px\" \/><\/a><\/p>\n<p>Einziger Wermutstropfen, das Behinderten-WC ist zu klein geraten und somit nicht normgerecht. Es ist zwar mit Haltegriffen ausgestattet, jedoch f\u00fcr Rollstuhlnutzer nicht uneingeschr\u00e4nkt benutzbar.<\/p>\n<p><a href=\"https:\/\/bmin.info\/WP\/wp-content\/uploads\/2019\/10\/OEVP_PZ3.jpg\"><img loading=\"lazy\" decoding=\"async\" class=\"size-medium wp-image-7010 alignnone\" src=\"https:\/\/bmin.info\/WP\/wp-content\/uploads\/2019\/10\/OEVP_PZ3-300x225.jpg\" alt=\"\" width=\"300\" height=\"225\" srcset=\"https:\/\/bmin.info\/WP\/wp-content\/uploads\/2019\/10\/OEVP_PZ3-300x225.jpg 300w, https:\/\/bmin.info\/WP\/wp-content\/uploads\/2019\/10\/OEVP_PZ3-768x576.jpg 768w, https:\/\/bmin.info\/WP\/wp-content\/uploads\/2019\/10\/OEVP_PZ3-1024x768.jpg 1024w, https:\/\/bmin.info\/WP\/wp-content\/uploads\/2019\/10\/OEVP_PZ3-144x108.jpg 144w, https:\/\/bmin.info\/WP\/wp-content\/uploads\/2019\/10\/OEVP_PZ3.jpg 1280w\" sizes=\"auto, (max-width: 300px) 100vw, 300px\" \/><\/a>\u00a0\u00a0 <a href=\"https:\/\/bmin.info\/WP\/wp-content\/uploads\/2019\/10\/OEVP_PZ4.jpg\"><img loading=\"lazy\" decoding=\"async\" class=\"size-medium wp-image-7011 alignnone\" src=\"https:\/\/bmin.info\/WP\/wp-content\/uploads\/2019\/10\/OEVP_PZ4-300x225.jpg\" alt=\"\" width=\"300\" height=\"225\" srcset=\"https:\/\/bmin.info\/WP\/wp-content\/uploads\/2019\/10\/OEVP_PZ4-300x225.jpg 300w, https:\/\/bmin.info\/WP\/wp-content\/uploads\/2019\/10\/OEVP_PZ4-768x576.jpg 768w, https:\/\/bmin.info\/WP\/wp-content\/uploads\/2019\/10\/OEVP_PZ4-1024x768.jpg 1024w, https:\/\/bmin.info\/WP\/wp-content\/uploads\/2019\/10\/OEVP_PZ4-144x108.jpg 144w, https:\/\/bmin.info\/WP\/wp-content\/uploads\/2019\/10\/OEVP_PZ4.jpg 1280w\" sizes=\"auto, (max-width: 300px) 100vw, 300px\" \/><\/a><\/p>\n<p>Auch Alt-Bezirksvorsteher \u201eAdi\u201c Tiller, der am 30. September seinen 80sten Geburtstag gefeiert hat, kam mit seiner Gattin gerade zu Besuch, als wir mit Daniel Resch das Behinderten-WC begutachtet haben. Tiller ist ja \u00d6VP-Bezirkschef und noch voller Tatendrang. Gesundheitlich geht es ihm wieder gut und man munkelt, dass er noch immer im Hintergrund in D\u00f6bling die F\u00e4den zieht\u2026<\/p>\n<p><strong>D\u00f6blinger SP\u00d6-Parteizentrale: M\u00e4ngel teilweise behoben<\/strong><br \/>\nAnschlie\u00dfend haben wir die nahegelegene D\u00f6blinger SP\u00d6-Parteizentrale, Ecke Billrothstra\u00dfe &#8211; Gatterburggasse, besucht, die ja bereits im Jahre 2013 umgebaut wurde. Einige M\u00e4ngel wurden bereits behoben. Die st\u00f6rende Glast\u00fcre wurde entfernt, somit ist nun der ungehinderte Zugang zum Treppenlift gew\u00e4hrleistet. Der fehlende Haltegriff beim Behinderten-WC wurde leider noch immer nicht montiert. Dies soll jedoch demn\u00e4chst erledigt werden. Wenn dem so ist, werden wir dar\u00fcber berichten.<\/p>\n<p>Artikel zum Thema:<br \/>\n<strong><a href=\"http:\/\/bmin.info\/WP\/2016\/02\/21\/sp-zentrale-doebling-offensichtliche-umbaumaengel-werden-ignoriert\/\">SP-Zentrale D\u00f6bling: Offensichtliche Umbaum\u00e4ngel werden ignoriert<\/a><\/strong><br \/>\n<strong><em>Ein barrierefreies Zusammenleben erfordert \u201ebarrierefreies Denken\u201c<\/em><\/strong><br \/>\n<em>Wie in den BMIN-Nachrichten berichtet, wurde im Sommer 2013 die SP\u00d6-Parteizentrale in D\u00f6bling umgebaut. Auch wurden lobenswerterweise ein Schr\u00e4gaufzug und ein \u201eBehinderten-WC\u201c installiert. Immer wieder wurde auf Umbaum\u00e4ngel hingewiesen \u2013 bis jetzt leider erfolglos.<\/em><\/p>\n","protected":false},"excerpt":{"rendered":"<p>Text: Pepo Meia, Niels Cimpa Nachdem die Umbauarbeiten in der \u00d6VP-Parteizentrale, Ecke Billrothstra\u00dfe &#8211; Pyrkergasse, abgeschlossen waren, hat uns der neue Bezirksvorsteher von D\u00f6bling, Daniel Resch, eingeladen, diese zu begutachten. Wie man auf den Fotos erkennen kann, sind die R\u00e4umlichkeiten im Erdgeschoss nun auch f\u00fcr mobilit\u00e4tseingeschr\u00e4nkte Personen zug\u00e4nglich. \u00a0\u00a0 Einziger Wermutstropfen, das Behinderten-WC ist zu&#8230; <a href=\"https:\/\/bmin.info\/WP\/2019\/10\/17\/wien-doebling-oevp-parteizentrale-nun-barrierefrei-zugaenglich\/\" class=\"more-link\">Continue reading <span class=\"screen-reader-text\">Wien D\u00f6bling: \u00d6VP-Parteizentrale nun barrierefrei zug\u00e4nglich<\/span><\/a><\/p>\n","protected":false},"author":3,"featured_media":0,"comment_status":"closed","ping_status":"closed","sticky":false,"template":"","format":"standard","meta":{"footnotes":""},"categories":[3],"tags":[],"class_list":["post-7005","post","type-post","status-publish","format-standard","hentry","category-info"],"_links":{"self":[{"href":"https:\/\/bmin.info\/WP\/wp-json\/wp\/v2\/posts\/7005","targetHints":{"allow":["GET"]}}],"collection":[{"href":"https:\/\/bmin.info\/WP\/wp-json\/wp\/v2\/posts"}],"about":[{"href":"https:\/\/bmin.info\/WP\/wp-json\/wp\/v2\/types\/post"}],"author":[{"embeddable":true,"href":"https:\/\/bmin.info\/WP\/wp-json\/wp\/v2\/users\/3"}],"replies":[{"embeddable":true,"href":"https:\/\/bmin.info\/WP\/wp-json\/wp\/v2\/comments?post=7005"}],"version-history":[{"count":9,"href":"https:\/\/bmin.info\/WP\/wp-json\/wp\/v2\/posts\/7005\/revisions"}],"predecessor-version":[{"id":7030,"href":"https:\/\/bmin.info\/WP\/wp-json\/wp\/v2\/posts\/7005\/revisions\/7030"}],"wp:attachment":[{"href":"https:\/\/bmin.info\/WP\/wp-json\/wp\/v2\/media?parent=7005"}],"wp:term":[{"taxonomy":"category","embeddable":true,"href":"https:\/\/bmin.info\/WP\/wp-json\/wp\/v2\/categories?post=7005"},{"taxonomy":"post_tag","embeddable":true,"href":"https:\/\/bmin.info\/WP\/wp-json\/wp\/v2\/tags?post=7005"}],"curies":[{"name":"wp","href":"https:\/\/api.w.org\/{rel}","templated":true}]}}