{"id":7007,"date":"2019-10-11T15:01:42","date_gmt":"2019-10-11T14:01:42","guid":{"rendered":"https:\/\/bmin.info\/WP\/?p=7007"},"modified":"2019-10-19T15:13:08","modified_gmt":"2019-10-19T14:13:08","slug":"pressegespraech-von-behindertenanwalt-und-monitoring-ausschuss","status":"publish","type":"post","link":"https:\/\/bmin.info\/WP\/2019\/10\/11\/pressegespraech-von-behindertenanwalt-und-monitoring-ausschuss\/","title":{"rendered":"Pressegespr\u00e4ch von Behindertenanwalt und Monitoring-Ausschuss"},"content":{"rendered":"<p>Text: Behindertertenanwaltschaft \/ Monotoringausschuss<br \/><em>Thema des Pressegespr\u00e4chs am 10.\u00a0Oktober 2019 in den R\u00e4umlichkeiten\u00a0des Caf\u00e9 Landtmann\u00a0waren behinderungspolitische Forderungen an die\u00a0zuk\u00fcnftige Bundesregierung.<\/em><br \/>\u2028Obwohl seit der Ratifizierung der UN-Konvention \u00fcber die Rechte von Menschen mit Behinderungen und der Beschlussfassung des Behindertengleichstellungsgesetzes mehr als 10 Jahre vergangen sind, l\u00e4sst die Herstellung fl\u00e4chendeckender und umfassender Barrierefreiheit in \u00d6sterreich nach wie vor auf sich warten, halten <a href=\"https:\/\/www.monitoringausschuss.at\/christine-steger-neue-vorsitzende\/\">Christine Steger<\/a> (Vorsitzende des <a href=\"https:\/\/www.monitoringausschuss.at\/ueber-uns\/\">Monitoringausschusses<\/a>) und <a href=\"http:\/\/www.behindertenanwalt.gv.at\/behindertenanwalt\">Hansj\u00f6rg Hofer<\/a> (Behindertenanwalt) fest und erg\u00e4nzen: Mitunter sind sogar R\u00fcckschritte zu verzeichnen. Es k\u00f6nne nicht sein, dass es \u201evon der Postleitzahl abh\u00e4ngig ist\u201c, ob es beispielsweise die Bereitstellung pers\u00f6nlicher Assistenz im Privatbereich gibt oder nicht, sagte Hofer.<\/p>\n<p><strong>Leistungen unterschiedlich geregelt\u2028<\/strong><br \/>Auch etliche andere Leistungen seien in den einzelnen L\u00e4ndern unterschiedlich geregelt \u2013 \u201eVon zum Teil sehr gut bis fast nix\u201c, so Hofer, der diesbez\u00fcglich Rechtssicherheit f\u00fcr Menschen mit Behinderung verlangte. Dessen m\u00fcsse sich die kommende Regierung annehmen.<\/p>\n<p>Auch beim Nationalen Aktionsplan f\u00fcr Behinderung f\u00fcr die Periode 2021 bis 2030 m\u00fcsse diesem Aspekt entsprechend viel Raum gegeben werden. Denn der Vorg\u00e4ngerplan von 2012 bis 2020 sei ein \u201ereiner Bundesplan\u201c gewesen, so Hofer. Im neuen Plan m\u00fcssten neben der Einbindung der Betroffenen auch Indikatoren und Geldmittel definiert werden, um die gesetzten Ziele zu messen bzw. auch zu erreichen.<\/p>\n<p><strong>Wenig Fortschritte<\/strong><br \/>Der Aktionsplan sei das Mittel, um die UNO-Konvention \u00fcber die Rechte von Menschen mit Behinderung, die \u00d6sterreich 2008 ratifiziert hat, \u201eauf den Boden zu bekommen\u201c, sagte die Vorsitzende des Monitoringausschusses, Christine Steger: \u201eUnd wenn die L\u00e4nder und Kommunen nicht mitwirken, ist ausgeschlossen, dass die Konvention umgesetzt wird.\u201c Etwa im Bereich der Barrierefreiheit \u2013, gebe es aus Sicht des Monitoringausschusses kaum Verbesserungen.<\/p>\n<p><strong>Um die Ziele der UN-Konvention weiter voranzubringen, ist ein nachfolgender NAP f\u00fcr die Jahre 2021 bis 2030\u00a0notwendig. Dieser muss sich an den Zielen der UN-Konvention orientieren und darf keinesfalls eine Auflistung bereits vorhandener Leistungen sein.<\/strong><\/p>\n<p><a href=\"http:\/\/www.behindertenanwalt.gv.at\/fileadmin\/user_upload\/dokumente\/Presseunterlage_Pressegespra__ch_10.10.2019.pdf\">Presseaussendung<\/a>\u00a0&#8211; komplett (PDF)<\/p>\n<p>Artikel zum Thema:<br \/><a href=\"https:\/\/www.sn.at\/politik\/innenpolitik\/behindertenanwalt-fordert-einheitliche-standards-77475886\">Behindertenanwalt fordert einheitliche Standards<\/a> (Salzburger Nachrichten)<br \/><a href=\"https:\/\/orf.at\/stories\/3140381\/\">Behindertenanwalt f\u00fcr einheitliche Standards in L\u00e4ndern<\/a> (orf.at)<br \/><a href=\"https:\/\/bmin.info\/WP\/2019\/10\/08\/geduld-der-behindertenverbaende-erschoepft-forderungen-an-die-politik\/\">Geduld der Behindertenverb\u00e4nde ersch\u00f6pft \u2013 Forderungen an die Politik<br \/>\u2028<\/a><strong><em>Realisierung des inklusiven Arbeitsmarktes \u2013 Schaffung eines Staatssekretariats<\/em><\/strong><\/p>\n\n\n<p><\/p>\n","protected":false},"excerpt":{"rendered":"<p>Text: Behindertertenanwaltschaft \/ MonotoringausschussThema des Pressegespr\u00e4chs am 10.\u00a0Oktober 2019 in den R\u00e4umlichkeiten\u00a0des Caf\u00e9 Landtmann\u00a0waren behinderungspolitische Forderungen an die\u00a0zuk\u00fcnftige Bundesregierung.\u2028Obwohl seit der Ratifizierung der UN-Konvention \u00fcber die Rechte von Menschen mit Behinderungen und der Beschlussfassung des Behindertengleichstellungsgesetzes mehr als 10 Jahre vergangen sind, l\u00e4sst die Herstellung fl\u00e4chendeckender und umfassender Barrierefreiheit in \u00d6sterreich nach wie vor auf&#8230; <a href=\"https:\/\/bmin.info\/WP\/2019\/10\/11\/pressegespraech-von-behindertenanwalt-und-monitoring-ausschuss\/\" class=\"more-link\">Continue reading <span class=\"screen-reader-text\">Pressegespr\u00e4ch von Behindertenanwalt und Monitoring-Ausschuss<\/span><\/a><\/p>\n","protected":false},"author":3,"featured_media":0,"comment_status":"closed","ping_status":"closed","sticky":false,"template":"","format":"standard","meta":{"footnotes":""},"categories":[3],"tags":[],"class_list":["post-7007","post","type-post","status-publish","format-standard","hentry","category-info"],"_links":{"self":[{"href":"https:\/\/bmin.info\/WP\/wp-json\/wp\/v2\/posts\/7007","targetHints":{"allow":["GET"]}}],"collection":[{"href":"https:\/\/bmin.info\/WP\/wp-json\/wp\/v2\/posts"}],"about":[{"href":"https:\/\/bmin.info\/WP\/wp-json\/wp\/v2\/types\/post"}],"author":[{"embeddable":true,"href":"https:\/\/bmin.info\/WP\/wp-json\/wp\/v2\/users\/3"}],"replies":[{"embeddable":true,"href":"https:\/\/bmin.info\/WP\/wp-json\/wp\/v2\/comments?post=7007"}],"version-history":[{"count":4,"href":"https:\/\/bmin.info\/WP\/wp-json\/wp\/v2\/posts\/7007\/revisions"}],"predecessor-version":[{"id":7023,"href":"https:\/\/bmin.info\/WP\/wp-json\/wp\/v2\/posts\/7007\/revisions\/7023"}],"wp:attachment":[{"href":"https:\/\/bmin.info\/WP\/wp-json\/wp\/v2\/media?parent=7007"}],"wp:term":[{"taxonomy":"category","embeddable":true,"href":"https:\/\/bmin.info\/WP\/wp-json\/wp\/v2\/categories?post=7007"},{"taxonomy":"post_tag","embeddable":true,"href":"https:\/\/bmin.info\/WP\/wp-json\/wp\/v2\/tags?post=7007"}],"curies":[{"name":"wp","href":"https:\/\/api.w.org\/{rel}","templated":true}]}}