{"id":7025,"date":"2019-10-16T15:31:34","date_gmt":"2019-10-16T14:31:34","guid":{"rendered":"https:\/\/bmin.info\/WP\/?p=7025"},"modified":"2019-10-19T15:32:12","modified_gmt":"2019-10-19T14:32:12","slug":"neue-richtlinie-zur-persoenlichen-assistenz-am-arbeitsplatz","status":"publish","type":"post","link":"https:\/\/bmin.info\/WP\/2019\/10\/16\/neue-richtlinie-zur-persoenlichen-assistenz-am-arbeitsplatz\/","title":{"rendered":"Neue Richtlinie zur Pers\u00f6nlichen Assistenz am Arbeitsplatz"},"content":{"rendered":"<p>Text: Sozialministerium<br \/>\nWien (OTS) &#8211; Mit der \u00dcberarbeitung der Richtlinie f\u00fcr die Pers\u00f6nliche Assistenz am Arbeitsplatz wird eine weitere Ma\u00dfnahme des Inklusionspaketes umgesetzt, um noch mehr Menschen mit Behinderungen im Arbeitsalltag zu unterst\u00fctzen und berufliche Teilhabe sicherzustellen.<\/p>\n<p>\u201eBei der Pers\u00f6nlichen Assistenz am Arbeitsplatz handelt es sich um ein wesentliches Unterst\u00fctzungsinstrument f\u00fcr Menschen mit Behinderungen um nachhaltig am Berufsleben teilnehmen zu k\u00f6nnen. Umso mehr freut es mich, dass wir gemeinsam mit den Vertreterinnen und Vertretern von Menschen mit Behinderungen die Richtlinien adaptiert haben,\u201c zeigt sich Bundesministerin Brigitte Zarfl erfreut.<\/p>\n<p>Neben der \u00fcbersichtlicheren Gestaltung, ist im Rahmen der neuen Richtlinien die Gew\u00e4hrung der pers\u00f6nlichen Assistenz am Arbeitsplatz nun grunds\u00e4tzlich bereits ab Pflegegeldstufe 3 m\u00f6glich. Zus\u00e4tzlich besteht, um Menschen mit Behinderungen den Erwerb eines Arbeitsplatzes bzw. Einstieg ins Berufsleben zu erleichtern, ab sofort auch bei Aus\u00fcbung einer geringf\u00fcgigen Besch\u00e4ftigung die M\u00f6glichkeit eine Pers\u00f6nliche Assistenz am Arbeitsplatz in Anspruch zu nehmen. Um in weiterer Folge Nachteile im Rahmen der pensionsrechtlichen Anspr\u00fcche zu vermeiden, werden f\u00fcr die Dauer von bis zu einem Jahr die Beitr\u00e4ge der Selbstversicherung f\u00fcr die pers\u00f6nlichen Assistentinnen und Assistenten gem\u00e4\u00df \u00a7 19a ASVG (Kranken- und Pensionsversicherung) vom Bund \u00fcbernommen.<\/p>\n<p>Mit der \u00dcberarbeitung der Richtlinien wird eine weitere personenzentrierte Ma\u00dfnahme des Inklusionspakets umgesetzt. \u201eDie Richtlinie tritt mit 15. Oktober in Kraft. In Kombination mit den 2019 bereits umgesetzten Unterst\u00fctzungen, wie der Inklusionsf\u00f6rderung oder dem Inklusionsbonus f\u00fcr Lehrlinge, setzen wir einen weiteren wichtigen Schritt hin zu einer verbesserten beruflichen Teilhabe von Menschen mit Behinderungen,\u201c ist Zarfl \u00fcberzeugt.<\/p>\n","protected":false},"excerpt":{"rendered":"<p>Text: Sozialministerium Wien (OTS) &#8211; Mit der \u00dcberarbeitung der Richtlinie f\u00fcr die Pers\u00f6nliche Assistenz am Arbeitsplatz wird eine weitere Ma\u00dfnahme des Inklusionspaketes umgesetzt, um noch mehr Menschen mit Behinderungen im Arbeitsalltag zu unterst\u00fctzen und berufliche Teilhabe sicherzustellen. \u201eBei der Pers\u00f6nlichen Assistenz am Arbeitsplatz handelt es sich um ein wesentliches Unterst\u00fctzungsinstrument f\u00fcr Menschen mit Behinderungen um&#8230; <a href=\"https:\/\/bmin.info\/WP\/2019\/10\/16\/neue-richtlinie-zur-persoenlichen-assistenz-am-arbeitsplatz\/\" class=\"more-link\">Continue reading <span class=\"screen-reader-text\">Neue Richtlinie zur Pers\u00f6nlichen Assistenz am Arbeitsplatz<\/span><\/a><\/p>\n","protected":false},"author":3,"featured_media":0,"comment_status":"closed","ping_status":"closed","sticky":false,"template":"","format":"standard","meta":{"footnotes":""},"categories":[3],"tags":[],"class_list":["post-7025","post","type-post","status-publish","format-standard","hentry","category-info"],"_links":{"self":[{"href":"https:\/\/bmin.info\/WP\/wp-json\/wp\/v2\/posts\/7025","targetHints":{"allow":["GET"]}}],"collection":[{"href":"https:\/\/bmin.info\/WP\/wp-json\/wp\/v2\/posts"}],"about":[{"href":"https:\/\/bmin.info\/WP\/wp-json\/wp\/v2\/types\/post"}],"author":[{"embeddable":true,"href":"https:\/\/bmin.info\/WP\/wp-json\/wp\/v2\/users\/3"}],"replies":[{"embeddable":true,"href":"https:\/\/bmin.info\/WP\/wp-json\/wp\/v2\/comments?post=7025"}],"version-history":[{"count":1,"href":"https:\/\/bmin.info\/WP\/wp-json\/wp\/v2\/posts\/7025\/revisions"}],"predecessor-version":[{"id":7027,"href":"https:\/\/bmin.info\/WP\/wp-json\/wp\/v2\/posts\/7025\/revisions\/7027"}],"wp:attachment":[{"href":"https:\/\/bmin.info\/WP\/wp-json\/wp\/v2\/media?parent=7025"}],"wp:term":[{"taxonomy":"category","embeddable":true,"href":"https:\/\/bmin.info\/WP\/wp-json\/wp\/v2\/categories?post=7025"},{"taxonomy":"post_tag","embeddable":true,"href":"https:\/\/bmin.info\/WP\/wp-json\/wp\/v2\/tags?post=7025"}],"curies":[{"name":"wp","href":"https:\/\/api.w.org\/{rel}","templated":true}]}}