{"id":7032,"date":"2019-10-23T16:50:24","date_gmt":"2019-10-23T15:50:24","guid":{"rendered":"https:\/\/bmin.info\/WP\/?p=7032"},"modified":"2019-10-24T06:40:58","modified_gmt":"2019-10-24T05:40:58","slug":"bauliche-barrieren-einzigartige-form-der-rechtssicherheit","status":"publish","type":"post","link":"https:\/\/bmin.info\/WP\/2019\/10\/23\/bauliche-barrieren-einzigartige-form-der-rechtssicherheit\/","title":{"rendered":"Bauliche Barrieren: Einzigartige Form der Rechtssicherheit"},"content":{"rendered":"<p>Text: \u00d6ZIV Burgenland<br \/>\n<strong><em>Mit 01.November 2019 bietet der \u00d6ZIV Burgenland eine rechtliche Sicherheit f\u00fcr Bauherrn, Unternehmen und Organisationen in Bezug auf bauliche Barrierefreiheit in Verbindung mit dem Behindertengleichstellungsgesetz.<\/em><\/strong><br \/>\nDer \u00d6ZIV Burgenland ist eine im Jahr 1978 gegr\u00fcndete Interessensvertretung von und f\u00fcr Menschen mit Behinderungen. Ziel des \u00d6ZIV Burgenland ist es, die selbstbestimmte und gleichberechtigte Lebensf\u00fchrung von behinderten Menschen zu erm\u00f6glichen.<\/p>\n<p><strong>G\u00fctesiegel f\u00fcr bauliche Barrierefreiheit\u2028<\/strong><br \/>\n<a href=\"https:\/\/bmin.info\/WP\/wp-content\/uploads\/2019\/10\/\u00d6ZIV_Guetesiegel.jpg\"><img loading=\"lazy\" decoding=\"async\" class=\"alignleft  wp-image-7041\" src=\"https:\/\/bmin.info\/WP\/wp-content\/uploads\/2019\/10\/\u00d6ZIV_Guetesiegel-300x300.jpg\" alt=\"\" width=\"189\" height=\"189\" srcset=\"https:\/\/bmin.info\/WP\/wp-content\/uploads\/2019\/10\/\u00d6ZIV_Guetesiegel-300x300.jpg 300w, https:\/\/bmin.info\/WP\/wp-content\/uploads\/2019\/10\/\u00d6ZIV_Guetesiegel-150x150.jpg 150w, https:\/\/bmin.info\/WP\/wp-content\/uploads\/2019\/10\/\u00d6ZIV_Guetesiegel-768x768.jpg 768w, https:\/\/bmin.info\/WP\/wp-content\/uploads\/2019\/10\/\u00d6ZIV_Guetesiegel-144x144.jpg 144w, https:\/\/bmin.info\/WP\/wp-content\/uploads\/2019\/10\/\u00d6ZIV_Guetesiegel.jpg 960w\" sizes=\"auto, (max-width: 189px) 100vw, 189px\" \/><\/a>Diese einzigartige Kombination an Rechtssicherheit ist genau das, was die Verantwortlichen ben\u00f6tigen. Empfehlungen oder unverbindliche Umsetzungsvorschl\u00e4ge sind keine Grundlage f\u00fcr Investitionen und bringen im Ernstfall die Verantwortlichen in Bedr\u00e4ngnis, hier wollen wir Abhilfe schaffen. Mit profunder Expertise aus unserer langj\u00e4hrigen Erfahrung sind wir ein Garant f\u00fcr ordnungsgem\u00e4\u00dfe und nachhaltige Ausf\u00fchrung mit gr\u00f6\u00dftm\u00f6glicher Sicherheit f\u00fcr die Verantwortungstr\u00e4ger.<\/p>\n<p><strong>Barrierefreiheit: Thema mit viel Entwicklungspotential<\/strong><br \/>\nSeit 01.01.2016 gilt in \u00d6sterreich das Bundes-Behindertengleichstellungsgesetz (BGSTG) wonach Dienstleistungen und sonstige Angebote f\u00fcr behinderte Menschen im selben Umfang und in derselben Qualit\u00e4t zur Verf\u00fcgung stehen m\u00fcssen wie f\u00fcr die Allgemeinheit. Barrierefreiheit ist ein Thema mit viel Entwicklungspotential, wo es besondere Expertise ben\u00f6tigt, um die vorhandenen Geldmittel sinnvoll, nachhaltig und kosteneffizient einzusetzen.<\/p>\n<p>Heutzutage gewinnt Barrierefreiheit in allen Lebensbereichen immer mehr an Bedeutung, denn nicht nur f\u00fcr Menschen mit Behinderungen ist sie ausschlaggebend! Die demographische Entwicklung zeigt, dass wir Menschen immer \u00e4lter werden und das betrifft uns alle. Laut Statistik Austria waren Anfang 2019 im Burgenland 64.205 und in ganz \u00d6sterreich 1.668.559 Menschen \u00fcber 65 Jahre alt. Es ist evident, dass ein unmittelbarer Zusammenhang zwischen Alter und Behinderung besteht. Die Pflegebed\u00fcrftigkeit in \u00d6sterreich ist ebenfalls stark steigend, so haben im Jahr 2018 im Burgenland 19.048 und \u00f6sterreichweit 461.042 Menschen Pflegegeld bezogen (Quelle: Statistik Austria). Ein Unfall mit Folgen wie Beinbruch, B\u00e4nderriss etc. steigert zus\u00e4tzlich die Nachfrage nach barrierefreien Angeboten, sowie die Nutzung von Kinderw\u00e4gen oder die Bef\u00f6rderung von Gep\u00e4ckst\u00fccken.<\/p>\n<p>Das \u00d6ZIV Burgenland G\u00fctesiegel kann formlos, direkt beim \u00d6Z<br \/>\nIV Burgenland beantragt werden! N\u00e4here Informationen finden Sie auf unserer Webseite unter <a href=\"https:\/\/www.oeziv-burgenland.at\/de\/g\u00fctesiegel\/\">\u00d6ZIV-Burgenland\/G\u00fctesiegel<\/a><\/p>\n","protected":false},"excerpt":{"rendered":"<p>Text: \u00d6ZIV Burgenland Mit 01.November 2019 bietet der \u00d6ZIV Burgenland eine rechtliche Sicherheit f\u00fcr Bauherrn, Unternehmen und Organisationen in Bezug auf bauliche Barrierefreiheit in Verbindung mit dem Behindertengleichstellungsgesetz. Der \u00d6ZIV Burgenland ist eine im Jahr 1978 gegr\u00fcndete Interessensvertretung von und f\u00fcr Menschen mit Behinderungen. Ziel des \u00d6ZIV Burgenland ist es, die selbstbestimmte und gleichberechtigte Lebensf\u00fchrung&#8230; <a href=\"https:\/\/bmin.info\/WP\/2019\/10\/23\/bauliche-barrieren-einzigartige-form-der-rechtssicherheit\/\" class=\"more-link\">Continue reading <span class=\"screen-reader-text\">Bauliche Barrieren: Einzigartige Form der Rechtssicherheit<\/span><\/a><\/p>\n","protected":false},"author":3,"featured_media":0,"comment_status":"closed","ping_status":"closed","sticky":false,"template":"","format":"standard","meta":{"footnotes":""},"categories":[3],"tags":[],"class_list":["post-7032","post","type-post","status-publish","format-standard","hentry","category-info"],"_links":{"self":[{"href":"https:\/\/bmin.info\/WP\/wp-json\/wp\/v2\/posts\/7032","targetHints":{"allow":["GET"]}}],"collection":[{"href":"https:\/\/bmin.info\/WP\/wp-json\/wp\/v2\/posts"}],"about":[{"href":"https:\/\/bmin.info\/WP\/wp-json\/wp\/v2\/types\/post"}],"author":[{"embeddable":true,"href":"https:\/\/bmin.info\/WP\/wp-json\/wp\/v2\/users\/3"}],"replies":[{"embeddable":true,"href":"https:\/\/bmin.info\/WP\/wp-json\/wp\/v2\/comments?post=7032"}],"version-history":[{"count":7,"href":"https:\/\/bmin.info\/WP\/wp-json\/wp\/v2\/posts\/7032\/revisions"}],"predecessor-version":[{"id":7047,"href":"https:\/\/bmin.info\/WP\/wp-json\/wp\/v2\/posts\/7032\/revisions\/7047"}],"wp:attachment":[{"href":"https:\/\/bmin.info\/WP\/wp-json\/wp\/v2\/media?parent=7032"}],"wp:term":[{"taxonomy":"category","embeddable":true,"href":"https:\/\/bmin.info\/WP\/wp-json\/wp\/v2\/categories?post=7032"},{"taxonomy":"post_tag","embeddable":true,"href":"https:\/\/bmin.info\/WP\/wp-json\/wp\/v2\/tags?post=7032"}],"curies":[{"name":"wp","href":"https:\/\/api.w.org\/{rel}","templated":true}]}}