{"id":7051,"date":"2019-10-29T10:12:23","date_gmt":"2019-10-29T09:12:23","guid":{"rendered":"https:\/\/bmin.info\/WP\/?p=7051"},"modified":"2019-10-29T11:13:59","modified_gmt":"2019-10-29T10:13:59","slug":"menschen-mit-behinderungen-zur-abschreckung","status":"publish","type":"post","link":"https:\/\/bmin.info\/WP\/2019\/10\/29\/menschen-mit-behinderungen-zur-abschreckung\/","title":{"rendered":"Menschen mit Behinderungen &#8211; zur Abschreckung?!"},"content":{"rendered":"<p>Text: SLI\u00d6<br \/>\n<em><strong>\u00d6BB-Plakate \u00fcber die Gefahren an Bahnanlagen diskriminieren Menschen mit Behinderungen<\/strong><\/em><br \/>\nWien (OTS) &#8211; \u201eAbk\u00fcrzungen \u00fcber Bahngeleise sind lebensgef\u00e4hrlich\u201c steht auf Plakaten der \u00d6BB &#8211; um dies darzustellen, sieht man z.B. eine junge Frau mit Beinprothese oder einen Mann im Rollstuhl.<\/p>\n<p><a href=\"https:\/\/bmin.info\/WP\/wp-content\/uploads\/2019\/08\/logo_slioe_n_380x300.jpg\"><img loading=\"lazy\" decoding=\"async\" class=\"alignleft  wp-image-6883\" src=\"https:\/\/bmin.info\/WP\/wp-content\/uploads\/2019\/08\/logo_slioe_n_380x300-300x237.jpg\" alt=\"\" width=\"127\" height=\"101\" srcset=\"https:\/\/bmin.info\/WP\/wp-content\/uploads\/2019\/08\/logo_slioe_n_380x300-300x237.jpg 300w, https:\/\/bmin.info\/WP\/wp-content\/uploads\/2019\/08\/logo_slioe_n_380x300-144x114.jpg 144w, https:\/\/bmin.info\/WP\/wp-content\/uploads\/2019\/08\/logo_slioe_n_380x300.jpg 380w\" sizes=\"auto, (max-width: 127px) 100vw, 127px\" \/><\/a>Selbstbestimmt Leben \u00d6sterreich &#8211; <a href=\"https:\/\/www.sli\u00f6.at\">SLI\u00d6<\/a> kritisiert, dass die \u00d6BB mit dieser Kampagne die Vorurteile gegen\u00fcber Menschen mit Behinderungen ausn\u00fctzt und verst\u00e4rkt. \u201eWir sind schockiert, in dieser Kampagne werden wir als Opfer eines Fehlverhaltens dargestellt, wodurch ein verf\u00e4lschtes Bild in der Gesellschaft verbreitet wird!\u201c<\/p>\n<p>Das Bem\u00fchen der \u00d6BB gegen Unf\u00e4lle und unn\u00f6tigen Leichtsinn anzuk\u00e4mpfen ist prinzipiell anzuerkennen. So soll die Zielgruppe der Kampagne, vermutlich Jugendliche, geschult werden. Bewusstseinsbildung! \u2013 Ja, aber nicht mit dieser verkehrten Art, sich l\u00e4ngst \u00fcberholter Vorurteile zu bedienen.<br \/>\nSo werden weder konkrete Sicherheitsvorkehrungen getroffen, noch gezeigt, wie mit Unf\u00e4llen umgegangen und gelebt werden kann.<\/p>\n<p>Dabei widerspricht sich die \u00d6BB hier faktisch selbst; bei veralteten Bahnstationen ist viel zu h\u00e4ufig als einziger stufenloser Weg das \u201eQueren der Gleise\u201c vorgesehen.<\/p>\n<p>L\u00e4ngst \u00fcberf\u00e4llig ist die Umsetzung des Ma\u00dfnahmenkatalogs zum Eisenbahnverkehr. Sehr viele kleine Bahnh\u00f6fe und altes, wie neues Wagenmaterial sind noch immer nicht gleichberechtigt barrierefrei. In erster Linie ist ein aktualisierter Etappenplan dringend in den laufenden Regierungsverhandlungen zu verankern und z\u00fcgig umzusetzen. Nur so k\u00f6nnen die besonders im l\u00e4ndlichen Raum oft ausgrenzenden Angebote und gef\u00e4hrlich Situationen auf Bahnsteig-Zug\u00e4ngen beseitigt werden.<\/p>\n<p><strong>SLI\u00d6 fordert, diese Kampagne sofort einzustellen.<\/strong><br \/>\nAuch der \u00f6sterreichische Werberat, der f\u00fcr Kontrolle und Unterlassung gesetzwidriger und menschenverachtender Werbung zust\u00e4ndig ist, wird aufgerufen, sensibler auf diese diskriminierenden Werbebotschaften zu achten, um k\u00fcnftig in \u00d6sterreich solche &#8222;Entgleisungen&#8220; zu vermeiden.<\/p>\n<p>Presseaussendungen zum Thema<br \/>\n<a href=\"https:\/\/www.ots.at\/presseaussendung\/OTS_20191028_OTS0035\/behindertenanwalt-kritisiert-problematische-oebb-kampagne\">Behindertenanwalt kritisiert problematische \u00d6BB-Kampagne<\/a><\/p>\n<p><a href=\"https:\/\/www.ots.at\/presseaussendung\/OTS_20191028_OTS0040\/bizeps-fordert-oebb-soll-diskriminierende-kampagne-pass-auf-dich-auf-sofort-stoppen\">BIZEPS fordert: \u00d6BB soll diskriminierende Kampagne \u201ePass auf dich auf\u201c sofort stoppen<\/a><\/p>\n<p><a href=\"https:\/\/www.ots.at\/presseaussendung\/OTS_20191028_OTS0045\/diskriminierende-oebb-kampagne-will-mit-behinderungen-abschrecken\">Diskriminierende \u00d6BB-Kampagne will mit Behinderungen abschrecken (Monitoringausschuss)<\/a><\/p>\n<p>BMIN-Artikle zum Thema:<br \/>\n<a href=\"https:\/\/bmin.info\/WP\/2018\/11\/29\/stellungnahme-der-oebb-zum-neuen-talent-3\/\">Stellungnahme der \u00d6BB zum \u201eTALENT 3\u201c<\/a><\/p>\n<p><a href=\"https:\/\/bmin.info\/WP\/2018\/11\/05\/oebb-talent-rollstuhlnutzer-vergessen\/\">\u00d6BB \u201eTALENT\u201c: Rollstuhlnutzer vergessen?<\/a><\/p>\n","protected":false},"excerpt":{"rendered":"<p>Text: SLI\u00d6 \u00d6BB-Plakate \u00fcber die Gefahren an Bahnanlagen diskriminieren Menschen mit Behinderungen Wien (OTS) &#8211; \u201eAbk\u00fcrzungen \u00fcber Bahngeleise sind lebensgef\u00e4hrlich\u201c steht auf Plakaten der \u00d6BB &#8211; um dies darzustellen, sieht man z.B. eine junge Frau mit Beinprothese oder einen Mann im Rollstuhl. Selbstbestimmt Leben \u00d6sterreich &#8211; SLI\u00d6 kritisiert, dass die \u00d6BB mit dieser Kampagne die&#8230; <a href=\"https:\/\/bmin.info\/WP\/2019\/10\/29\/menschen-mit-behinderungen-zur-abschreckung\/\" class=\"more-link\">Continue reading <span class=\"screen-reader-text\">Menschen mit Behinderungen &#8211; zur Abschreckung?!<\/span><\/a><\/p>\n","protected":false},"author":3,"featured_media":0,"comment_status":"closed","ping_status":"closed","sticky":false,"template":"","format":"standard","meta":{"footnotes":""},"categories":[3],"tags":[],"class_list":["post-7051","post","type-post","status-publish","format-standard","hentry","category-info"],"_links":{"self":[{"href":"https:\/\/bmin.info\/WP\/wp-json\/wp\/v2\/posts\/7051","targetHints":{"allow":["GET"]}}],"collection":[{"href":"https:\/\/bmin.info\/WP\/wp-json\/wp\/v2\/posts"}],"about":[{"href":"https:\/\/bmin.info\/WP\/wp-json\/wp\/v2\/types\/post"}],"author":[{"embeddable":true,"href":"https:\/\/bmin.info\/WP\/wp-json\/wp\/v2\/users\/3"}],"replies":[{"embeddable":true,"href":"https:\/\/bmin.info\/WP\/wp-json\/wp\/v2\/comments?post=7051"}],"version-history":[{"count":4,"href":"https:\/\/bmin.info\/WP\/wp-json\/wp\/v2\/posts\/7051\/revisions"}],"predecessor-version":[{"id":7059,"href":"https:\/\/bmin.info\/WP\/wp-json\/wp\/v2\/posts\/7051\/revisions\/7059"}],"wp:attachment":[{"href":"https:\/\/bmin.info\/WP\/wp-json\/wp\/v2\/media?parent=7051"}],"wp:term":[{"taxonomy":"category","embeddable":true,"href":"https:\/\/bmin.info\/WP\/wp-json\/wp\/v2\/categories?post=7051"},{"taxonomy":"post_tag","embeddable":true,"href":"https:\/\/bmin.info\/WP\/wp-json\/wp\/v2\/tags?post=7051"}],"curies":[{"name":"wp","href":"https:\/\/api.w.org\/{rel}","templated":true}]}}