{"id":7310,"date":"2020-01-29T09:21:55","date_gmt":"2020-01-29T08:21:55","guid":{"rendered":"https:\/\/bmin.info\/WP\/?p=7310"},"modified":"2020-01-29T09:47:36","modified_gmt":"2020-01-29T08:47:36","slug":"nationalrat-2020-alle-bereichssprecherinnen-fuer-menschen-mit-behinderung","status":"publish","type":"post","link":"https:\/\/bmin.info\/WP\/2020\/01\/29\/nationalrat-2020-alle-bereichssprecherinnen-fuer-menschen-mit-behinderung\/","title":{"rendered":"Nationalrat 2020: Alle Bereichssprecherinnen f\u00fcr Menschen mit Behinderung"},"content":{"rendered":"<p>Text: BMIN<br \/>\n<em>Die neue Bundesregierung ist angelobt, nun sind auch alle Bereichssprecher bekannt &#8211; es sind f\u00fcnf Frauen, von denen nur eine eine sichtbare Behinderung hat.<\/em><\/p>\n<figure id=\"attachment_7318\" aria-describedby=\"caption-attachment-7318\" style=\"width: 170px\" class=\"wp-caption alignright\"><a href=\"https:\/\/bmin.info\/WP\/wp-content\/uploads\/2020\/01\/20171109_K_Gruenberg_SIMONIS.jpg\"><img loading=\"lazy\" decoding=\"async\" class=\" wp-image-7318\" src=\"https:\/\/bmin.info\/WP\/wp-content\/uploads\/2020\/01\/20171109_K_Gruenberg_SIMONIS-300x300.jpg\" alt=\"\" width=\"170\" height=\"170\" srcset=\"https:\/\/bmin.info\/WP\/wp-content\/uploads\/2020\/01\/20171109_K_Gruenberg_SIMONIS-300x300.jpg 300w, https:\/\/bmin.info\/WP\/wp-content\/uploads\/2020\/01\/20171109_K_Gruenberg_SIMONIS-1024x1024.jpg 1024w, https:\/\/bmin.info\/WP\/wp-content\/uploads\/2020\/01\/20171109_K_Gruenberg_SIMONIS-150x150.jpg 150w, https:\/\/bmin.info\/WP\/wp-content\/uploads\/2020\/01\/20171109_K_Gruenberg_SIMONIS-768x768.jpg 768w, https:\/\/bmin.info\/WP\/wp-content\/uploads\/2020\/01\/20171109_K_Gruenberg_SIMONIS-144x144.jpg 144w, https:\/\/bmin.info\/WP\/wp-content\/uploads\/2020\/01\/20171109_K_Gruenberg_SIMONIS.jpg 1280w\" sizes=\"auto, (max-width: 170px) 100vw, 170px\" \/><\/a><figcaption id=\"caption-attachment-7318\" class=\"wp-caption-text\">\u00a9 Parlamentsdir. \/ Photo Simonis<\/figcaption><\/figure>\n<p><b>\u00d6VP: Kira Gr\u00fcnberg<\/b> Geb.: 1993 in Innsbruck<br \/>\nBeruf: Revidentin<br \/>\nE-Mail: kira.gruenberg@parlament.gv.at<br \/>\n<span style=\"font-size: inherit;\">Biografie: <\/span><a style=\"font-size: inherit;\" href=\"https:\/\/de.wikipedia.org\/wiki\/Kira_Gr%C3%BCnberg\">Wikipedia<\/a><span style=\"font-size: inherit;\">, <\/span><a style=\"font-size: inherit;\" href=\"https:\/\/www.parlament.gv.at\/WWER\/PAD_01979\/index.shtml\">Parlament<\/a><br \/>\n<b>Anm.<\/b>: Gr\u00fcnberg ist die einzige Bereichssprecherin f\u00fcr Menschen mit Behinderung die eine sichtbare Behinderung hat (Rollstuhlnutzer). Dass die ehemalige Leichtathletin \u201e\u00d6VP-Behindertensprecherin\u201c ist, wird auf den diversen Webseiten fast verschwiegen\u2026<\/p>\n<figure id=\"attachment_7315\" aria-describedby=\"caption-attachment-7315\" style=\"width: 170px\" class=\"wp-caption alignright\"><a href=\"https:\/\/bmin.info\/WP\/wp-content\/uploads\/2020\/01\/20191023_V-Nussbaum_SIMONIS.jpg\"><img loading=\"lazy\" decoding=\"async\" class=\" wp-image-7315\" src=\"https:\/\/bmin.info\/WP\/wp-content\/uploads\/2020\/01\/20191023_V-Nussbaum_SIMONIS-300x300.jpg\" alt=\"\" width=\"170\" height=\"170\" srcset=\"https:\/\/bmin.info\/WP\/wp-content\/uploads\/2020\/01\/20191023_V-Nussbaum_SIMONIS-300x300.jpg 300w, https:\/\/bmin.info\/WP\/wp-content\/uploads\/2020\/01\/20191023_V-Nussbaum_SIMONIS-150x150.jpg 150w, https:\/\/bmin.info\/WP\/wp-content\/uploads\/2020\/01\/20191023_V-Nussbaum_SIMONIS-768x768.jpg 768w, https:\/\/bmin.info\/WP\/wp-content\/uploads\/2020\/01\/20191023_V-Nussbaum_SIMONIS-144x144.jpg 144w, https:\/\/bmin.info\/WP\/wp-content\/uploads\/2020\/01\/20191023_V-Nussbaum_SIMONIS.jpg 853w\" sizes=\"auto, (max-width: 170px) 100vw, 170px\" \/><\/a><figcaption id=\"caption-attachment-7315\" class=\"wp-caption-text\">\u00a9 Parlamentsdir. \/ Photo Simonis<\/figcaption><\/figure>\n<p><b><br \/>\nSP\u00d6: <\/b><b>Verena Nussbaum<\/b> Mag. Geb.: 1970 in Graz<br \/>\nBeruf: Angestellte<br \/>\nverena.nussbaum@parlament.gv.at<br \/>\nBiografie: <a href=\"https:\/\/de.wikipedia.org\/wiki\/Verena_Nussbaum\">Wikipedia<\/a>, <a href=\"https:\/\/www.parlament.gv.at\/WWER\/PAD_02334\/index.shtml\">Parlament<\/a><br \/>\n<b>Anm.<\/b>: Die Juristin wurde im Herbst 2013 zur Obfrau des Vorstandes der Steierm\u00e4rkischen Gebietskrankenkasse (STGKK) gew\u00e4hlt. Zudem ist sie Kammerr\u00e4tin der Fraktion Sozialdemokratischer Gewerkschafter (FSG) in der Arbeiterkammer Steiermark. Die Bundes-SP\u00d6 bleibt ihrer Linie treu und wurde noch nie durch durch einen \u201eBehindertensprecher\u201c mit einer sichtbaren Behinderung im Nationalrat vertreten. BMIN-Artikel: <a href=\"https:\/\/bmin.info\/WP\/2019\/12\/02\/verena-nussbaum-ist-behindertensprecherin-der-spoe\/\">Verena Nussbaum ist Behindertensprecherin der SP\u00d6<\/a><\/p>\n<figure id=\"attachment_7317\" aria-describedby=\"caption-attachment-7317\" style=\"width: 170px\" class=\"wp-caption alignright\"><a href=\"https:\/\/bmin.info\/WP\/wp-content\/uploads\/2020\/01\/2013_D_Berlakow_SIMONIS.jpg\"><img loading=\"lazy\" decoding=\"async\" class=\" wp-image-7317\" src=\"https:\/\/bmin.info\/WP\/wp-content\/uploads\/2020\/01\/2013_D_Berlakow_SIMONIS-300x300.jpg\" alt=\"\" width=\"170\" height=\"170\" srcset=\"https:\/\/bmin.info\/WP\/wp-content\/uploads\/2020\/01\/2013_D_Berlakow_SIMONIS-300x300.jpg 300w, https:\/\/bmin.info\/WP\/wp-content\/uploads\/2020\/01\/2013_D_Berlakow_SIMONIS-1024x1024.jpg 1024w, https:\/\/bmin.info\/WP\/wp-content\/uploads\/2020\/01\/2013_D_Berlakow_SIMONIS-150x150.jpg 150w, https:\/\/bmin.info\/WP\/wp-content\/uploads\/2020\/01\/2013_D_Berlakow_SIMONIS-768x768.jpg 768w, https:\/\/bmin.info\/WP\/wp-content\/uploads\/2020\/01\/2013_D_Berlakow_SIMONIS-144x144.jpg 144w, https:\/\/bmin.info\/WP\/wp-content\/uploads\/2020\/01\/2013_D_Berlakow_SIMONIS.jpg 1280w\" sizes=\"auto, (max-width: 170px) 100vw, 170px\" \/><\/a><figcaption id=\"caption-attachment-7317\" class=\"wp-caption-text\">\u00a9 Parlamentsdir. \/ Photo Simonis<\/figcaption><\/figure>\n<p><b><br \/>\nFP\u00d6: <\/b><b>Dagmar Belakowitsch<\/b> Dr. Geb.: 1968 in Wien<br \/>\nBeruf: Medizinerin<br \/>\ndagmar.belakowitsch@parlament.gv.at<br \/>\nBiografie: <a href=\"https:\/\/de.wikipedia.org\/wiki\/Dagmar_Belakowitsch\">Wikipedia<\/a>, <a href=\"https:\/\/www.parlament.gv.at\/WWER\/PAD_35468\/index.shtml\">Parlament<\/a><br \/>\n<b>Anm.<\/b>: Die \u201eFP-Behindertensprecherin\u201c ist seit 2006 im Nationalrat und seit 2017 die Nachfolgerin des ehemaligen Verkehrsministers und jetzigen FP-Parteichefs Ing. Norbert Hofer, der ja bekanntlich eine Mobilit\u00e4tseinschr\u00e4nkung hat. Belakowitsch ist auch Gesundheits- und Sozialsprecherin. Die \u00c4rztin tritt vehement gegen ein generelles Rauchverbot ein.<\/p>\n<figure id=\"attachment_7316\" aria-describedby=\"caption-attachment-7316\" style=\"width: 170px\" class=\"wp-caption alignright\"><a href=\"https:\/\/bmin.info\/WP\/wp-content\/uploads\/2020\/01\/20200122_H_Grebien_SIMONIS.jpg\"><img loading=\"lazy\" decoding=\"async\" class=\" wp-image-7316\" src=\"https:\/\/bmin.info\/WP\/wp-content\/uploads\/2020\/01\/20200122_H_Grebien_SIMONIS-300x300.jpg\" alt=\"\" width=\"170\" height=\"170\" srcset=\"https:\/\/bmin.info\/WP\/wp-content\/uploads\/2020\/01\/20200122_H_Grebien_SIMONIS-300x300.jpg 300w, https:\/\/bmin.info\/WP\/wp-content\/uploads\/2020\/01\/20200122_H_Grebien_SIMONIS-1024x1024.jpg 1024w, https:\/\/bmin.info\/WP\/wp-content\/uploads\/2020\/01\/20200122_H_Grebien_SIMONIS-150x150.jpg 150w, https:\/\/bmin.info\/WP\/wp-content\/uploads\/2020\/01\/20200122_H_Grebien_SIMONIS-768x768.jpg 768w, https:\/\/bmin.info\/WP\/wp-content\/uploads\/2020\/01\/20200122_H_Grebien_SIMONIS-144x144.jpg 144w, https:\/\/bmin.info\/WP\/wp-content\/uploads\/2020\/01\/20200122_H_Grebien_SIMONIS.jpg 1280w\" sizes=\"auto, (max-width: 170px) 100vw, 170px\" \/><\/a><figcaption id=\"caption-attachment-7316\" class=\"wp-caption-text\">\u00a9 Parlamentsdir. \/ Photo Simonis<\/figcaption><\/figure>\n<p><b><br \/>\nGR\u00dcNE: <\/b><b>Heike Grebien<\/b> Geb.: 1987 in Wagna (Stmk)<br \/>\nBeruf: Tourismuskauffrau und P\u00e4dagogin<br \/>\nheike.grebien@parlament.gv.at<br \/>\nBiografie: <a href=\"https:\/\/de.wikipedia.org\/wiki\/Heike_Grebien\">Wikipedia<\/a>, <a href=\"https:\/\/www.parlament.gv.at\/WWER\/PAD_06504\/index.shtml\">Parlament<\/a><br \/>\n<b>Anm.<\/b>: Grebien ist f\u00fcr die Behindertenbewegung ein \u201eunbeschriebenes Blatt\u201c. Es ist unseres Wissens das erste Mal seit die Gr\u00fcnen im Parlament sind, dass kein Betroffener &#8222;Behindertensprecher&#8220; geworden ist. BMIN-Artikel: <a href=\"https:\/\/bmin.info\/WP\/2020\/01\/21\/heike-grebien-ist-neue-behindertensprecherin-der-gruenen\/\">Heike Grebien ist neue Behindertensprecherin der GR\u00dcNEN<\/a><\/p>\n<figure id=\"attachment_7314\" aria-describedby=\"caption-attachment-7314\" style=\"width: 170px\" class=\"wp-caption alignright\"><a href=\"https:\/\/bmin.info\/WP\/wp-content\/uploads\/2020\/01\/20200110_F_Fiedler-TOPF.jpg\"><img loading=\"lazy\" decoding=\"async\" class=\" wp-image-7314\" src=\"https:\/\/bmin.info\/WP\/wp-content\/uploads\/2020\/01\/20200110_F_Fiedler-TOPF-300x300.jpg\" alt=\"\" width=\"170\" height=\"170\" srcset=\"https:\/\/bmin.info\/WP\/wp-content\/uploads\/2020\/01\/20200110_F_Fiedler-TOPF-300x300.jpg 300w, https:\/\/bmin.info\/WP\/wp-content\/uploads\/2020\/01\/20200110_F_Fiedler-TOPF-1024x1024.jpg 1024w, https:\/\/bmin.info\/WP\/wp-content\/uploads\/2020\/01\/20200110_F_Fiedler-TOPF-150x150.jpg 150w, https:\/\/bmin.info\/WP\/wp-content\/uploads\/2020\/01\/20200110_F_Fiedler-TOPF-768x768.jpg 768w, https:\/\/bmin.info\/WP\/wp-content\/uploads\/2020\/01\/20200110_F_Fiedler-TOPF-144x144.jpg 144w, https:\/\/bmin.info\/WP\/wp-content\/uploads\/2020\/01\/20200110_F_Fiedler-TOPF.jpg 1280w\" sizes=\"auto, (max-width: 170px) 100vw, 170px\" \/><\/a><figcaption id=\"caption-attachment-7314\" class=\"wp-caption-text\">\u00a9 Parlamentsdir. \/ Thomas Topf<\/figcaption><\/figure>\n<p><b><br \/>\nNEOS: <\/b><b>Fiona Fiedler<\/b> Geb.: 1976 in Klagenfurt<br \/>\nBeruf: Abgeordnete zum Nationalrat<br \/>\nBereichssprecherin f\u00fcr Menschen\u00a0mit Behinderungen und Tierschutz<br \/>\nfiona.fiedler@parlament.gv.at<br \/>\nBiografie: <a href=\"https:\/\/de.wikipedia.org\/wiki\/Fiona_Fiedler\">Wikipedia<\/a>, <a href=\"https:\/\/www.parlament.gv.at\/WWER\/PAD_05684\/index.shtml\">Parlament<\/a><br \/>\n<b>Anm.<\/b>: Die ehemalige Volksschullehrerin und ausgebildete Kinderchorleiterin ist verheiratet und Mutter zweier S\u00f6hne. Sie arbeitete auch in der Gastronomie.<\/p>\n<p><b><\/b>Mehr Infos zu den Bereichssprecherinnen unter: Biografien<br \/>\n<b><br \/>\nAnm.<\/b>: Ob eine Parlamentarierin betroffen ist oder nicht, sagt nichts \u00fcber ihr Engagement als Bereichssprecherin aus. Da aber Betroffene die Probleme behinderter Menschen hautnah erleben, sind wir der Meinung, dass vor allem diese Bev\u00f6lkerungsgruppe durch Bereichssprecher mit einer Behinderung vertreten werden sollten.<span class=\"Apple-converted-space\">\u00a0<\/span><\/p>\n","protected":false},"excerpt":{"rendered":"<p>Text: BMIN Die neue Bundesregierung ist angelobt, nun sind auch alle Bereichssprecher bekannt &#8211; es sind f\u00fcnf Frauen, von denen nur eine eine sichtbare Behinderung hat. \u00d6VP: Kira Gr\u00fcnberg Geb.: 1993 in Innsbruck Beruf: Revidentin E-Mail: kira.gruenberg@parlament.gv.at Biografie: Wikipedia, Parlament Anm.: Gr\u00fcnberg ist die einzige Bereichssprecherin f\u00fcr Menschen mit Behinderung die eine sichtbare Behinderung hat&#8230; <a href=\"https:\/\/bmin.info\/WP\/2020\/01\/29\/nationalrat-2020-alle-bereichssprecherinnen-fuer-menschen-mit-behinderung\/\" class=\"more-link\">Continue reading <span class=\"screen-reader-text\">Nationalrat 2020: Alle Bereichssprecherinnen f\u00fcr Menschen mit Behinderung<\/span><\/a><\/p>\n","protected":false},"author":3,"featured_media":0,"comment_status":"closed","ping_status":"closed","sticky":false,"template":"","format":"standard","meta":{"footnotes":""},"categories":[3],"tags":[],"class_list":["post-7310","post","type-post","status-publish","format-standard","hentry","category-info"],"_links":{"self":[{"href":"https:\/\/bmin.info\/WP\/wp-json\/wp\/v2\/posts\/7310","targetHints":{"allow":["GET"]}}],"collection":[{"href":"https:\/\/bmin.info\/WP\/wp-json\/wp\/v2\/posts"}],"about":[{"href":"https:\/\/bmin.info\/WP\/wp-json\/wp\/v2\/types\/post"}],"author":[{"embeddable":true,"href":"https:\/\/bmin.info\/WP\/wp-json\/wp\/v2\/users\/3"}],"replies":[{"embeddable":true,"href":"https:\/\/bmin.info\/WP\/wp-json\/wp\/v2\/comments?post=7310"}],"version-history":[{"count":27,"href":"https:\/\/bmin.info\/WP\/wp-json\/wp\/v2\/posts\/7310\/revisions"}],"predecessor-version":[{"id":7346,"href":"https:\/\/bmin.info\/WP\/wp-json\/wp\/v2\/posts\/7310\/revisions\/7346"}],"wp:attachment":[{"href":"https:\/\/bmin.info\/WP\/wp-json\/wp\/v2\/media?parent=7310"}],"wp:term":[{"taxonomy":"category","embeddable":true,"href":"https:\/\/bmin.info\/WP\/wp-json\/wp\/v2\/categories?post=7310"},{"taxonomy":"post_tag","embeddable":true,"href":"https:\/\/bmin.info\/WP\/wp-json\/wp\/v2\/tags?post=7310"}],"curies":[{"name":"wp","href":"https:\/\/api.w.org\/{rel}","templated":true}]}}