{"id":7434,"date":"2020-02-22T07:57:52","date_gmt":"2020-02-22T06:57:52","guid":{"rendered":"https:\/\/bmin.info\/WP\/?p=7434"},"modified":"2020-02-22T08:06:26","modified_gmt":"2020-02-22T07:06:26","slug":"barrierefreiheit-in-einkaufsstrassen-weiterhin-mangelhaft","status":"publish","type":"post","link":"https:\/\/bmin.info\/WP\/2020\/02\/22\/barrierefreiheit-in-einkaufsstrassen-weiterhin-mangelhaft\/","title":{"rendered":"Barrierefreiheit in Einkaufsstra\u00dfen weiterhin mangelhaft"},"content":{"rendered":"<p>Text: \u00d6ZIV-BURGENLAND<br \/>\n<em><strong>\u2028Gro\u00dfe Unterschiede in einzelnen Landeshauptst\u00e4dten<br \/>\n<\/strong><\/em>Seit 2016 m\u00fcssen unter anderem \u00f6ffentlich zug\u00e4ngliche Gesch\u00e4ftslokale nach dem Behindertengleichstellungs-Gesetz barrierefrei zug\u00e4nglich sein. Wie die aktuelle \u00d6ZIV-Einkaufsstra\u00dfen-Studie zeigt, hinkt die Realit\u00e4t dem Gesetz allerdings weit hinterher und Verbesserungen erfolgen nur \u00e4u\u00dferst schleppend. Von den vier untersuchten Landeshauptst\u00e4dten landete Eisenstadt hinsichtlich Barrierefreiheit am vorletzten Platz.<\/p>\n<p>Untersucht wurden Einkaufsstra\u00dfen in den Landeshauptst\u00e4dten Eisenstadt, Innsbruck, St. P\u00f6lten und Salzburg. In der Studie von vor 2 Jahren lag der Anteil der stufenlos zug\u00e4nglichen Gesch\u00e4fte bei 50,8% &#8211; somit gab es seit damals so gut wie keine Verbesserung bez\u00fcglich der Barrierefreiheit.<\/p>\n<p>Insgesamt ist festzustellen, dass die gesetzlich verankerte Barrierefreiheit noch bei weitem nicht umgesetzt ist. F\u00fcr die Kommunen und Einkaufsstra\u00dfen gibt es noch jede Menge Verbesserungsbedarf. Eine Reihe von Gesch\u00e4ften verf\u00fcgt \u00fcber Stufen zwischen 3 und 15cm. Diese Stufen k\u00f6nnten jedoch mit wenig Aufwand \u2013 beispielsweise durch Rampen \u2013 beseitigt werden. In vielen F\u00e4llen w\u00e4re der Platz daf\u00fcr jedenfalls gegeben. In Eisenstadt betrifft dies immerhin 12,6 Prozent aller Gesch\u00e4ftslokale.<\/p>\n<p>Im Branchenvergleich aller St\u00e4dte ergeben sich ebenfalls gro\u00dfe Unterschiede. Einzig Einkaufszentren und der orthop\u00e4dische Fachhandel verf\u00fcgen zu 100% \u00fcber stufenlose Eing\u00e4nge. Ziemlich gut schneiden die Branchen Banken\/Post (82,6% stufenlos und gegen\u00fcber der Vorg\u00e4ngerstudie (66,7%) eine deutliche Verbesserung) und Veranstaltungsst\u00e4tten (87,5% stufenlos) ab. Die Gastronomie (mit nur 46,3% stufenlosen Gesch\u00e4ftslokalen) und die Branche K\u00f6rperpflege, in der viele Friseure erfasst sind (45,4% stufenlos), schnitten hingegen besonders schlecht ab \u2013 hier hat sich verglichen mit der Vorg\u00e4nger-Studie leider keine Verbesserung eingestellt.<\/p>\n<p>Im Vergleich zur im Vorjahr durchgef\u00fchrten Studie der Wiener Einkaufsstra\u00dfen (44,6% stufenlose Gesch\u00e4fte), lagen St. P\u00f6lten und Innsbruck besser als die Bundeshauptstadt, Eisenstadt und Salzburg hingegen schlechter.<\/p>\n<p>Erhoben wurden die Daten in der zweiten Jahresh\u00e4lfte 2019 bzw. im J\u00e4nner 2020. Ber\u00fccksichtigt wurden in der Studie die Bewertungen von 1.388 Gesch\u00e4ftslokalen in den St\u00e4dten Eisenstadt, Innsbruck, Salzburg und St. P\u00f6lten wurden. Koordiniert und zusammengef\u00fchrt wurden die Daten im Team \u00d6ZIV ACCESS beim \u00d6ZIV Bundesverband. Schon mehrmals waren von \u00d6ZIV in den vergangenen Jahren Einkaufsstra\u00dfenstudien in Wien bzw. in Landeshauptst\u00e4dten durchgef\u00fchrt. Geplant ist, die Studie k\u00fcnftig auf weitere Landeshauptst\u00e4dte auszuweiten.<\/p>\n<p>Die gesamte Studie kann bei Interesse beim <a href=\"https:\/\/www.oeziv.org\">\u00d6ZIV Bundesverband<\/a> angefordert werden.<\/p>\n","protected":false},"excerpt":{"rendered":"<p>Text: \u00d6ZIV-BURGENLAND \u2028Gro\u00dfe Unterschiede in einzelnen Landeshauptst\u00e4dten Seit 2016 m\u00fcssen unter anderem \u00f6ffentlich zug\u00e4ngliche Gesch\u00e4ftslokale nach dem Behindertengleichstellungs-Gesetz barrierefrei zug\u00e4nglich sein. Wie die aktuelle \u00d6ZIV-Einkaufsstra\u00dfen-Studie zeigt, hinkt die Realit\u00e4t dem Gesetz allerdings weit hinterher und Verbesserungen erfolgen nur \u00e4u\u00dferst schleppend. Von den vier untersuchten Landeshauptst\u00e4dten landete Eisenstadt hinsichtlich Barrierefreiheit am vorletzten Platz. Untersucht wurden Einkaufsstra\u00dfen&#8230; <a href=\"https:\/\/bmin.info\/WP\/2020\/02\/22\/barrierefreiheit-in-einkaufsstrassen-weiterhin-mangelhaft\/\" class=\"more-link\">Continue reading <span class=\"screen-reader-text\">Barrierefreiheit in Einkaufsstra\u00dfen weiterhin mangelhaft<\/span><\/a><\/p>\n","protected":false},"author":3,"featured_media":0,"comment_status":"closed","ping_status":"closed","sticky":false,"template":"","format":"standard","meta":{"footnotes":""},"categories":[3],"tags":[],"class_list":["post-7434","post","type-post","status-publish","format-standard","hentry","category-info"],"_links":{"self":[{"href":"https:\/\/bmin.info\/WP\/wp-json\/wp\/v2\/posts\/7434","targetHints":{"allow":["GET"]}}],"collection":[{"href":"https:\/\/bmin.info\/WP\/wp-json\/wp\/v2\/posts"}],"about":[{"href":"https:\/\/bmin.info\/WP\/wp-json\/wp\/v2\/types\/post"}],"author":[{"embeddable":true,"href":"https:\/\/bmin.info\/WP\/wp-json\/wp\/v2\/users\/3"}],"replies":[{"embeddable":true,"href":"https:\/\/bmin.info\/WP\/wp-json\/wp\/v2\/comments?post=7434"}],"version-history":[{"count":4,"href":"https:\/\/bmin.info\/WP\/wp-json\/wp\/v2\/posts\/7434\/revisions"}],"predecessor-version":[{"id":7440,"href":"https:\/\/bmin.info\/WP\/wp-json\/wp\/v2\/posts\/7434\/revisions\/7440"}],"wp:attachment":[{"href":"https:\/\/bmin.info\/WP\/wp-json\/wp\/v2\/media?parent=7434"}],"wp:term":[{"taxonomy":"category","embeddable":true,"href":"https:\/\/bmin.info\/WP\/wp-json\/wp\/v2\/categories?post=7434"},{"taxonomy":"post_tag","embeddable":true,"href":"https:\/\/bmin.info\/WP\/wp-json\/wp\/v2\/tags?post=7434"}],"curies":[{"name":"wp","href":"https:\/\/api.w.org\/{rel}","templated":true}]}}