{"id":7437,"date":"2020-02-27T18:47:52","date_gmt":"2020-02-27T17:47:52","guid":{"rendered":"https:\/\/bmin.info\/WP\/?p=7437"},"modified":"2020-02-27T19:13:15","modified_gmt":"2020-02-27T18:13:15","slug":"nationalrat-fordert-von-regierung-verbesserung-der-arbeitsmarktintegration-von-menschen-mit-behinderung","status":"publish","type":"post","link":"https:\/\/bmin.info\/WP\/2020\/02\/27\/nationalrat-fordert-von-regierung-verbesserung-der-arbeitsmarktintegration-von-menschen-mit-behinderung\/","title":{"rendered":"Nationalrat fordert von Regierung Verbesserung der Arbeitsmarktintegration von Menschen mit Behinderung"},"content":{"rendered":"<p><em><strong>Debatte \u00fcber den Bericht der Arbeitsinspektion 2017 und 2018<\/strong><\/em><br \/>\nWien (PK) &#8211; Der Nationalrat sprach sich heute in einer Entschlie\u00dfung an Bundesminister Rudolf Anschober einstimmig f\u00fcr bessere Chancen am Arbeitsmarkt f\u00fcr Menschen mit Behinderungen aus. So wird die g\u00e4ngige Praxis bem\u00e4ngelt, dass gerade bei jungen Menschen mit Behinderungen rasch und ohne l\u00e4ngere Erprobung eine Arbeitsunf\u00e4higkeit festgestellt wird.<\/p>\n<p>In der Debatte zeigte sich Kira Gr\u00fcnberg (\u00d6VP) erfreut, dass am Thema Inklusion und Menschen mit Behinderung \u00fcber die Parteigrenzen hinaus gearbeitet wird. Insbesondere bef\u00fcrworte sie die geforderte l\u00e4ngere Erprobungsphase vor der Feststellung der Arbeitsunf\u00e4higkeit. Dabei sollen auch die Unterst\u00fctzungsangebote des AMS und des Sozialministeriumservice ausgesch\u00f6pft werden. So h\u00e4tten Betroffene bessere Chancen, am ersten Arbeitsmarkt Fu\u00df zu fassen und ein eigenes Einkommen zu erlangen. Als weiterer Punkt der Entschlie\u00dfung sollen gemeinsam mit Stakeholdern und L\u00e4ndern Umsetzungsschritte erarbeitet werden, mit denen in Tagesstrukturen Besch\u00e4ftigte in die gesetzliche Kranken- und Pensionsversicherung \u00fcbernommen werden sollen. Gr\u00fcnberg verwies auf derzeit 24.000 Menschen in den Tagestrukturen, die nur Taschengeld beziehen, aktuell nur bei ihren Eltern mitversichert sind und somit wie Kinder behandelt w\u00fcrden, obwohl sie erwachsen seien. Sie fordert das Recht auf volle Teilhabe an allen Aspekten des Lebens.<\/p>\n<p>Der letzte Punkt der Entschlie\u00dfung betrifft das Thema &#8222;Pers\u00f6nliche Assistenz&#8220;. So ist diese nur im Bereich des Arbeitsplatzes bundesweit einheitlich geregelt. Verena Nussbaum (SP\u00d6) kritisierte die in den anderen Bereichen geltenden unterschiedlichen Regelungen in den L\u00e4ndern, die f\u00fcr sie von &#8222;unzufriedenstellend&#8220; bis &#8222;nicht vorhanden&#8220; reichen. Deshalb betonte sie die geforderte Pr\u00fcfung zur Einrichtung eines Inklusionsfonds &#8211; analog zum Pflegefonds &#8211; und verspricht darauf zu achten, dass die geforderten Ma\u00dfnahmen im Interesse der Menschen rasch umgesetzt werden.<\/p>\n<p>Christian Ragger (FP\u00d6) sprach von einem wunderbaren Tag, da sein 10-j\u00e4hriger Kampf f\u00fcr eine L\u00f6sung erstmals \u00f6ffentlich im Hohen Haus diskutiert werde. Es sei eine Farce, dass der Art. 27 der UN-Behindertenrechtskonvention bisher noch nicht umgesetzt worden sei. Es sollte heute die Regel sein, dass Menschen mit Beeintr\u00e4chtigungen in einem Arbeitsprozess besch\u00e4ftigt sein k\u00f6nnen, so Ragger, der auf gelungene Beispiele in K\u00e4rnten verwies.<\/p>\n<p>So wie Heike Grebien (Gr\u00fcne) erkl\u00e4rte die Entstehung des gemeinsamen Entschlie\u00dfungsantrags, der auf urspr\u00fcnglichen Antr\u00e4gen von der SP\u00d6 und den NEOS beruhe: &#8222;Das ist es, was die Menschen von den Abgeordneten erwarten.&#8220; Die zu schnelle Feststellung der Arbeitsunf\u00e4higkeit und die fehlende eigene Sozialversicherung wurden laut Grebien bereits 2019 von der Volksanwaltschaft kritisiert.<\/p>\n<p>Inklusion sei zu lange eine politische Randpartie gewesen und solle nun aber zur Hauptmaterie werden, kritisierte Fiona Fiedler (NEOS). Umso mehr freue sie der \u00fcberparteiliche Konsens. Eine Vielzahl an Vereinen und Stiftungen in diesem Bereich g\u00e4be es schlie\u00dflich nur, weil die Politik zu lange zugesehen habe. Ihr Dank gelte allen Menschen, die seit Jahren f\u00fcr Inklusion k\u00e4mpfen.<\/p>\n<p>Presseaussendungen zum Thema:<br \/>\n<a href=\"https:\/\/www.ots.at\/presseaussendung\/OTS_20200227_OTS0192\/menschen-mit-behinderung-parlament-beschliesst-ersten-schritt-in-richtung-echter-inklusion\">Menschen mit Behinderung: Parlament beschlie\u00dft ersten Schritt in Richtung echter Inklusion<\/a><br \/>\nNationalrat \u00fcbernimmt Empfehlungen der Volksanwaltschaft f\u00fcr mehr Teilhabe am Arbeitsmarkt<\/p>\n<p><a href=\"https:\/\/www.ots.at\/presseaussendung\/OTS_20200227_OTS0180\/nationalrat-nussbaum-erfreut-ueber-verbesserungen-fuer-menschen-mit-behinderung\">Nationalrat \u2013 Nussbaum erfreut \u00fcber Verbesserungen f\u00fcr Menschen mit Behinderung<\/a><br \/>\nWien (OTS\/SK) &#8211; SP\u00d6-Sprecherin f\u00fcr Menschen mit Behinderung Verena Nussbaum freute sich sehr, \u201edass es heute \u00fcber die Parteigrenzen hinweg im Nationalrat gelingt, Verbesserungen f\u00fcr Menschen mit Behinderungen zu beschlie\u00dfen.<\/p>\n<p><a href=\"https:\/\/www.ots.at\/presseaussendung\/OTS_20200227_OTS0196\/fpoe-ragger-heute-diskutieren-wir-endlich-das-chancengleichheitsgesetz-im-hohen-haus\">FP\u00d6 \u2013 Ragger: Heute diskutieren wir endlich das Chancengleichheitsgesetz im Hohen Haus<\/a><br \/>\nEs muss die Regel sein, dass Menschen mit einer Behinderung ganz normal im Arbeitsprozess besch\u00e4ftigt werden<\/p>\n<p><a href=\"https:\/\/www.ots.at\/presseaussendung\/OTS_20170301_OTS0190\/jarmer-anstieg-bei-arbeitslosigkeit-von-menschen-mit-behinderung-ungebrochen\">Jarmer: Anstieg bei Arbeitslosigkeit von Menschen mit Behinderung ungebrochen<\/a><br \/>\nGr\u00fcne: Regierung muss endlich gegensteuern<\/p>\n<p><a href=\"https:\/\/www.ots.at\/presseaussendung\/OTS_20200227_OTS0168\/neos-begruessen-verbesserungen-fuer-menschen-mit-behinderung\">NEOS begr\u00fc\u00dfen Verbesserungen f\u00fcr Menschen mit Behinderung<\/a><br \/>\nFiona Fiedler: \u201eEin starkes Zeichen f\u00fcr die Inklusion von Menschen mit Behinderung. Jetzt muss die Regierung rasch Taten folgen lassen.\u201c<\/p>\n","protected":false},"excerpt":{"rendered":"<p>Debatte \u00fcber den Bericht der Arbeitsinspektion 2017 und 2018 Wien (PK) &#8211; Der Nationalrat sprach sich heute in einer Entschlie\u00dfung an Bundesminister Rudolf Anschober einstimmig f\u00fcr bessere Chancen am Arbeitsmarkt f\u00fcr Menschen mit Behinderungen aus. So wird die g\u00e4ngige Praxis bem\u00e4ngelt, dass gerade bei jungen Menschen mit Behinderungen rasch und ohne l\u00e4ngere Erprobung eine Arbeitsunf\u00e4higkeit&#8230; <a href=\"https:\/\/bmin.info\/WP\/2020\/02\/27\/nationalrat-fordert-von-regierung-verbesserung-der-arbeitsmarktintegration-von-menschen-mit-behinderung\/\" class=\"more-link\">Continue reading <span class=\"screen-reader-text\">Nationalrat fordert von Regierung Verbesserung der Arbeitsmarktintegration von Menschen mit Behinderung<\/span><\/a><\/p>\n","protected":false},"author":3,"featured_media":0,"comment_status":"closed","ping_status":"closed","sticky":false,"template":"","format":"standard","meta":{"footnotes":""},"categories":[3],"tags":[],"class_list":["post-7437","post","type-post","status-publish","format-standard","hentry","category-info"],"_links":{"self":[{"href":"https:\/\/bmin.info\/WP\/wp-json\/wp\/v2\/posts\/7437","targetHints":{"allow":["GET"]}}],"collection":[{"href":"https:\/\/bmin.info\/WP\/wp-json\/wp\/v2\/posts"}],"about":[{"href":"https:\/\/bmin.info\/WP\/wp-json\/wp\/v2\/types\/post"}],"author":[{"embeddable":true,"href":"https:\/\/bmin.info\/WP\/wp-json\/wp\/v2\/users\/3"}],"replies":[{"embeddable":true,"href":"https:\/\/bmin.info\/WP\/wp-json\/wp\/v2\/comments?post=7437"}],"version-history":[{"count":4,"href":"https:\/\/bmin.info\/WP\/wp-json\/wp\/v2\/posts\/7437\/revisions"}],"predecessor-version":[{"id":7445,"href":"https:\/\/bmin.info\/WP\/wp-json\/wp\/v2\/posts\/7437\/revisions\/7445"}],"wp:attachment":[{"href":"https:\/\/bmin.info\/WP\/wp-json\/wp\/v2\/media?parent=7437"}],"wp:term":[{"taxonomy":"category","embeddable":true,"href":"https:\/\/bmin.info\/WP\/wp-json\/wp\/v2\/categories?post=7437"},{"taxonomy":"post_tag","embeddable":true,"href":"https:\/\/bmin.info\/WP\/wp-json\/wp\/v2\/tags?post=7437"}],"curies":[{"name":"wp","href":"https:\/\/api.w.org\/{rel}","templated":true}]}}