{"id":7506,"date":"2020-03-16T15:07:59","date_gmt":"2020-03-16T14:07:59","guid":{"rendered":"https:\/\/bmin.info\/WP\/?p=7506"},"modified":"2020-03-20T15:46:36","modified_gmt":"2020-03-20T14:46:36","slug":"corona-virus-covid-19-kurz-zusammengefasst","status":"publish","type":"post","link":"https:\/\/bmin.info\/WP\/2020\/03\/16\/corona-virus-covid-19-kurz-zusammengefasst\/","title":{"rendered":"Corona-Virus (Covid-19) &#8211; Kurz zusammengefasst"},"content":{"rendered":"<ul>\n<li>Die Ma\u00dfnahmen sind sinnvoll und notwendig.<\/li>\n<\/ul>\n<ul>\n<li>Menschen mit Behinderung &#8211; speziell ab 65 \u2014 geh\u00f6ren ebenfalls zur Risikogruppe.<\/li>\n<\/ul>\n<ul>\n<li>Pers\u00f6nliche Kontakte sollten auf ein Minimum reduziert werden.<\/li>\n<\/ul>\n<ul>\n<li>Die Ma\u00dfnahmen bringen u.a. eine enorme Einschr\u00e4nkung f\u00fcr das Leben der gesamten Bev\u00f6lkerung mit sich. Es wird hierbei auch in einzelne Grundrechte, wie die Versammlungs- und Berufsfreiheit, eingegriffen.<\/li>\n<\/ul>\n<ul>\n<li>Die <a href=\"https:\/\/www.ris.bka.gv.at\/Dokumente\/BgblAuth\/BGBLA_2020_II_98\/BGBLA_2020_II_98.pdfsig\"><i>Verordnung<\/i><\/a> COVID-19-<a href=\"https:\/\/orf.at\/stories\/3158007\/\"><i>Ma\u00dfnahmengesetz<\/i><\/a> ist ver\u00f6ffentlicht:<br \/>\n\u201e\u00a7 1. Zur Verhinderung der Verbreitung von COVID-19 ist das Betreten \u00f6ffentlicher Orte verboten. \u00a7 2. Ausgenommen vom Verbot gem\u00e4\u00df \u00a7 1 sind Betretungen, \u2026 die <b>zur Betreuung und Hilfeleistung von unterst\u00fctzungsbed\u00fcrftigen Personen<\/b> dienen \u2026\u201c (<i>Quelle: <\/i><a href=\"https:\/\/www.ris.bka.gv.at\/Dokumente\/BgblAuth\/BGBLA_2020_II_98\/BGBLA_2020_II_98.pdfsig\"><i>Bundeskanzleramt<\/i><\/a>)<\/li>\n<\/ul>\n<ul>\n<li><a href=\"https:\/\/orf.at\/stories\/3157914\/\"><i>Regierung schr\u00e4nkt Ausgang drastisch ein<\/i><\/a> \u2013 \u201eDas Haus soll nur noch verlassen werden f\u00fcr Berufsarbeit, die nicht aufzuschieben ist, dringende Besorgungen wie Lebensmittel <b>und um anderen Menschen zu helfen\u201c<\/b>, so Bundeskanzler Sebastian Kurz und nennt als Beispiel \u201e<b>hilfsbed\u00fcrftige Personen<\/b>\u201e. (<i>Quelle: <\/i><a href=\"https:\/\/www.wienerzeitung.at\/nachrichten\/politik\/oesterreich\/2054414-Was-bedeuten-Ausgangsbeschraenkungen-im-Detail.html\"><i>Wiener Zeitung<\/i><\/a><i>, <\/i><a href=\"https:\/\/www.tt.com\/artikel\/16752006\/kurz-es-gibt-nur-noch-drei-gruende-sein-zuhause-zu-verlassen\"><i>Tiroler Tageszeitung<\/i><\/a>)<\/li>\n<\/ul>\n<ul>\n<li>Die WAG Assistenzgenossenschaft hat ab sofort eine aktuelle Seite \u201e<a href=\"https:\/\/www.wag.or.at\/corona-und-persoenliche-assistenz\/\"><i>Corona und Pers\u00f6nliche Assistenz<\/i><\/a>\u201c eingerichtet. Sehr wichtige <b>Infos f\u00fcr KundInnen und AssistentInnen<\/b> sind dort zu finden. (<i>Quelle: WAG<\/i>)<\/li>\n<\/ul>\n<ul>\n<li>Die Stadt Wien ver\u00f6ffentlicht ein einfaches <a href=\"https:\/\/www.youtube.com\/watch?v=_kU4oCmRFTw\"><i>Erkl\u00e4r-Video<\/i><\/a> f\u00fcr Kinder mit Untertitel. (<i>Quelle: <\/i><a href=\"https:\/\/www.wien.gv.at\/presse\/2020\/03\/15\/corona-fuer-kinder-leicht-erklaert-neues-video-der-stadt-wien-online\"><i>Rathauskorrespondenz<\/i><\/a>)<\/li>\n<\/ul>\n<ul>\n<li>Der Wiener Krankenanstaltenverbund setzt die Zutrittskontrollen um. \u201eBegleitungen von Minderj\u00e4hrigen und <b>betreuungsbed\u00fcrftigen Personen<\/b> sind ebenfalls erlaubt und maximal einer Person gestattet.\u201c (<i>Quelle: <\/i><a href=\"https:\/\/www.ots.at\/presseaussendung\/OTS_20200315_OTS0042\/corona-virus-wiener-krankenanstaltenverbund-setzt-zutrittskontrollen-schrittweise-um\"><i>PID<\/i><\/a>)<\/li>\n<\/ul>\n<ul>\n<li>Die Stadt Wien informiert nun auch ausf\u00fchrlich mit <a href=\"https:\/\/coronavirus.wien.gv.at\/site\/informationen-zu-corona-fuer-gehoerlose\/\"><i>Videos in \u00d6sterreichischer Geb\u00e4rdensprache<\/i><\/a><\/li>\n<\/ul>\n<ul>\n<li>Servicenummer 01\/4000 4001: \u201eDie Stadt Wien hat eine eigene Servicenummer <b>f\u00fcr Personen eingerichtet, die auf Hilfe angewiesen sind, aber keine Unterst\u00fctzung durch Angeh\u00f6rige oder Nachbarinnen und Nachbarn bekommen k\u00f6nnen<\/b>. Die Hotline mit der Nummer 01\/4000-4001 sollte nur in dringend notwendigen F\u00e4llen angerufen werden. Sie bietet Hilfe bei der Organisation des Alltags f\u00fcr betroffene Risikogruppen.\u201c (<i>Quelle: <\/i><a href=\"https:\/\/coronavirus.wien.gv.at\/site\/unterstuetzung-fuer-risikogruppen\/\"><i>wien.at<\/i><\/a>)<br \/>\n<strong>Bei allgemeinen Fragen sehen Sie bitte auf den Seiten des <a href=\"https:\/\/www.sozialministerium.at\/Informationen-zum-Coronavirus\/Coronavirus---Haeufig-gestellte-Fragen.html\"><i>Sozialministeriums<\/i><\/a>, der <a href=\"https:\/\/www.ages.at\/themen\/krankheitserreger\/coronavirus\/\"><i>AGES<\/i><\/a>\u00a0sowie der <a href=\"https:\/\/coronavirus.wien.gv.at\/\"><i>Stadt Wien<\/i><\/a> nach.<\/strong><\/li>\n<\/ul>\n<ul>\n<li>Infos und Presseaussendungen zum Thema:<br \/>\n<b style=\"font-size: inherit;\">Leichter Lesen \u2013 Corona-Virus in \u00d6sterreich: Die wichtigsten Informationen<br \/>\n<\/b><i style=\"font-size: inherit;\">Am 7. J\u00e4nner 2020 wurde in China, in der Region Wuhan,\u00a0<\/i><i style=\"font-size: inherit;\">ein neuartiges Virus bestimmt. Die Welt-Gesundheits-Organisation WHO hat dar\u00fcber informiert. Das Virus ist nun auch in \u00d6sterreich angekommen. <\/i><span style=\"font-size: inherit;\">Mehr dazu auf der <\/span><a style=\"font-size: inherit;\" href=\"https:\/\/www.sozialministerium.at\/Coronavirus---Sprachen\/Leichter-Lesen---Corona-Virus-in-Oesterreich--Die-wichtigsten-Informationen.html\">Webseite vom Sozialministerium<\/a><\/p>\n<p><b>Coronavirus \u2013 Fonds Soziales Wien passt Betrieb der Sozialeinrichtungen an<br \/>\n<\/b><i>Ma\u00dfnahmenpaket zu ge\u00e4nderter Nachfrage und Aufrechterhaltung von Betreuung und Service. FSW-Gesch\u00e4ftsf\u00fchrerin Bauer: &#8222;Schutz der MitarbeiterInnen und KundInnen hat oberste Priorit\u00e4t&#8220;<br \/>\n<\/i><i>(<\/i><a href=\"https:\/\/www.ots.at\/presseaussendung\/OTS_20200318_OTS0065\/coronavirus-fonds-soziales-wien-passt-betrieb-der-sozialeinrichtungen-an\"><i>Die komplette FSW-Presseaussendung vom 18.03.2020<\/i><\/a><i>)<\/i><\/li>\n<\/ul>\n","protected":false},"excerpt":{"rendered":"<p>Die Ma\u00dfnahmen sind sinnvoll und notwendig. Menschen mit Behinderung &#8211; speziell ab 65 \u2014 geh\u00f6ren ebenfalls zur Risikogruppe. Pers\u00f6nliche Kontakte sollten auf ein Minimum reduziert werden. Die Ma\u00dfnahmen bringen u.a. eine enorme Einschr\u00e4nkung f\u00fcr das Leben der gesamten Bev\u00f6lkerung mit sich. Es wird hierbei auch in einzelne Grundrechte, wie die Versammlungs- und Berufsfreiheit, eingegriffen. Die&#8230; <a href=\"https:\/\/bmin.info\/WP\/2020\/03\/16\/corona-virus-covid-19-kurz-zusammengefasst\/\" class=\"more-link\">Continue reading <span class=\"screen-reader-text\">Corona-Virus (Covid-19) &#8211; Kurz zusammengefasst<\/span><\/a><\/p>\n","protected":false},"author":3,"featured_media":0,"comment_status":"closed","ping_status":"closed","sticky":false,"template":"","format":"standard","meta":{"footnotes":""},"categories":[3],"tags":[],"class_list":["post-7506","post","type-post","status-publish","format-standard","hentry","category-info"],"_links":{"self":[{"href":"https:\/\/bmin.info\/WP\/wp-json\/wp\/v2\/posts\/7506","targetHints":{"allow":["GET"]}}],"collection":[{"href":"https:\/\/bmin.info\/WP\/wp-json\/wp\/v2\/posts"}],"about":[{"href":"https:\/\/bmin.info\/WP\/wp-json\/wp\/v2\/types\/post"}],"author":[{"embeddable":true,"href":"https:\/\/bmin.info\/WP\/wp-json\/wp\/v2\/users\/3"}],"replies":[{"embeddable":true,"href":"https:\/\/bmin.info\/WP\/wp-json\/wp\/v2\/comments?post=7506"}],"version-history":[{"count":15,"href":"https:\/\/bmin.info\/WP\/wp-json\/wp\/v2\/posts\/7506\/revisions"}],"predecessor-version":[{"id":7554,"href":"https:\/\/bmin.info\/WP\/wp-json\/wp\/v2\/posts\/7506\/revisions\/7554"}],"wp:attachment":[{"href":"https:\/\/bmin.info\/WP\/wp-json\/wp\/v2\/media?parent=7506"}],"wp:term":[{"taxonomy":"category","embeddable":true,"href":"https:\/\/bmin.info\/WP\/wp-json\/wp\/v2\/categories?post=7506"},{"taxonomy":"post_tag","embeddable":true,"href":"https:\/\/bmin.info\/WP\/wp-json\/wp\/v2\/tags?post=7506"}],"curies":[{"name":"wp","href":"https:\/\/api.w.org\/{rel}","templated":true}]}}