{"id":7557,"date":"2020-04-08T07:49:15","date_gmt":"2020-04-08T06:49:15","guid":{"rendered":"https:\/\/bmin.info\/WP\/?p=7557"},"modified":"2020-04-08T07:49:15","modified_gmt":"2020-04-08T06:49:15","slug":"ewiger-traum-barrierefreiheit-in-bayern","status":"publish","type":"post","link":"https:\/\/bmin.info\/WP\/2020\/04\/08\/ewiger-traum-barrierefreiheit-in-bayern\/","title":{"rendered":"Ewiger Traum? Barrierefreiheit in Bayern"},"content":{"rendered":"<p>Text: Pepo Meia, Isabella Krapf<br \/>\n<strong><em>\u201eSo lange das Thema Barrierefreiheit nicht den Stellenwert von Brandschutz hat, werden wir nicht entscheidend vorankommen\u201c<\/em><\/strong><br \/>\nIn der beliebten Satiresendung \u201equer\u201c am 2. April 2020 war ein beachtenswerter Beitrag \u00fcber Barrierefreiheit.<br \/>\nWenn in einer so alten Stadt wie Adelsberg so etwas m\u00f6glich ist, warum nicht auch in historischen \u00f6sterreichischen Stadtzentren?<\/p>\n<p>https:\/\/www.youtube.com\/watch?v=_tba6BnaMKI<\/p>\n<p><em>Ex-Ministerpr\u00e4sident Horst Seehofer hatte es 2013 versprochen: \u00d6ffentlicher Raum und \u00d6PNV in Bayern sollten bis 2023 barrierefrei f\u00fcr Behinderte sein. 656 Millionen Euro sollten daf\u00fcr allein von 2015 bis 2020 in die Hand genommen werden. Trotzdem ist klar: Mit der selbstgesetzten Zehnjahresfrist wird es nichts. Nur wenige Vorzeige- und Musterkommunen haben es geschafft, ihren \u00f6ffentlichen Raum wirklich behindertengerecht auszubauen. &#8222;quer&#8220; forscht nach, was deren Geheimnis ist.<\/em><\/p>\n","protected":false},"excerpt":{"rendered":"<p>Text: Pepo Meia, Isabella Krapf \u201eSo lange das Thema Barrierefreiheit nicht den Stellenwert von Brandschutz hat, werden wir nicht entscheidend vorankommen\u201c In der beliebten Satiresendung \u201equer\u201c am 2. April 2020 war ein beachtenswerter Beitrag \u00fcber Barrierefreiheit. Wenn in einer so alten Stadt wie Adelsberg so etwas m\u00f6glich ist, warum nicht auch in historischen \u00f6sterreichischen Stadtzentren?&#8230; <a href=\"https:\/\/bmin.info\/WP\/2020\/04\/08\/ewiger-traum-barrierefreiheit-in-bayern\/\" class=\"more-link\">Continue reading <span class=\"screen-reader-text\">Ewiger Traum? Barrierefreiheit in Bayern<\/span><\/a><\/p>\n","protected":false},"author":3,"featured_media":0,"comment_status":"closed","ping_status":"closed","sticky":false,"template":"","format":"standard","meta":{"footnotes":""},"categories":[3],"tags":[],"class_list":["post-7557","post","type-post","status-publish","format-standard","hentry","category-info"],"_links":{"self":[{"href":"https:\/\/bmin.info\/WP\/wp-json\/wp\/v2\/posts\/7557","targetHints":{"allow":["GET"]}}],"collection":[{"href":"https:\/\/bmin.info\/WP\/wp-json\/wp\/v2\/posts"}],"about":[{"href":"https:\/\/bmin.info\/WP\/wp-json\/wp\/v2\/types\/post"}],"author":[{"embeddable":true,"href":"https:\/\/bmin.info\/WP\/wp-json\/wp\/v2\/users\/3"}],"replies":[{"embeddable":true,"href":"https:\/\/bmin.info\/WP\/wp-json\/wp\/v2\/comments?post=7557"}],"version-history":[{"count":2,"href":"https:\/\/bmin.info\/WP\/wp-json\/wp\/v2\/posts\/7557\/revisions"}],"predecessor-version":[{"id":7560,"href":"https:\/\/bmin.info\/WP\/wp-json\/wp\/v2\/posts\/7557\/revisions\/7560"}],"wp:attachment":[{"href":"https:\/\/bmin.info\/WP\/wp-json\/wp\/v2\/media?parent=7557"}],"wp:term":[{"taxonomy":"category","embeddable":true,"href":"https:\/\/bmin.info\/WP\/wp-json\/wp\/v2\/categories?post=7557"},{"taxonomy":"post_tag","embeddable":true,"href":"https:\/\/bmin.info\/WP\/wp-json\/wp\/v2\/tags?post=7557"}],"curies":[{"name":"wp","href":"https:\/\/api.w.org\/{rel}","templated":true}]}}