{"id":7559,"date":"2020-04-14T07:40:00","date_gmt":"2020-04-14T06:40:00","guid":{"rendered":"https:\/\/bmin.info\/WP\/?p=7559"},"modified":"2020-04-15T08:23:22","modified_gmt":"2020-04-15T07:23:22","slug":"regierungsmassnahmen-anlaesslich-der-covid19-pandemie-fuer-besonders-gefaehrdete-menschen-unzureichend","status":"publish","type":"post","link":"https:\/\/bmin.info\/WP\/2020\/04\/14\/regierungsmassnahmen-anlaesslich-der-covid19-pandemie-fuer-besonders-gefaehrdete-menschen-unzureichend\/","title":{"rendered":"Regierungsma\u00dfnahmen anl\u00e4sslich der Covid19-Pandemie f\u00fcr besonders gef\u00e4hrdete Menschen unzureichend"},"content":{"rendered":"<p>Text: Plattform behinderter, chronisch kranker und alter Menschen<br \/>\nWien (OTS) &#8211; Wir, die Plattform behinderter, chronisch kranker und alter Menschen sind sehr besorgt um unsere Lage in der gegenw\u00e4rtigen Situation der Covid19-Pandemie. Wir erleben und bef\u00fcrchten weiter eine massive Verschlechterung unserer Lebensbedingungen und auch \u00dcberlebenschancen, wenn die Politik keine auf unsere konkreten Lebensrealit\u00e4ten abgestimmten Schutz- und Unterst\u00fctzungsma\u00dfnahmen einleitet.<\/p>\n<p><a href=\"https:\/\/bmin.info\/WP\/wp-content\/uploads\/2020\/04\/92094147_106275544374622_2978225735744880640_o.jpg\"><img loading=\"lazy\" decoding=\"async\" class=\"wp-image-7565 aligncenter\" src=\"https:\/\/bmin.info\/WP\/wp-content\/uploads\/2020\/04\/92094147_106275544374622_2978225735744880640_o-300x224.jpg\" alt=\"\" width=\"414\" height=\"310\" srcset=\"https:\/\/bmin.info\/WP\/wp-content\/uploads\/2020\/04\/92094147_106275544374622_2978225735744880640_o-300x224.jpg 300w, https:\/\/bmin.info\/WP\/wp-content\/uploads\/2020\/04\/92094147_106275544374622_2978225735744880640_o-1024x765.jpg 1024w, https:\/\/bmin.info\/WP\/wp-content\/uploads\/2020\/04\/92094147_106275544374622_2978225735744880640_o-768x573.jpg 768w, https:\/\/bmin.info\/WP\/wp-content\/uploads\/2020\/04\/92094147_106275544374622_2978225735744880640_o-1536x1147.jpg 1536w, https:\/\/bmin.info\/WP\/wp-content\/uploads\/2020\/04\/92094147_106275544374622_2978225735744880640_o-144x108.jpg 144w, https:\/\/bmin.info\/WP\/wp-content\/uploads\/2020\/04\/92094147_106275544374622_2978225735744880640_o.jpg 2048w\" sizes=\"auto, (max-width: 414px) 100vw, 414px\" \/><\/a>Um das erkl\u00e4rte Ziel der \u00f6sterreichischen Bundesregierung: das SARS-Cov-2-Virus einzud\u00e4mmen und vor allem die besonders vulnerablen Bev\u00f6lkerungsgruppen &#8211; das sind vor allem alte, chronisch kranke und behinderte (so genannt &#8222;vorerkrankte&#8220;) Menschen &#8211; zu sch\u00fctzen, reichen die derzeitigen gesamtgesellschaftlichen Ma\u00dfahmen (Stichwort Ausgangsbeschr\u00e4nkungen) nicht aus.<br \/>\nEs bedarf dringend weiterer konkreter Schutz- und Unterst\u00fctzungsma\u00dfnahmen, die auf die unterschiedlichen Lebenssituationen besonders gef\u00e4hrdeter Menschen abgestimmt sind.<br \/>\nDie betroffenen Personengruppen m\u00fcssen in den Beratungsprozess ma\u00dfgeblich einbezogen werden, um treffsichere Ma\u00dfnahmen zu entwickeln, die unser Leben zugleich nicht unn\u00f6tig einschr\u00e4nken und belasten oder schlimmer noch, gef\u00e4hrden. Wir wollen die politischen Entscheidungstr\u00e4ger*innen dabei unterst\u00fctzen, dieses gemeinsame Ziel zu gew\u00e4hrleisten. Daher pr\u00e4sentiert die Plattform behinderter, chronisch kranker und alter Menschen als Zusammenschluss verschiedener Expert*innen und Aktivist*innen der Behindertenbewegung in \u00d6sterreich sowie als selbst Betroffene einen detaillierten Ma\u00dfnahmenkatalog. Dieser wird auch der interessierten \u00d6ffentlichkeit zur Verf\u00fcgung gestellt. F\u00fcr R\u00fcckfragen sind wir unter der\u00a0Email-Adresse: <a href=\"https:\/\/www.ots.at\/email\/plattform.office\/gmail.com\">plattform.office@gmail.com<\/a> erreichbar.<\/p>\n<p>Aktion statt Isolation &#8211; gegen einen Backlash (R\u00fcckschritt) in unserer Gesellschaft!<\/p>\n<p>&#8222;Gerade in Krisenzeiten darf der Grundsatz &#8218;Ambulant vor Station\u00e4r&#8216; nicht vergessen werden!&#8220;, sagt Dorothea Brozek in Bezug auf den Ma\u00dfnahmenkatalog der Plattform behinderter, chronisch kranker und alter Menschen. Die Gruppe der behinderten, chronisch kranken und alten Menschen braucht genau auf die diversen Lebenssituationen abgestimmte Ma\u00dfnahmen. Nur so kann die Teilhabe am gesellschaftlichen Leben und weitestm\u00f6gliche Selbstbestimmung dieser besonders verletzlichen Personengruppen gew\u00e4hrleistet und ihr \u00dcberleben angesichts der aktuellen Covid19-Pandemie gesichert werden. Dies bedarf einer breiten Palette an Ma\u00dfnahmen:<\/p>\n<p>* Sicherstellung von Sauerstoffversorgung und weitestm\u00f6glicher mobiler (nicht-invasiver) Beatmung<\/p>\n<p>* finanzielle und rechtliche Aufwertung aller hier relevanten Berufsgruppen (Pers\u00f6nliche Assistenz, Betreuung, Pflege)<\/p>\n<p>* Regelm\u00e4\u00dfige Tests des Pflegepersonals (wenn diese bei mehreren Klient*innen arbeiten) und bedarfsorientierte Bereitstellung von Tests f\u00fcr besonders gef\u00e4hrdete Personen sowie die Abdeckung steigender Hilfsbedarfe.<\/p>\n<p>* Zugang zu medizinischer und therapeutischer Versorgung aufrecht erhalten, staatliche Sicherstellung von Dauermedikation und die Erm\u00f6glichung des sicheren Ambulanzen- \u00c4rzt*innen- und Therapeut*innenbesuchs durch Schutzausr\u00fcstung und Hausbesuche sowie den Ausbau von Telemedizin.<\/p>\n<p>&#8222;Behinderungen und chronische Krankheiten vermindern nicht automatisch \u00dcberlebenschancen, aber unzureichende Rahmenbedingungen sehr wohl!&#8220;, f\u00fcgt Dorothea Brozek hinzu.<br \/>\nDen vollst\u00e4ndigen Ma\u00dfnahmenkatalog entnehmen Sie bitte unserer Facebook-Seite: <a href=\"https:\/\/www.facebook.com\/plattform.office\/\">https:\/\/www.facebook.com\/plattform.office\/<\/a><\/p>\n","protected":false},"excerpt":{"rendered":"<p>Text: Plattform behinderter, chronisch kranker und alter Menschen Wien (OTS) &#8211; Wir, die Plattform behinderter, chronisch kranker und alter Menschen sind sehr besorgt um unsere Lage in der gegenw\u00e4rtigen Situation der Covid19-Pandemie. Wir erleben und bef\u00fcrchten weiter eine massive Verschlechterung unserer Lebensbedingungen und auch \u00dcberlebenschancen, wenn die Politik keine auf unsere konkreten Lebensrealit\u00e4ten abgestimmten Schutz-&#8230; <a href=\"https:\/\/bmin.info\/WP\/2020\/04\/14\/regierungsmassnahmen-anlaesslich-der-covid19-pandemie-fuer-besonders-gefaehrdete-menschen-unzureichend\/\" class=\"more-link\">Continue reading <span class=\"screen-reader-text\">Regierungsma\u00dfnahmen anl\u00e4sslich der Covid19-Pandemie f\u00fcr besonders gef\u00e4hrdete Menschen unzureichend<\/span><\/a><\/p>\n","protected":false},"author":3,"featured_media":0,"comment_status":"closed","ping_status":"closed","sticky":false,"template":"","format":"standard","meta":{"footnotes":""},"categories":[3],"tags":[],"class_list":["post-7559","post","type-post","status-publish","format-standard","hentry","category-info"],"_links":{"self":[{"href":"https:\/\/bmin.info\/WP\/wp-json\/wp\/v2\/posts\/7559","targetHints":{"allow":["GET"]}}],"collection":[{"href":"https:\/\/bmin.info\/WP\/wp-json\/wp\/v2\/posts"}],"about":[{"href":"https:\/\/bmin.info\/WP\/wp-json\/wp\/v2\/types\/post"}],"author":[{"embeddable":true,"href":"https:\/\/bmin.info\/WP\/wp-json\/wp\/v2\/users\/3"}],"replies":[{"embeddable":true,"href":"https:\/\/bmin.info\/WP\/wp-json\/wp\/v2\/comments?post=7559"}],"version-history":[{"count":8,"href":"https:\/\/bmin.info\/WP\/wp-json\/wp\/v2\/posts\/7559\/revisions"}],"predecessor-version":[{"id":7573,"href":"https:\/\/bmin.info\/WP\/wp-json\/wp\/v2\/posts\/7559\/revisions\/7573"}],"wp:attachment":[{"href":"https:\/\/bmin.info\/WP\/wp-json\/wp\/v2\/media?parent=7559"}],"wp:term":[{"taxonomy":"category","embeddable":true,"href":"https:\/\/bmin.info\/WP\/wp-json\/wp\/v2\/categories?post=7559"},{"taxonomy":"post_tag","embeddable":true,"href":"https:\/\/bmin.info\/WP\/wp-json\/wp\/v2\/tags?post=7559"}],"curies":[{"name":"wp","href":"https:\/\/api.w.org\/{rel}","templated":true}]}}