{"id":7562,"date":"2020-04-14T08:14:00","date_gmt":"2020-04-14T07:14:00","guid":{"rendered":"https:\/\/bmin.info\/WP\/?p=7562"},"modified":"2020-04-21T11:23:13","modified_gmt":"2020-04-21T10:23:13","slug":"petition-fuer-eine-diskriminierungsfreie-behandlung-von-menschen-mit-behinderungen-ist-online","status":"publish","type":"post","link":"https:\/\/bmin.info\/WP\/2020\/04\/14\/petition-fuer-eine-diskriminierungsfreie-behandlung-von-menschen-mit-behinderungen-ist-online\/","title":{"rendered":"Petition f\u00fcr eine diskriminierungsfreie Behandlung von Menschen mit Behinderungen ist online"},"content":{"rendered":"<p>Text: Robert Mittermair<br \/>\n<em>An den \u00f6sterreichischen Gesundheitsminister und die Gesundheitslandesr\u00e4tInnen aller Bundesl\u00e4nder:<\/em>\u00a0<em>F\u00fcr eine diskriminierungsfreie Behandlung von Menschen mit Behinderungen in der COVID-19-Krise!<\/em><\/p>\n<p>In manchen L\u00e4ndern wirken sich die Restriktionen zur Eind\u00e4mmung des Corona-Virus diskriminierend auf Menschen mit Behinderungen aus. Artikel 11 der UN-Behindertenrechtskonvention h\u00e4lt aber die Pflicht der Vertragsstaaten fest, daf\u00fcr zu sorgen, dass Menschen mit Behinderungen in Gefahrensituationen, bewaffneten Konflikten und humanit\u00e4ren Krisen gesch\u00fctzt und sicher sind. Auch in \u00d6sterreich treten Vorg\u00e4nge auf, die zum Teil als fahrl\u00e4ssig zu bezeichnen sind, deshalb fordern wir:<\/p>\n<p>\u2022 Verdachtsf\u00e4lle auf COVID-19 unter MitarbeiterInnen in Einrichtungen, in denen Menschen mit Behinderungen betreut werden, sowie unter Pers\u00f6nlichen AssistentInnen m\u00fcssen vorrangig getestet werden, was bislang nach wie vor nicht der Fall ist. Dass diese MitarbeiterInnen KlientInnen anstecken k\u00f6nnten, die sehr h\u00e4ufig RisikopatientInnen w\u00e4ren, wird dabei genauso au\u00dfer Acht gelassen, wie die Gefahr der Ansteckung von KollegInnen, die ganze Betreuungssysteme zum Kippen bringen kann.<\/p>\n<p>\u2022 Die notwendige medizinische Versorgung von Menschen mit Behinderungen in Spit\u00e4lern und Ambulanzen muss sichergestellt sein. Das Zur\u00fcckfahren von medizinischen Leistungen im Rahmen des Krisenmanagements darf nicht auf Kosten von Menschen mit Behinderungen erfolgen.<\/p>\n<p>\u2022 F\u00fcr Menschen mit Behinderungen, die bei Anamnesen und Behandlungen Unterst\u00fctzung von Vertrauenspersonen ben\u00f6tigen, muss eine Begleitung in Spit\u00e4lern und Ambulanzen erm\u00f6glicht werden.<\/p>\n<p>\u2022 F\u00fcr die Betreuung und Pflege von (amtlich festgestellten) Verdachtsf\u00e4llen muss den Organisationen ausreichend Schutzausr\u00fcstung f\u00fcr MitarbeiterInnen und KlientInnen zur Verf\u00fcgung gestellt werden.<\/p>\n<p>\u2022 F\u00fcr Pers\u00f6nliche AssistentInnen, die Menschen mit Behinderungen in ihrer privaten Wohnung unterst\u00fctzen, muss ebenfalls ausreichend Schutzkleidung zur Verf\u00fcgung gestellt werden.<\/p>\n<p>\u2022 Durch das Zur\u00fcckfahren der (auch unabh\u00e4ngig von der aktuellen Krise mangelhaften) Aufnahmekapazit\u00e4ten von psychiatrischen Akutstationen, wird eine ad\u00e4quate Behandlung von Menschen in psychischen Krisen in Frage gestellt. Gerade in Zeiten gro\u00dfer Unsicherheit m\u00fcssen diese Ressourcen nicht eingeschr\u00e4nkt, sondern erh\u00f6ht werden.<\/p>\n<p>\u2022 Die Organisationen und mobilen Hilfen (Pers\u00f6nliche Assistenz) der Behindertenhilfe m\u00fcssen eine Finanzierungsgarantie f\u00fcr die durch die COVID-19-Krise entstehenden Kosten von Seiten ihrer jeweiligen F\u00f6rdergeber erhalten. Diese Finanzierungen m\u00fcssen unb\u00fcrokratisch und ohne Leistungseinbu\u00dfen gew\u00e4hrt werden.<\/p>\n<p>\u2022 Menschen mit Behinderungen m\u00fcssen als Zielgruppe in den diversen Krisenst\u00e4ben benannt werden und vertreten sein.<\/p>\n<p>\u2022 MitarbeiterInnen, die einer Risikogruppe angeh\u00f6ren, m\u00fcssen auch im Gesundheits-, Pflege- und Sozialbereich einen Rechtsanspruch auf Freistellung geltend machen k\u00f6nnen. Laut derzeitiger Rechtslage k\u00f6nnen Sie das nicht und der Dienstgeber erh\u00e4lt keine Entsch\u00e4digung, falls er sie dennoch freistellt.<\/p>\n<p>Catalina Devandas, die UN-Sonderberichterstatterin f\u00fcr die Rechte von Menschen mit Behinderungen, betont die Wichtigkeit von Ma\u00dfnahmen, damit Menschen mit Behinderungen das Risiko einer Ansteckung reduzieren k\u00f6nnen. Gleichzeitig brauchen auch Familienmitglieder und Pflegekr\u00e4fte angemessene Vorkehrungen um in dieser Phase unterst\u00fctzen zu k\u00f6nnen. Menschen mit Behinderungen, die in Einrichtungen leben, m\u00fcssen Kontakt mit ihren Familienmitgliedern und FreundInnen haben. Sie m\u00fcssen vor Missbrauch und Vernachl\u00e4ssigung gesch\u00fctzt werden. Au\u00dferdem macht Catalina Devandas auf die schlimme Situation von Menschen mit Behinderungen in psychiatrischen Einrichtungen und in Gef\u00e4ngnissen aufmerksam. In diesen Einrichtungen ist die Ansteckungsgefahr besonders gro\u00df.<\/p>\n<p>Wir unterst\u00fctzen die Forderungen der UN-Sonderberichterstatterin sowie den offenen Brief des European Disability Forums zu den Ma\u00dfnahmen, die in europ\u00e4ischen L\u00e4ndern umgesetzt werden. Gesundheitliche Richtlinien und andere Ma\u00dfnahmen d\u00fcrfen nicht diskriminierend f\u00fcr Menschen mit Behinderungen sein.<\/p>\n<p>ErstunterzeichnerInnen:<br \/>\nSophie Schaffernicht, Robert Mittermair<em> (Verein LOK Leben ohne Krankenhaus)<\/em>, Erwin Riess <em>(freier Autor)<\/em>,\u00a0Bernadette Feuerstein <em>(SLI\u00d6)<\/em>, Dorothea Brozek, Valerie Clarke <em>(Assistenz 24)<\/em>, Volker Frey <em>(Klagsverband)<\/em>, Otto Gottlieb<em> (\u00d6VSE)<\/em>, Robert Winklehner <em>(Auftakt GmbH)<\/em>, Lorenz M\u00e4tzener <em>(\u00d6HTB Arbeiten GmbH)<\/em>, Susanne Maurer-Aldrian <em>(Lebenshilfe Graz)<\/em>, Veronika Nemeth <em>(\u00d6HTB Wohnen GmbH)<\/em>, Anton Diestelberger <em>(Rainmans Home)<\/em>, Georg Willeit <em>(Lebenshilfe Tirol)<\/em>, Joachim Mair <em>(Lebenshilfe Wien)<\/em>, Brigitte Gottschall <em>(Jugend am Werk Wien)<\/em>, Klaus Schwertner <em>(Caritas Wien)<\/em>, Gisela Kersting-Kristof <em>(Wiener Sozialdienste F\u00f6rderung &amp; Begleitung GmbH)<\/em>, Ursula Fuhs <em>(Verein Starthilfe)<\/em>, Wolfgang Waldm\u00fcller <em>(HABIT)<\/em>, Petra Dobler <em>(Verein GIN)<\/em>, Gerda Kolb, Ursula Naue <em>(Monitoringstelle f\u00fcr die Rechte von Menschen mit Behinderungen)<\/em>, Martina Lassacher <em>(Co-Leiterin des Internationalen Kinderfilmfestivals)<\/em>,\u00a0Barbara \u00d6lberg, Dorothea Schaffernicht, Michaela Nowak <em>(Windhorse-Gesellschaft)<\/em>, Ernst Steininger <em>(Windhorse-Gesellschaft)<\/em>, Gertrude Ulbel <em>(Windhorse-Gesellschaft)<\/em>;<\/p>\n<p><strong>Warum ist das wichtig?<\/strong><br \/>\nGerade in Krisenzeiten besteht eine gro\u00dfe Gefahr, dass Menschen mit Behinderungen vermehrt Diskriminierungen und Menschenrechtsverletzungen ausgesetzt sind. Deshalb ist es besonders wichtig und notwendig, die politischen Veranwortungstr\u00e4gerInnen aufzufordern, die spezifischen Bed\u00fcrfnisse von Menschen mit Behinderungen im Kontext der Ma\u00dfnahmen zur Bew\u00e4ltigung der COVID-19-Krise ausdr\u00fccklich zu ber\u00fccksichtigen.<\/p>\n<p>Link zum Unterzeichnen: <a href=\"https:\/\/mein.aufstehn.at\/petitions\/fur-eine-diskriminierungsfreie-behandlung-von-menschen-mit-behinderungen-in-der-covid-19-krise\">Petition f\u00fcr eine diskriminierungsfreie Behandlung von Menschen mit Behinderungen in der Covid 19 Krise<\/a><\/p>\n<p>Quellen:<br \/>\nEigelsreiter, Gudrun. 2020. International: Wer sch\u00fctzt die Rechte von Menschen mit Behinderungen? <a href=\"https:\/\/www.behindertenrat.at\/2020\/03\/international-wer-schuetzt-die-rechte-menschen-mit-behinderungen\">https:\/\/www.behindertenrat.at\/2020\/03\/international-wer-schuetzt-die-rechte-menschen-mit-behinderungen<\/a> Abruf: 8.4.2020.<span class=\"Apple-converted-space\"><br \/>\n<\/span>European Disability Forum. 2020. Open letter: COVID 19 &#8211; medical guidelines should not discriminate against persons with disabilities. <a href=\"http:\/\/www.edf-feph.org\/newsroom\/news\/open-letter-covid-19-medical-guidelines-should-not-discriminate-against-persons\">http:\/\/www.edf-feph.org\/newsroom\/news\/open-letter-covid-19-medical-guidelines-should-not-discriminate-against-persons<\/a> Abruf: 8.4.2020.<span class=\"Apple-converted-space\"><br \/>\n<\/span>Linecker, Lena. 2020. Medizinische Vorgaben d\u00fcrfen nicht diskriminieren. <a href=\"https:\/\/www.bizeps.or.at\/medizinische-vorgaben-duerfen-nicht-diskriminieren\/\">https:\/\/www.bizeps.or.at\/medizinische-vorgaben-duerfen-nicht-diskriminieren\/<\/a> Abruf: 8.4.2020.<span class=\"Apple-converted-space\"><br \/>\n<\/span>Mittermair, Robert. 2020. Verdachtsfall Behindertenhilfe. <a href=\"https:\/\/www.bizeps.or.at\/verdachtsfall-behindertenhilfe\/\">https:\/\/www.bizeps.or.at\/verdachtsfall-behindertenhilfe\/<\/a> Abruf: 8.4.2020.<span class=\"Apple-converted-space\"><br \/>\n<\/span>United Nations Human Rights Office of the High Commissioner. 2020. COVID-19: Who is protecting the people with disabilities? \u2013 UN rights expert. <a href=\"https:\/\/www.ohchr.org\/EN\/NewsEvents\/Pages\/DisplayNews.aspx?NewsID=25725&amp;LangID=E&amp;fbclid\">https:\/\/www.ohchr.org\/EN\/NewsEvents\/Pages\/DisplayNews.aspx?NewsID=25725&amp;LangID=E&amp;fbclid<\/a> Abruf: 8.4.2020.<\/p>\n<p>Presseaussendung zum Thema:<br \/>\n<a href=\"https:\/\/www.ots.at\/presseaussendung\/OTS_20200409_OTS0040\/regierungsmassnahmen-anlaesslich-der-covid19-pandemie-fuer-besonders-gefaehrdete-menschen-unzureichend\">Regierungsma\u00dfnahmen anl\u00e4sslich der Covid19-Pandemie f\u00fcr besonders gef\u00e4hrdete Menschen unzureichend<\/a><br \/>\n<a href=\"https:\/\/www.behindertenrat.at\/2020\/03\/behindertenrat-fordert-klarheit-zu-sonderbetreuungszeit-stationaere-unterbringung-vermeiden\/\">Behindertenrat fordert: Klarheit zu Sonderbetreuungszeit \/ station\u00e4re Unterbringung vermeiden<\/a><\/p>\n","protected":false},"excerpt":{"rendered":"<p>Text: Robert Mittermair An den \u00f6sterreichischen Gesundheitsminister und die Gesundheitslandesr\u00e4tInnen aller Bundesl\u00e4nder:\u00a0F\u00fcr eine diskriminierungsfreie Behandlung von Menschen mit Behinderungen in der COVID-19-Krise! In manchen L\u00e4ndern wirken sich die Restriktionen zur Eind\u00e4mmung des Corona-Virus diskriminierend auf Menschen mit Behinderungen aus. Artikel 11 der UN-Behindertenrechtskonvention h\u00e4lt aber die Pflicht der Vertragsstaaten fest, daf\u00fcr zu sorgen, dass Menschen&#8230; <a href=\"https:\/\/bmin.info\/WP\/2020\/04\/14\/petition-fuer-eine-diskriminierungsfreie-behandlung-von-menschen-mit-behinderungen-ist-online\/\" class=\"more-link\">Continue reading <span class=\"screen-reader-text\">Petition f\u00fcr eine diskriminierungsfreie Behandlung von Menschen mit Behinderungen ist online<\/span><\/a><\/p>\n","protected":false},"author":3,"featured_media":0,"comment_status":"closed","ping_status":"closed","sticky":false,"template":"","format":"standard","meta":{"footnotes":""},"categories":[3],"tags":[],"class_list":["post-7562","post","type-post","status-publish","format-standard","hentry","category-info"],"_links":{"self":[{"href":"https:\/\/bmin.info\/WP\/wp-json\/wp\/v2\/posts\/7562","targetHints":{"allow":["GET"]}}],"collection":[{"href":"https:\/\/bmin.info\/WP\/wp-json\/wp\/v2\/posts"}],"about":[{"href":"https:\/\/bmin.info\/WP\/wp-json\/wp\/v2\/types\/post"}],"author":[{"embeddable":true,"href":"https:\/\/bmin.info\/WP\/wp-json\/wp\/v2\/users\/3"}],"replies":[{"embeddable":true,"href":"https:\/\/bmin.info\/WP\/wp-json\/wp\/v2\/comments?post=7562"}],"version-history":[{"count":6,"href":"https:\/\/bmin.info\/WP\/wp-json\/wp\/v2\/posts\/7562\/revisions"}],"predecessor-version":[{"id":7592,"href":"https:\/\/bmin.info\/WP\/wp-json\/wp\/v2\/posts\/7562\/revisions\/7592"}],"wp:attachment":[{"href":"https:\/\/bmin.info\/WP\/wp-json\/wp\/v2\/media?parent=7562"}],"wp:term":[{"taxonomy":"category","embeddable":true,"href":"https:\/\/bmin.info\/WP\/wp-json\/wp\/v2\/categories?post=7562"},{"taxonomy":"post_tag","embeddable":true,"href":"https:\/\/bmin.info\/WP\/wp-json\/wp\/v2\/tags?post=7562"}],"curies":[{"name":"wp","href":"https:\/\/api.w.org\/{rel}","templated":true}]}}