{"id":7844,"date":"2020-08-07T07:13:06","date_gmt":"2020-08-07T06:13:06","guid":{"rendered":"https:\/\/bmin.info\/WP\/?p=7844"},"modified":"2020-08-07T07:15:54","modified_gmt":"2020-08-07T06:15:54","slug":"kabarett-simpl-maengel-beim-eingang-behoben","status":"publish","type":"post","link":"https:\/\/bmin.info\/WP\/2020\/08\/07\/kabarett-simpl-maengel-beim-eingang-behoben\/","title":{"rendered":"Kabarett Simpl: M\u00e4ngel beim Eingang behoben"},"content":{"rendered":"\n<p>Text: Pepo Meia, Niels Cimpa<br \/>Das legend\u00e4re <a href=\"https:\/\/de.wikipedia.org\/wiki\/Simpl_(Wien)\">Kabarett Simpl<\/a> in der Wollzeile im ersten Wiener Gemeindebezirk ist jedem Kabarett-Liebhaber ein Begriff.\u00a0<br \/><br \/>F\u00fcr Besucher im Rollstuhl, die keine Begleitperson hatten, war es bisher nicht m\u00f6glich, alleine Karten zu kaufen, um zu einem der drei Rollstuhl-Stellpl\u00e4tze zu gelangen, da der Eingang zum Kassenbereich eine f\u00fcnf bis zehn cm hohe Stufe hatte. Folglich musste auch ein Angestellter kontaktiert werden (vom Kassabereich aus), damit man von einem Nebeneingang mit einem Aufzug in den Veranstaltungssaal gelangen konnte.<br \/><br \/>Schon im Mai 2018 wurde ein <a href=\"http:\/\/www.behindertenanwalt.gv.at\/schlichtungen\">Schlichtungsverfahren<\/a> von Kornelia G\u00f6tzinger wegen der Stufe beim Haupteingang eingeleitet. Der damalige Gesch\u00e4ftsf\u00fchrer Albert Schmidleitner, versprach innerhalb eines halben Jahres (bis November 2018), diese bauliche Diskriminierung zu beseitigen. Dies ist bis Anfang 2020 nicht passiert.<br \/><br \/>Als der Inhaber, Michael Niavarani, damit konfrontiert wurde, sagte er prompt zu, die M\u00e4ngel beheben zu lassen. Dies ist nun geschehen.<\/p>\n\n\n\n<div class=\"wp-block-columns is-layout-flex wp-container-core-columns-is-layout-9d6595d7 wp-block-columns-is-layout-flex\">\n<div class=\"wp-block-column is-layout-flow wp-block-column-is-layout-flow\" style=\"flex-basis:33.33%\">\n<div class=\"wp-block-image\"><figure class=\"aligncenter size-full is-resized\"><img loading=\"lazy\" decoding=\"async\" src=\"https:\/\/bmin.info\/WP\/wp-content\/uploads\/2020\/08\/200728_SIMPL1517290.jpg\" alt=\"\" class=\"wp-image-7858\" width=\"404\" height=\"607\" srcset=\"https:\/\/bmin.info\/WP\/wp-content\/uploads\/2020\/08\/200728_SIMPL1517290.jpg 808w, https:\/\/bmin.info\/WP\/wp-content\/uploads\/2020\/08\/200728_SIMPL1517290-200x300.jpg 200w, https:\/\/bmin.info\/WP\/wp-content\/uploads\/2020\/08\/200728_SIMPL1517290-682x1024.jpg 682w, https:\/\/bmin.info\/WP\/wp-content\/uploads\/2020\/08\/200728_SIMPL1517290-768x1153.jpg 768w, https:\/\/bmin.info\/WP\/wp-content\/uploads\/2020\/08\/200728_SIMPL1517290-96x144.jpg 96w\" sizes=\"auto, (max-width: 404px) 100vw, 404px\" \/><\/figure><\/div>\n<\/div>\n\n\n\n<div class=\"wp-block-column is-layout-flow wp-block-column-is-layout-flow\" style=\"flex-basis:66.66%\">\n<div class=\"wp-block-image\"><figure class=\"aligncenter size-full is-resized\"><img loading=\"lazy\" decoding=\"async\" src=\"https:\/\/bmin.info\/WP\/wp-content\/uploads\/2020\/08\/200729_SIMPL_0891.jpg\" alt=\"\" class=\"wp-image-7859\" width=\"640\" height=\"480\" srcset=\"https:\/\/bmin.info\/WP\/wp-content\/uploads\/2020\/08\/200729_SIMPL_0891.jpg 1280w, https:\/\/bmin.info\/WP\/wp-content\/uploads\/2020\/08\/200729_SIMPL_0891-300x225.jpg 300w, https:\/\/bmin.info\/WP\/wp-content\/uploads\/2020\/08\/200729_SIMPL_0891-1024x768.jpg 1024w, https:\/\/bmin.info\/WP\/wp-content\/uploads\/2020\/08\/200729_SIMPL_0891-768x576.jpg 768w, https:\/\/bmin.info\/WP\/wp-content\/uploads\/2020\/08\/200729_SIMPL_0891-144x108.jpg 144w\" sizes=\"auto, (max-width: 640px) 100vw, 640px\" \/><\/figure><\/div>\n<\/div>\n<\/div>\n\n\n\n<p>Wir bedanken uns im Namen aller Betroffenen.<\/p>\n\n\n\n<p>Alle Termine: <a href=\"https:\/\/simpl.at\/saalplan-service\/\">Der Simpl im Sommer im Park!<\/a> &#8211; Auch Rollstuhl-Stellpl\u00e4tze sind selbstverst\u00e4ndlich vorhanden<\/p>\n\n\n\n<p>Artikel zum Thema:<br \/><a href=\"https:\/\/bmin.info\/WP\/2020\/01\/31\/schlichtungsergebnis-vorerst-ignoriert\/\">Schlichtungsergebnis vorerst ignoriert<\/a><br \/><em>Der neue Inhaber vom Simpl, Michael Niavarani, hat nach neuerlicher Kontaktaufnahme sofort reagiert<\/em><br \/><\/p>\n","protected":false},"excerpt":{"rendered":"<p>Text: Pepo Meia, Niels CimpaDas legend\u00e4re Kabarett Simpl in der Wollzeile im ersten Wiener Gemeindebezirk ist jedem Kabarett-Liebhaber ein Begriff.\u00a0 F\u00fcr Besucher im Rollstuhl, die keine Begleitperson hatten, war es bisher nicht m\u00f6glich, alleine Karten zu kaufen, um zu einem der drei Rollstuhl-Stellpl\u00e4tze zu gelangen, da der Eingang zum Kassenbereich eine f\u00fcnf bis zehn cm&#8230; <a href=\"https:\/\/bmin.info\/WP\/2020\/08\/07\/kabarett-simpl-maengel-beim-eingang-behoben\/\" class=\"more-link\">Continue reading <span class=\"screen-reader-text\">Kabarett Simpl: M\u00e4ngel beim Eingang behoben<\/span><\/a><\/p>\n","protected":false},"author":3,"featured_media":0,"comment_status":"closed","ping_status":"closed","sticky":false,"template":"","format":"standard","meta":{"footnotes":""},"categories":[3],"tags":[],"class_list":["post-7844","post","type-post","status-publish","format-standard","hentry","category-info"],"_links":{"self":[{"href":"https:\/\/bmin.info\/WP\/wp-json\/wp\/v2\/posts\/7844","targetHints":{"allow":["GET"]}}],"collection":[{"href":"https:\/\/bmin.info\/WP\/wp-json\/wp\/v2\/posts"}],"about":[{"href":"https:\/\/bmin.info\/WP\/wp-json\/wp\/v2\/types\/post"}],"author":[{"embeddable":true,"href":"https:\/\/bmin.info\/WP\/wp-json\/wp\/v2\/users\/3"}],"replies":[{"embeddable":true,"href":"https:\/\/bmin.info\/WP\/wp-json\/wp\/v2\/comments?post=7844"}],"version-history":[{"count":14,"href":"https:\/\/bmin.info\/WP\/wp-json\/wp\/v2\/posts\/7844\/revisions"}],"predecessor-version":[{"id":7872,"href":"https:\/\/bmin.info\/WP\/wp-json\/wp\/v2\/posts\/7844\/revisions\/7872"}],"wp:attachment":[{"href":"https:\/\/bmin.info\/WP\/wp-json\/wp\/v2\/media?parent=7844"}],"wp:term":[{"taxonomy":"category","embeddable":true,"href":"https:\/\/bmin.info\/WP\/wp-json\/wp\/v2\/categories?post=7844"},{"taxonomy":"post_tag","embeddable":true,"href":"https:\/\/bmin.info\/WP\/wp-json\/wp\/v2\/tags?post=7844"}],"curies":[{"name":"wp","href":"https:\/\/api.w.org\/{rel}","templated":true}]}}