{"id":7906,"date":"2020-08-21T07:15:16","date_gmt":"2020-08-21T06:15:16","guid":{"rendered":"https:\/\/bmin.info\/WP\/?p=7906"},"modified":"2020-08-21T08:06:16","modified_gmt":"2020-08-21T07:06:16","slug":"weltmuseum-wien-sensationeller-plattformlift-beim-haupteingang","status":"publish","type":"post","link":"https:\/\/bmin.info\/WP\/2020\/08\/21\/weltmuseum-wien-sensationeller-plattformlift-beim-haupteingang\/","title":{"rendered":"Weltmuseum Wien: Sensationeller Plattformlift beim Haupteingang"},"content":{"rendered":"<p>Text: Pepo Meia<br \/>\n<b><i>Denkmalgesch\u00fctzt und Zugang trotzdem barrierefrei<br \/>\n<\/i><\/b><i>Oft scheitern barrierefreie Ma\u00dfnahmen am Denkmalschutz. Bei der Neugestaltung des Weltmuseums Wien ist man jedoch diesbez\u00fcglich<span class=\"Apple-converted-space\">\u00a0<\/span>kompromisslos &#8211; auch international vorzeigbar &#8211; vorgegangen. Der technisch ausgereifte Plattformlift beim Haupteingang ist eine Sensation und habe ich so noch nie gesehen.<\/i><\/p>\n<p><a href=\"https:\/\/bmin.info\/WP\/wp-content\/uploads\/2020\/08\/WM1.jpg\"><img loading=\"lazy\" decoding=\"async\" class=\"aligncenter wp-image-7922 size-large\" src=\"https:\/\/bmin.info\/WP\/wp-content\/uploads\/2020\/08\/WM1-1024x575.jpg\" alt=\"\" width=\"650\" height=\"365\" srcset=\"https:\/\/bmin.info\/WP\/wp-content\/uploads\/2020\/08\/WM1-1024x575.jpg 1024w, https:\/\/bmin.info\/WP\/wp-content\/uploads\/2020\/08\/WM1-300x169.jpg 300w, https:\/\/bmin.info\/WP\/wp-content\/uploads\/2020\/08\/WM1-768x432.jpg 768w, https:\/\/bmin.info\/WP\/wp-content\/uploads\/2020\/08\/WM1-144x81.jpg 144w, https:\/\/bmin.info\/WP\/wp-content\/uploads\/2020\/08\/WM1.jpg 1226w\" sizes=\"auto, (max-width: 650px) 100vw, 650px\" \/><\/a><\/p>\n<p>Das Weltmuseum Wien wurde von 2014 bis Ende 2017 von Grund auf neu konzipiert. Nach drei Jahren Umbau wurde das neue Weltmuseum, am 25. Oktober 2017, mit einer spektakul\u00e4ren Show von <a href=\"https:\/\/de.wikipedia.org\/wiki\/Andre_Heller\">Andre Heller<\/a>\u00a0(Open-Air\u00a0<a href=\"https:\/\/www.youtube.com\/watch?&amp;v=StHgTe_eiCI&amp;feature=emb_logo\">Er\u00f6ffnungsshow am Heldenplatz<\/a>), von Bundespr\u00e4sident Alexander Van der Bellen wiederer\u00f6ffnet.<span class=\"Apple-converted-space\">\u00a0<\/span><\/p>\n<p data-wp-editing=\"1\"><a href=\"https:\/\/bmin.info\/WP\/wp-content\/uploads\/2020\/08\/WM2.jpg\">\u00a0<\/a><a href=\"https:\/\/bmin.info\/WP\/wp-content\/uploads\/2020\/08\/WM2.jpg\"><img loading=\"lazy\" decoding=\"async\" class=\"alignnone wp-image-7923\" src=\"https:\/\/bmin.info\/WP\/wp-content\/uploads\/2020\/08\/WM2-1024x768.jpg\" alt=\"\" width=\"400\" height=\"300\" srcset=\"https:\/\/bmin.info\/WP\/wp-content\/uploads\/2020\/08\/WM2-1024x768.jpg 1024w, https:\/\/bmin.info\/WP\/wp-content\/uploads\/2020\/08\/WM2-300x225.jpg 300w, https:\/\/bmin.info\/WP\/wp-content\/uploads\/2020\/08\/WM2-768x576.jpg 768w, https:\/\/bmin.info\/WP\/wp-content\/uploads\/2020\/08\/WM2-144x108.jpg 144w, https:\/\/bmin.info\/WP\/wp-content\/uploads\/2020\/08\/WM2.jpg 1280w\" sizes=\"auto, (max-width: 400px) 100vw, 400px\" \/><\/a> <a href=\"https:\/\/bmin.info\/WP\/wp-content\/uploads\/2020\/08\/WM3.jpg\"><img loading=\"lazy\" decoding=\"async\" class=\"alignnone wp-image-7924\" src=\"https:\/\/bmin.info\/WP\/wp-content\/uploads\/2020\/08\/WM3-1024x768.jpg\" alt=\"\" width=\"400\" height=\"300\" srcset=\"https:\/\/bmin.info\/WP\/wp-content\/uploads\/2020\/08\/WM3-1024x768.jpg 1024w, https:\/\/bmin.info\/WP\/wp-content\/uploads\/2020\/08\/WM3-300x225.jpg 300w, https:\/\/bmin.info\/WP\/wp-content\/uploads\/2020\/08\/WM3-768x576.jpg 768w, https:\/\/bmin.info\/WP\/wp-content\/uploads\/2020\/08\/WM3-144x108.jpg 144w, https:\/\/bmin.info\/WP\/wp-content\/uploads\/2020\/08\/WM3.jpg 1280w\" sizes=\"auto, (max-width: 400px) 100vw, 400px\" \/><\/a><\/p>\n<p>Der Haupteingang des Museums ist mit Hilfe eines <a href=\"https:\/\/de.wikipedia.org\/wiki\/Plattformlift\">Plattformlifts<\/a> seit der Wiederer\u00f6ffnung stufenlos erreichbar.<\/p>\n<p><iframe loading=\"lazy\" title=\"Zugang zum Weltmuseum Wien \/ Accessible Entrance Weltmuseum Vienna\" width=\"650\" height=\"366\" src=\"https:\/\/www.youtube.com\/embed\/D8IDcqLaVRo?feature=oembed\" frameborder=\"0\" allow=\"accelerometer; autoplay; clipboard-write; encrypted-media; gyroscope; picture-in-picture; web-share\" referrerpolicy=\"strict-origin-when-cross-origin\" allowfullscreen><\/iframe><\/p>\n<p>Das von BIZEPS produzierte\u00a0Video zeigt die Funktionsweise des kaum <a href=\"https:\/\/bmin.info\/WP\/wp-content\/uploads\/2020\/08\/WM4.jpg\"><img loading=\"lazy\" decoding=\"async\" class=\"alignleft size-medium wp-image-7925\" src=\"https:\/\/bmin.info\/WP\/wp-content\/uploads\/2020\/08\/WM4-225x300.jpg\" alt=\"\" width=\"225\" height=\"300\" srcset=\"https:\/\/bmin.info\/WP\/wp-content\/uploads\/2020\/08\/WM4-225x300.jpg 225w, https:\/\/bmin.info\/WP\/wp-content\/uploads\/2020\/08\/WM4-768x1024.jpg 768w, https:\/\/bmin.info\/WP\/wp-content\/uploads\/2020\/08\/WM4-108x144.jpg 108w, https:\/\/bmin.info\/WP\/wp-content\/uploads\/2020\/08\/WM4.jpg 960w\" sizes=\"auto, (max-width: 225px) 100vw, 225px\" \/><\/a>sichtbaren Liftes. Er ist in den Boden eingelassen. Die Plattform kann selbstst\u00e4ndig und einfach bedient werden. F\u00fcr die Bet\u00e4tigung gibt es eine entsprechend gekennzeichnete S\u00e4ule\u00a0(auch ohne Euroschl\u00fcssel m\u00f6glich).\u00a0Der Plattformlift f\u00e4hrt aus dem Boden, die Plattform schiebt sich nach vor, die Stufen am Eingang k\u00f6nnen \u00fcberwunden werden. Die T\u00fcren zum Kassabereich \u00f6ffnen sich automatisch.<br \/>\nGenau nach demselben Prinzip funktioniert es, wenn man wieder rausfahren m\u00f6chte. Auch im Inneren des Geb\u00e4udes gibt es eine S\u00e4ule zum Rufen des Plattformliftes.<\/p>\n<p><strong>Eintrittspreise:<\/strong><br \/>\nErwachsene\u00a0 \u20ac 12,-<br \/>\nErm\u00e4\u00dfigt \u20ac 9 &#8211; (Rollstuhlnutzer mit Behindertenausweis); Die ben\u00f6tigte Begleitperson darf gratis ins Museum.<br \/>\nMehr Infos siehe auch: <a href=\"https:\/\/www.weltmuseumwien.at\/information\/#barrierefrei\">Barrierefrei ins Weltmuseum Wien<\/a><\/p>\n<p><b><i>Anm.<\/i><\/b><i>: <\/i><i>F\u00fcr eine Tourismusstadt wie Wien sollte es eine Selbstverst\u00e4ndlichkeit sein, die barrierefreie Zug\u00e4nglichkeit in allen Museen so kompromisslos zu verwirklichen, wie beim Weltmuseum am Heldenplatz. Dazu m\u00fcssen jedoch auch die finanziellen Mittel zur Verf\u00fcgung gestellt werden.<\/i><\/p>\n<p>Artikel zum Thema:<br \/>\n<a href=\"https:\/\/www.bizeps.or.at\/weltmuseum-denkmalgeschuetzt-und-zugang-trotzdem-barrierefrei\/\">Weltmuseum denkmalgesch\u00fctzt und Zugang trotzdem barrierefrei<\/a><i> (BIZEPS-online vom 19.08.2020)<\/i><\/p>\n","protected":false},"excerpt":{"rendered":"<p>Text: Pepo Meia Denkmalgesch\u00fctzt und Zugang trotzdem barrierefrei Oft scheitern barrierefreie Ma\u00dfnahmen am Denkmalschutz. Bei der Neugestaltung des Weltmuseums Wien ist man jedoch diesbez\u00fcglich\u00a0kompromisslos &#8211; auch international vorzeigbar &#8211; vorgegangen. Der technisch ausgereifte Plattformlift beim Haupteingang ist eine Sensation und habe ich so noch nie gesehen. Das Weltmuseum Wien wurde von 2014 bis Ende 2017&#8230; <a href=\"https:\/\/bmin.info\/WP\/2020\/08\/21\/weltmuseum-wien-sensationeller-plattformlift-beim-haupteingang\/\" class=\"more-link\">Continue reading <span class=\"screen-reader-text\">Weltmuseum Wien: Sensationeller Plattformlift beim Haupteingang<\/span><\/a><\/p>\n","protected":false},"author":3,"featured_media":0,"comment_status":"closed","ping_status":"closed","sticky":false,"template":"","format":"standard","meta":{"footnotes":""},"categories":[3],"tags":[],"class_list":["post-7906","post","type-post","status-publish","format-standard","hentry","category-info"],"_links":{"self":[{"href":"https:\/\/bmin.info\/WP\/wp-json\/wp\/v2\/posts\/7906","targetHints":{"allow":["GET"]}}],"collection":[{"href":"https:\/\/bmin.info\/WP\/wp-json\/wp\/v2\/posts"}],"about":[{"href":"https:\/\/bmin.info\/WP\/wp-json\/wp\/v2\/types\/post"}],"author":[{"embeddable":true,"href":"https:\/\/bmin.info\/WP\/wp-json\/wp\/v2\/users\/3"}],"replies":[{"embeddable":true,"href":"https:\/\/bmin.info\/WP\/wp-json\/wp\/v2\/comments?post=7906"}],"version-history":[{"count":15,"href":"https:\/\/bmin.info\/WP\/wp-json\/wp\/v2\/posts\/7906\/revisions"}],"predecessor-version":[{"id":7940,"href":"https:\/\/bmin.info\/WP\/wp-json\/wp\/v2\/posts\/7906\/revisions\/7940"}],"wp:attachment":[{"href":"https:\/\/bmin.info\/WP\/wp-json\/wp\/v2\/media?parent=7906"}],"wp:term":[{"taxonomy":"category","embeddable":true,"href":"https:\/\/bmin.info\/WP\/wp-json\/wp\/v2\/categories?post=7906"},{"taxonomy":"post_tag","embeddable":true,"href":"https:\/\/bmin.info\/WP\/wp-json\/wp\/v2\/tags?post=7906"}],"curies":[{"name":"wp","href":"https:\/\/api.w.org\/{rel}","templated":true}]}}