{"id":7920,"date":"2020-08-26T07:15:23","date_gmt":"2020-08-26T06:15:23","guid":{"rendered":"https:\/\/bmin.info\/WP\/?p=7920"},"modified":"2020-08-26T07:15:23","modified_gmt":"2020-08-26T06:15:23","slug":"chaos-bei-schanigaerten-wer-ist-verantwortlich","status":"publish","type":"post","link":"https:\/\/bmin.info\/WP\/2020\/08\/26\/chaos-bei-schanigaerten-wer-ist-verantwortlich\/","title":{"rendered":"Chaos bei Schanig\u00e4rten: Wer ist verantwortlich?"},"content":{"rendered":"\n<p>Text: Pepo Meia, Niels Cimpa, David Herrmann<br \/><strong><em>Beh\u00f6rden \u00fcberfordert &#8211; Wer achtet auf Barrierefreiheit?<\/em><\/strong><br \/>Seit rund einem Jahr sind wir mit den Wiener Magistratsabteilungen telefonisch und schriftlich wegen nicht-barrierefreien Schanig\u00e4rten in Kontakt. Neben vorbildlichen Beispielen, sieht man immer mehr Schanig\u00e4rten mit Podesten, die keine Zug\u00e4nglichkeit f\u00fcr mobilit\u00e4tseingeschr\u00e4nkte Personen vorsehen (Podeste mit bis zu 18 cm hohen Stufen).<\/p>\n\n\n\n<p>Scheinbar haben wir mit dieser Thematik in ein Wespennest gestochen, denn wir h\u00e4tten nicht gedacht, dass seitens der Beh\u00f6rden so \u201egemauert\u201c wird. Dabei sind die sogenannten Schanig\u00e4rten nur eine \u201eNebenfront\u201c beim Kampf f\u00fcr die gleichberechtigte Teilhabe von Menschen mit Behinderung am gesellschaftlichen Leben.<\/p>\n\n\n\n<p>Den letzten BMIN-Artikel zum Thema: \u201e<a href=\"https:\/\/bmin.info\/WP\/2020\/06\/08\/neuer-schanigarten-wieder-nicht-barrierefrei\/\">Neuer Schanigarten wieder nicht barrierefrei<\/a>\u201c vom 8. Juni 2020 haben wir ebenfalls an die zust\u00e4ndige Magistratsabteilung gesendet und erhielten folgende Antwort am 24. Juni 2020 (GZ. 505266-20 auszugsweise):&nbsp;<\/p>\n\n\n\n<p><em>\u201eZu Ihren Schreiben vom 10. und 12. Juni 2020 wird seitens der Magistratischen Bezirksamtes wie folgt Stellung genommen:<\/em><br \/><em>Betreffend des Schanigarten \u201eVenuss\u201c wird mitgeteilt, dass sich dieser auf Privatgrund befindet und daher keine Bewilligung erforderlich ist.<\/em><\/p>\n\n\n\n<p><em>F\u00fcr den Schanigarten \u201eOne Night in Bejing\u201c kann mangels rechtlicher Grundlage nach dem Gebrauchsabgabegesetz (GAG), wie bereits von Ihnen ausgef\u00fchrt, keine Barrierefreiheit vorgeschrieben werden. [\u2026]\u201c<\/em><\/p>\n\n\n\n<p>Schon im BMIN-Artikel vom 29. Juli 2019 <em>\u201e<\/em><a href=\"https:\/\/bmin.info\/WP\/2019\/07\/29\/schanigartenrichtlinie-wird-ignoriert\/\">Schanigartenrichtlinie wird ignoriert<\/a>\u201c zeigten wir auf, dass nicht-barrierefreie Schanig\u00e4rten als \u201eauflagenkonform\u201c bewilligt wurden (GZ.: MA 59-L-657048-2019-MA).<\/p>\n\n\n\n<p>Als das Problem 2020 noch immer akut war, haben wir viele Beispiele von nicht-barrierefreien, aber scheinbar auflagenkonformen Schanig\u00e4rten an die zust\u00e4ndigen Stellen &#8211; auch an die Wirtschaftskammer &#8211; und politisch Verantwortlichen gesendet.<\/p>\n\n\n\n<p><strong>DI Walter Ruck (WKW) hat zweimal geantwortet <\/strong>(1. Juli und 10. Juli). Seitens der WKW kommen keine Verbesserungsvorschl\u00e4ge. Stattdessen will man den jetzigen Status beibehalten. Er schreibt w\u00f6rtlich am 1. Juli: <em>\u201eDas GAG ist st\u00e4ndig auf unserem Radar, hier gibt es einige \u00c4nderungsw\u00fcnsche, nicht nur zur besseren Ber\u00fccksichtigung der N\u00f6te der mobilit\u00e4tseingeschr\u00e4nkten Personen.\u201c<br \/> <\/em>Und am 10. Juli: <em>\u201eDas GAG sollte lediglich die Geb\u00fchren f\u00fcr die Nutzung des \u00f6ffentlichen Raumes regeln, alle weiteren Regeln sind bereits in anderen Gesetzen enthalten. Eine Wiederholung w\u00fcrde nur die Verst\u00e4ndlichkeit von Gesetzen erschweren, was nicht in unser aller Interesse liegen kann.\u201c <\/em><strong><em>Anm.<\/em><\/strong><em>: <\/em>Aber selbst das Informationsvideo der WKO weist kurz darauf hin, dass ein Schanigarten max. 3 cm Stufenh\u00f6he haben darf (<a href=\"https:\/\/www.wko.at\/branchen\/w\/tourismus-freizeitwirtschaft\/gastronomie\/Anzeige-Formular-Gastgartenbetrieb.html?shorturl=wkoat_wien_schanigarten\">www.wko.at\/wien\/schanigarten<\/a>).<\/p>\n\n\n\n<p><strong>Am 31. Juli 2020 erhielten wir auch ein Antwortschreiben des Sozialministeriums<\/strong> (Ministerb\u00fcro Anschober &#8211; GZ: 2020-0.420.850 &#8211; auszugsweise):<br \/>\n<em>\u201e\u2026Ihr Anliegen ist nachvollziehbar und aus behindertenrechtlicher Sicht sollten die von Ihnen geschilderten Unannehmlichkeiten und Barrieren nicht mehr bestehen. Wie Sie selbst wissen, f\u00e4llt Ihr Anliegen in erster Linie in die Zust\u00e4ndigkeit des Landes Wien.<\/em><em>[\u2026]\u201c<\/em><\/p>\n\n\n\n<p><em>\u201eZurzeit arbeitet unsere Abteilung im regelm\u00e4\u00dfigen Austausch mit den anderen Bundesministerien sowie mit den L\u00e4ndern als auch den Stakeholdern aus der Disability Community an der Erstellung des neuen Nationalen Aktionsplans Behinderung. Auch im neuen NAP Behinderung wird das Thema \u201eVerbesserungen im Behindertengleichstellungsrecht\u201c thematisiert werden. Entsprechende Vorschl\u00e4ge f\u00fcr den neuen NAP werden regelm\u00e4\u00dfig, in und mit der Disability Community, diskutiert. <\/em><em>[\u2026]\u201c<\/em><\/p>\n\n\n\n<p><em>\u201eSeien Sie versichert, wir werden Ihre Anregungen und Ihre Beschwerde bez\u00fcglich der leider noch immer allt\u00e4glichen Benachteiligungen von Menschen mit Behinderungen in k\u00fcnftige \u00dcberlegungen und Dialoge miteinbeziehen. <\/em><em>[\u2026]\u201c<\/em><\/p>\n\n\n\n<p>Die Foto-Galerie zeigt aktuelle Beispiele aus dem 3ten, 9ten, 19ten und 20sten Wiener Gemeindebezirk: <\/p>\n\n\n\n<figure class=\"wp-block-gallery columns-3 is-cropped wp-block-gallery-1 is-layout-flex wp-block-gallery-is-layout-flex\"><ul class=\"blocks-gallery-grid\"><li class=\"blocks-gallery-item\"><figure><a href=\"https:\/\/bmin.info\/WP\/wp-content\/uploads\/2020\/08\/landstein-1030.jpg\"><img loading=\"lazy\" decoding=\"async\" width=\"779\" height=\"621\" src=\"https:\/\/bmin.info\/WP\/wp-content\/uploads\/2020\/08\/landstein-1030.jpg\" alt=\"\" data-id=\"7943\" data-full-url=\"https:\/\/bmin.info\/WP\/wp-content\/uploads\/2020\/08\/landstein-1030.jpg\" data-link=\"https:\/\/bmin.info\/WP\/?attachment_id=7943\" class=\"wp-image-7943\" srcset=\"https:\/\/bmin.info\/WP\/wp-content\/uploads\/2020\/08\/landstein-1030.jpg 779w, https:\/\/bmin.info\/WP\/wp-content\/uploads\/2020\/08\/landstein-1030-300x239.jpg 300w, https:\/\/bmin.info\/WP\/wp-content\/uploads\/2020\/08\/landstein-1030-768x612.jpg 768w, https:\/\/bmin.info\/WP\/wp-content\/uploads\/2020\/08\/landstein-1030-144x115.jpg 144w\" sizes=\"auto, (max-width: 779px) 100vw, 779px\" \/><\/a><\/figure><\/li><li class=\"blocks-gallery-item\"><figure><a href=\"https:\/\/bmin.info\/WP\/wp-content\/uploads\/2020\/08\/pizzeria-modena-1030.jpg\"><img loading=\"lazy\" decoding=\"async\" width=\"779\" height=\"621\" src=\"https:\/\/bmin.info\/WP\/wp-content\/uploads\/2020\/08\/pizzeria-modena-1030.jpg\" alt=\"\" data-id=\"7944\" data-full-url=\"https:\/\/bmin.info\/WP\/wp-content\/uploads\/2020\/08\/pizzeria-modena-1030.jpg\" data-link=\"https:\/\/bmin.info\/WP\/?attachment_id=7944\" class=\"wp-image-7944\" srcset=\"https:\/\/bmin.info\/WP\/wp-content\/uploads\/2020\/08\/pizzeria-modena-1030.jpg 779w, https:\/\/bmin.info\/WP\/wp-content\/uploads\/2020\/08\/pizzeria-modena-1030-300x239.jpg 300w, https:\/\/bmin.info\/WP\/wp-content\/uploads\/2020\/08\/pizzeria-modena-1030-768x612.jpg 768w, https:\/\/bmin.info\/WP\/wp-content\/uploads\/2020\/08\/pizzeria-modena-1030-144x115.jpg 144w\" sizes=\"auto, (max-width: 779px) 100vw, 779px\" \/><\/a><\/figure><\/li><li class=\"blocks-gallery-item\"><figure><a href=\"https:\/\/bmin.info\/WP\/wp-content\/uploads\/2020\/08\/Schanig_1090_Ecke-Bergg..jpg\"><img loading=\"lazy\" decoding=\"async\" width=\"960\" height=\"720\" src=\"https:\/\/bmin.info\/WP\/wp-content\/uploads\/2020\/08\/Schanig_1090_Ecke-Bergg..jpg\" alt=\"\" data-id=\"7945\" data-full-url=\"https:\/\/bmin.info\/WP\/wp-content\/uploads\/2020\/08\/Schanig_1090_Ecke-Bergg..jpg\" data-link=\"https:\/\/bmin.info\/WP\/?attachment_id=7945\" class=\"wp-image-7945\" srcset=\"https:\/\/bmin.info\/WP\/wp-content\/uploads\/2020\/08\/Schanig_1090_Ecke-Bergg..jpg 960w, https:\/\/bmin.info\/WP\/wp-content\/uploads\/2020\/08\/Schanig_1090_Ecke-Bergg.-300x225.jpg 300w, https:\/\/bmin.info\/WP\/wp-content\/uploads\/2020\/08\/Schanig_1090_Ecke-Bergg.-768x576.jpg 768w, https:\/\/bmin.info\/WP\/wp-content\/uploads\/2020\/08\/Schanig_1090_Ecke-Bergg.-144x108.jpg 144w\" sizes=\"auto, (max-width: 960px) 100vw, 960px\" \/><\/a><\/figure><\/li><li class=\"blocks-gallery-item\"><figure><a href=\"https:\/\/bmin.info\/WP\/wp-content\/uploads\/2020\/08\/Schanig_1090_Przellang.jpg\"><img loading=\"lazy\" decoding=\"async\" width=\"1024\" height=\"768\" src=\"https:\/\/bmin.info\/WP\/wp-content\/uploads\/2020\/08\/Schanig_1090_Przellang-1024x768.jpg\" alt=\"\" data-id=\"7946\" data-full-url=\"https:\/\/bmin.info\/WP\/wp-content\/uploads\/2020\/08\/Schanig_1090_Przellang.jpg\" data-link=\"https:\/\/bmin.info\/WP\/?attachment_id=7946\" class=\"wp-image-7946\" srcset=\"https:\/\/bmin.info\/WP\/wp-content\/uploads\/2020\/08\/Schanig_1090_Przellang-1024x768.jpg 1024w, https:\/\/bmin.info\/WP\/wp-content\/uploads\/2020\/08\/Schanig_1090_Przellang-300x225.jpg 300w, https:\/\/bmin.info\/WP\/wp-content\/uploads\/2020\/08\/Schanig_1090_Przellang-768x576.jpg 768w, https:\/\/bmin.info\/WP\/wp-content\/uploads\/2020\/08\/Schanig_1090_Przellang-144x108.jpg 144w, https:\/\/bmin.info\/WP\/wp-content\/uploads\/2020\/08\/Schanig_1090_Przellang.jpg 1280w\" sizes=\"auto, (max-width: 1024px) 100vw, 1024px\" \/><\/a><\/figure><\/li><li class=\"blocks-gallery-item\"><figure><a href=\"https:\/\/bmin.info\/WP\/wp-content\/uploads\/2020\/08\/Schanig_1200_KloburgStr64.jpg\"><img loading=\"lazy\" decoding=\"async\" width=\"1024\" height=\"768\" src=\"https:\/\/bmin.info\/WP\/wp-content\/uploads\/2020\/08\/Schanig_1200_KloburgStr64-1024x768.jpg\" alt=\"\" data-id=\"7947\" data-full-url=\"https:\/\/bmin.info\/WP\/wp-content\/uploads\/2020\/08\/Schanig_1200_KloburgStr64.jpg\" data-link=\"https:\/\/bmin.info\/WP\/?attachment_id=7947\" class=\"wp-image-7947\" srcset=\"https:\/\/bmin.info\/WP\/wp-content\/uploads\/2020\/08\/Schanig_1200_KloburgStr64-1024x768.jpg 1024w, https:\/\/bmin.info\/WP\/wp-content\/uploads\/2020\/08\/Schanig_1200_KloburgStr64-300x225.jpg 300w, https:\/\/bmin.info\/WP\/wp-content\/uploads\/2020\/08\/Schanig_1200_KloburgStr64-768x576.jpg 768w, https:\/\/bmin.info\/WP\/wp-content\/uploads\/2020\/08\/Schanig_1200_KloburgStr64-144x108.jpg 144w, https:\/\/bmin.info\/WP\/wp-content\/uploads\/2020\/08\/Schanig_1200_KloburgStr64.jpg 1280w\" sizes=\"auto, (max-width: 1024px) 100vw, 1024px\" \/><\/a><\/figure><\/li><li class=\"blocks-gallery-item\"><figure><a href=\"https:\/\/bmin.info\/WP\/wp-content\/uploads\/2020\/08\/Schanig_1200_KloburgStr78.jpg\"><img loading=\"lazy\" decoding=\"async\" width=\"1024\" height=\"768\" src=\"https:\/\/bmin.info\/WP\/wp-content\/uploads\/2020\/08\/Schanig_1200_KloburgStr78-1024x768.jpg\" alt=\"\" data-id=\"7948\" data-full-url=\"https:\/\/bmin.info\/WP\/wp-content\/uploads\/2020\/08\/Schanig_1200_KloburgStr78.jpg\" data-link=\"https:\/\/bmin.info\/WP\/?attachment_id=7948\" class=\"wp-image-7948\" srcset=\"https:\/\/bmin.info\/WP\/wp-content\/uploads\/2020\/08\/Schanig_1200_KloburgStr78-1024x768.jpg 1024w, https:\/\/bmin.info\/WP\/wp-content\/uploads\/2020\/08\/Schanig_1200_KloburgStr78-300x225.jpg 300w, https:\/\/bmin.info\/WP\/wp-content\/uploads\/2020\/08\/Schanig_1200_KloburgStr78-768x576.jpg 768w, https:\/\/bmin.info\/WP\/wp-content\/uploads\/2020\/08\/Schanig_1200_KloburgStr78-144x108.jpg 144w, https:\/\/bmin.info\/WP\/wp-content\/uploads\/2020\/08\/Schanig_1200_KloburgStr78.jpg 1280w\" sizes=\"auto, (max-width: 1024px) 100vw, 1024px\" \/><\/a><\/figure><\/li><li class=\"blocks-gallery-item\"><figure><a href=\"https:\/\/bmin.info\/WP\/wp-content\/uploads\/2020\/08\/Schanig_1200_KloburgStr89.jpg\"><img loading=\"lazy\" decoding=\"async\" width=\"1024\" height=\"768\" src=\"https:\/\/bmin.info\/WP\/wp-content\/uploads\/2020\/08\/Schanig_1200_KloburgStr89-1024x768.jpg\" alt=\"\" data-id=\"7949\" data-full-url=\"https:\/\/bmin.info\/WP\/wp-content\/uploads\/2020\/08\/Schanig_1200_KloburgStr89.jpg\" data-link=\"https:\/\/bmin.info\/WP\/?attachment_id=7949\" class=\"wp-image-7949\" srcset=\"https:\/\/bmin.info\/WP\/wp-content\/uploads\/2020\/08\/Schanig_1200_KloburgStr89-1024x768.jpg 1024w, https:\/\/bmin.info\/WP\/wp-content\/uploads\/2020\/08\/Schanig_1200_KloburgStr89-300x225.jpg 300w, https:\/\/bmin.info\/WP\/wp-content\/uploads\/2020\/08\/Schanig_1200_KloburgStr89-768x576.jpg 768w, https:\/\/bmin.info\/WP\/wp-content\/uploads\/2020\/08\/Schanig_1200_KloburgStr89-144x108.jpg 144w, https:\/\/bmin.info\/WP\/wp-content\/uploads\/2020\/08\/Schanig_1200_KloburgStr89.jpg 1280w\" sizes=\"auto, (max-width: 1024px) 100vw, 1024px\" \/><\/a><\/figure><\/li><li class=\"blocks-gallery-item\"><figure><a href=\"https:\/\/bmin.info\/WP\/wp-content\/uploads\/2020\/08\/Venuss_1190_Muthg.jpg\"><img loading=\"lazy\" decoding=\"async\" width=\"1024\" height=\"768\" src=\"https:\/\/bmin.info\/WP\/wp-content\/uploads\/2020\/08\/Venuss_1190_Muthg-1024x768.jpg\" alt=\"\" data-id=\"7950\" data-full-url=\"https:\/\/bmin.info\/WP\/wp-content\/uploads\/2020\/08\/Venuss_1190_Muthg.jpg\" data-link=\"https:\/\/bmin.info\/WP\/?attachment_id=7950\" class=\"wp-image-7950\" srcset=\"https:\/\/bmin.info\/WP\/wp-content\/uploads\/2020\/08\/Venuss_1190_Muthg-1024x768.jpg 1024w, https:\/\/bmin.info\/WP\/wp-content\/uploads\/2020\/08\/Venuss_1190_Muthg-300x225.jpg 300w, https:\/\/bmin.info\/WP\/wp-content\/uploads\/2020\/08\/Venuss_1190_Muthg-768x576.jpg 768w, https:\/\/bmin.info\/WP\/wp-content\/uploads\/2020\/08\/Venuss_1190_Muthg-144x108.jpg 144w, https:\/\/bmin.info\/WP\/wp-content\/uploads\/2020\/08\/Venuss_1190_Muthg.jpg 1280w\" sizes=\"auto, (max-width: 1024px) 100vw, 1024px\" \/><\/a><\/figure><\/li><li class=\"blocks-gallery-item\"><figure><a href=\"https:\/\/bmin.info\/WP\/wp-content\/uploads\/2020\/08\/One_N_1190_Nussd_b.jpg\"><img loading=\"lazy\" decoding=\"async\" width=\"1024\" height=\"768\" src=\"https:\/\/bmin.info\/WP\/wp-content\/uploads\/2020\/08\/One_N_1190_Nussd_b-1024x768.jpg\" alt=\"\" data-id=\"7985\" data-full-url=\"https:\/\/bmin.info\/WP\/wp-content\/uploads\/2020\/08\/One_N_1190_Nussd_b.jpg\" data-link=\"https:\/\/bmin.info\/WP\/?attachment_id=7985\" class=\"wp-image-7985\" srcset=\"https:\/\/bmin.info\/WP\/wp-content\/uploads\/2020\/08\/One_N_1190_Nussd_b-1024x768.jpg 1024w, https:\/\/bmin.info\/WP\/wp-content\/uploads\/2020\/08\/One_N_1190_Nussd_b-300x225.jpg 300w, https:\/\/bmin.info\/WP\/wp-content\/uploads\/2020\/08\/One_N_1190_Nussd_b-768x576.jpg 768w, https:\/\/bmin.info\/WP\/wp-content\/uploads\/2020\/08\/One_N_1190_Nussd_b-144x108.jpg 144w, https:\/\/bmin.info\/WP\/wp-content\/uploads\/2020\/08\/One_N_1190_Nussd_b.jpg 1280w\" sizes=\"auto, (max-width: 1024px) 100vw, 1024px\" \/><\/a><\/figure><\/li><\/ul><\/figure>\n\n\n\n<p><strong>Wer achtet auf Barrierefreiheit?<\/strong><br \/>Wie wir erfahren haben, gibt es in ganz Wien keine Stelle, die Barrierefreiheit regelt und \u00fcberpr\u00fcft. Es gibt nur beratende Stellen.<\/p>\n\n\n\n<p><strong>Anm.<\/strong>: Dieser Zustand ist untragbar, denn dies bedeutet, dass jeder Schanigarten mit Stufen privatrechtlich von den Betroffenen geschlichtet und im Endeffekt eingeklagt werden m\u00fcsste. Menschen mit Behinderung sind nicht verantwortlich f\u00fcr Einhaltung der Rechtsnormen.<\/p>\n\n\n\n<p><strong>Egal welche rechtlichen Rahmenbedingungen vorliegen, es kann jedenfalls nicht rechtskonform sein, wenn die Diskriminierung von Menschen mit Behinderung nicht ausgeschlossen werden kann.<\/strong> Ausnahmen d\u00fcrfen nicht zur Regel und die Diskriminierungen von Menschen mit Behinderungen nicht salonf\u00e4hig gemacht werden.<\/p>\n\n\n\n<p>Es kann nicht so schwer sein, einen Schanigarten barrierefrei zu gestalten, da weder der Denkmalschutz noch der finanzielle Aufwand ein un\u00fcberwindliches Hindernis sein d\u00fcrften. Offensichtlich gibt es da keine kompetente Beratung.<\/p>\n\n\n\n<p>Uns ist bewusst, dass sich die Gastronomie derzeit in einer Krise befindet, jedoch auch Menschen mit Behinderungen k\u00f6nnen einen Beitrag zur Belebung der Wirtschaft leisten. Au\u00dferdem sollen auch behinderte Menschen die M\u00f6glichkeit haben, speziell wegen COVID 19, sich im Freien aufzuhalten. Dazu geh\u00f6ren auch barrierefreie Schanig\u00e4rten.<\/p>\n\n\n\n<p>Auf eine Stellungnahme des zust\u00e4ndigen Stadtratb\u00fcros Hebein &#8211; MA 18 (Stadtentwicklung und Stadtplanung), MA 19 (Architektur und Stadtgestaltung) und der MA 28 (Stra\u00dfenverwaltung und Stra\u00dfenbau) &#8211; warten wir schon seit \u00fcber zwei Monaten, obwohl wir sogar mehrfach beim Stadtratb\u00fcro urgiert haben. M\u00fcndlich wurde uns eine Stellungnahme mehrmals zugesagt.<\/p>\n","protected":false},"excerpt":{"rendered":"<p>Text: Pepo Meia, Niels Cimpa, David HerrmannBeh\u00f6rden \u00fcberfordert &#8211; Wer achtet auf Barrierefreiheit?Seit rund einem Jahr sind wir mit den Wiener Magistratsabteilungen telefonisch und schriftlich wegen nicht-barrierefreien Schanig\u00e4rten in Kontakt. Neben vorbildlichen Beispielen, sieht man immer mehr Schanig\u00e4rten mit Podesten, die keine Zug\u00e4nglichkeit f\u00fcr mobilit\u00e4tseingeschr\u00e4nkte Personen vorsehen (Podeste mit bis zu 18 cm hohen Stufen).&#8230; <a href=\"https:\/\/bmin.info\/WP\/2020\/08\/26\/chaos-bei-schanigaerten-wer-ist-verantwortlich\/\" class=\"more-link\">Continue reading <span class=\"screen-reader-text\">Chaos bei Schanig\u00e4rten: Wer ist verantwortlich?<\/span><\/a><\/p>\n","protected":false},"author":3,"featured_media":0,"comment_status":"closed","ping_status":"closed","sticky":false,"template":"","format":"standard","meta":{"footnotes":""},"categories":[3],"tags":[],"class_list":["post-7920","post","type-post","status-publish","format-standard","hentry","category-info"],"_links":{"self":[{"href":"https:\/\/bmin.info\/WP\/wp-json\/wp\/v2\/posts\/7920","targetHints":{"allow":["GET"]}}],"collection":[{"href":"https:\/\/bmin.info\/WP\/wp-json\/wp\/v2\/posts"}],"about":[{"href":"https:\/\/bmin.info\/WP\/wp-json\/wp\/v2\/types\/post"}],"author":[{"embeddable":true,"href":"https:\/\/bmin.info\/WP\/wp-json\/wp\/v2\/users\/3"}],"replies":[{"embeddable":true,"href":"https:\/\/bmin.info\/WP\/wp-json\/wp\/v2\/comments?post=7920"}],"version-history":[{"count":12,"href":"https:\/\/bmin.info\/WP\/wp-json\/wp\/v2\/posts\/7920\/revisions"}],"predecessor-version":[{"id":7987,"href":"https:\/\/bmin.info\/WP\/wp-json\/wp\/v2\/posts\/7920\/revisions\/7987"}],"wp:attachment":[{"href":"https:\/\/bmin.info\/WP\/wp-json\/wp\/v2\/media?parent=7920"}],"wp:term":[{"taxonomy":"category","embeddable":true,"href":"https:\/\/bmin.info\/WP\/wp-json\/wp\/v2\/categories?post=7920"},{"taxonomy":"post_tag","embeddable":true,"href":"https:\/\/bmin.info\/WP\/wp-json\/wp\/v2\/tags?post=7920"}],"curies":[{"name":"wp","href":"https:\/\/api.w.org\/{rel}","templated":true}]}}