{"id":7942,"date":"2020-08-26T07:03:20","date_gmt":"2020-08-26T06:03:20","guid":{"rendered":"https:\/\/bmin.info\/WP\/?p=7942"},"modified":"2020-08-26T07:03:20","modified_gmt":"2020-08-26T06:03:20","slug":"guertel-pool-kein-badespass-fuer-menschen-mit-behinderung","status":"publish","type":"post","link":"https:\/\/bmin.info\/WP\/2020\/08\/26\/guertel-pool-kein-badespass-fuer-menschen-mit-behinderung\/","title":{"rendered":"G\u00fcrtel-Pool: Kein Badespa\u00df f\u00fcr Menschen mit Behinderung"},"content":{"rendered":"<p>Text:\u00a0Pepo Meia, Marlen Senmau<br \/>\n<b><i><\/i><\/b><b><i>Hat man auf behinderte Menschen vergessen &#8211; oder ist dies Wahlkampfaktionismus?<br \/>\n<\/i><\/b><b><i><\/i><\/b>Da wir soviel \u00fcber den sogenannten \u201eG\u00fcrtel-Pool\u201c gelesen haben, haben wir uns dies Ende August 2020 angesehen. Das Schwimmbecken ist sehr klein &#8211; Eine Hebeplattform ist technisch m\u00f6glich. Ob im kleinen Pop-up-Pool tats\u00e4chlich ein Badespass auch f\u00fcr Rollstuhlnutzer entstehen kann, sei dahingestellt.<\/p>\n<p><a href=\"https:\/\/bmin.info\/WP\/wp-content\/uploads\/2020\/08\/20200825_GuertelPool1.jpg\">\u00a0<\/a><a href=\"https:\/\/bmin.info\/WP\/wp-content\/uploads\/2020\/08\/20200825_GuertelPool1.jpg\"><img loading=\"lazy\" decoding=\"async\" class=\"alignnone wp-image-7962\" src=\"https:\/\/bmin.info\/WP\/wp-content\/uploads\/2020\/08\/20200825_GuertelPool1-300x225.jpg\" alt=\"\" width=\"275\" height=\"206\" srcset=\"https:\/\/bmin.info\/WP\/wp-content\/uploads\/2020\/08\/20200825_GuertelPool1-300x225.jpg 300w, https:\/\/bmin.info\/WP\/wp-content\/uploads\/2020\/08\/20200825_GuertelPool1-1024x768.jpg 1024w, https:\/\/bmin.info\/WP\/wp-content\/uploads\/2020\/08\/20200825_GuertelPool1-768x576.jpg 768w, https:\/\/bmin.info\/WP\/wp-content\/uploads\/2020\/08\/20200825_GuertelPool1-144x108.jpg 144w, https:\/\/bmin.info\/WP\/wp-content\/uploads\/2020\/08\/20200825_GuertelPool1.jpg 1280w\" sizes=\"auto, (max-width: 275px) 100vw, 275px\" \/><\/a> <a href=\"https:\/\/bmin.info\/WP\/wp-content\/uploads\/2020\/08\/20200825_GuertelPool2.jpg\"><img loading=\"lazy\" decoding=\"async\" class=\"alignnone wp-image-7963\" src=\"https:\/\/bmin.info\/WP\/wp-content\/uploads\/2020\/08\/20200825_GuertelPool2-300x225.jpg\" alt=\"\" width=\"275\" height=\"206\" srcset=\"https:\/\/bmin.info\/WP\/wp-content\/uploads\/2020\/08\/20200825_GuertelPool2-300x225.jpg 300w, https:\/\/bmin.info\/WP\/wp-content\/uploads\/2020\/08\/20200825_GuertelPool2-1024x768.jpg 1024w, https:\/\/bmin.info\/WP\/wp-content\/uploads\/2020\/08\/20200825_GuertelPool2-768x576.jpg 768w, https:\/\/bmin.info\/WP\/wp-content\/uploads\/2020\/08\/20200825_GuertelPool2-144x108.jpg 144w, https:\/\/bmin.info\/WP\/wp-content\/uploads\/2020\/08\/20200825_GuertelPool2.jpg 1280w\" sizes=\"auto, (max-width: 275px) 100vw, 275px\" \/><\/a><\/p>\n<p><b>Cooler Park?<br \/>\n<\/b>Auch die 14 Spr\u00fch-Nebeld\u00fcsen, die seit kurzem in einem Park in Heiligenstadt aufgestellt wurden und 24 Stunden bei jedem Wetter (auch bei Wind und Regen) Wasser verspr\u00fchen, sehen nicht alle B\u00fcrger positiv (Wasserverschwendung). Das Ein- und Ausschalten solcher Anlagen kann man sicherlich technisch l\u00f6sen.<\/p>\n<p><a href=\"https:\/\/bmin.info\/WP\/wp-content\/uploads\/2020\/08\/Spruehn1.jpg\"><img loading=\"lazy\" decoding=\"async\" class=\"alignnone wp-image-7967\" src=\"https:\/\/bmin.info\/WP\/wp-content\/uploads\/2020\/08\/Spruehn1-300x225.jpg\" alt=\"\" width=\"275\" height=\"206\" srcset=\"https:\/\/bmin.info\/WP\/wp-content\/uploads\/2020\/08\/Spruehn1-300x225.jpg 300w, https:\/\/bmin.info\/WP\/wp-content\/uploads\/2020\/08\/Spruehn1-1024x768.jpg 1024w, https:\/\/bmin.info\/WP\/wp-content\/uploads\/2020\/08\/Spruehn1-768x576.jpg 768w, https:\/\/bmin.info\/WP\/wp-content\/uploads\/2020\/08\/Spruehn1-144x108.jpg 144w, https:\/\/bmin.info\/WP\/wp-content\/uploads\/2020\/08\/Spruehn1.jpg 1280w\" sizes=\"auto, (max-width: 275px) 100vw, 275px\" \/><\/a> <a href=\"https:\/\/bmin.info\/WP\/wp-content\/uploads\/2020\/08\/Spruehn2.jpg\"><img loading=\"lazy\" decoding=\"async\" class=\"alignnone wp-image-7968\" src=\"https:\/\/bmin.info\/WP\/wp-content\/uploads\/2020\/08\/Spruehn2-300x225.jpg\" alt=\"\" width=\"275\" height=\"206\" srcset=\"https:\/\/bmin.info\/WP\/wp-content\/uploads\/2020\/08\/Spruehn2-300x225.jpg 300w, https:\/\/bmin.info\/WP\/wp-content\/uploads\/2020\/08\/Spruehn2-768x576.jpg 768w, https:\/\/bmin.info\/WP\/wp-content\/uploads\/2020\/08\/Spruehn2-144x108.jpg 144w, https:\/\/bmin.info\/WP\/wp-content\/uploads\/2020\/08\/Spruehn2.jpg 862w\" sizes=\"auto, (max-width: 275px) 100vw, 275px\" \/><\/a><\/p>\n<p>Artikel zum Thema:<br \/>\n<a href=\"https:\/\/www.oe24.at\/oesterreich\/chronik\/wien\/in-den-guertel-pool-duerfen-nur-6-personen\/441073262\">In den G\u00fcrtel-Pool d\u00fcrfen nur 6 Personen<\/a> (OE24 vom 7. Aug. 2020)<br \/>\n<a href=\"https:\/\/kurier.at\/chronik\/wien\/der-guertel-pool-ist-eroeffnet-fuenf-minuten-badespass\/400995296\">Der G\u00fcrtel-Pool ist er\u00f6ffnet: F\u00fcnf Minuten Badespa\u00df<\/a> (Kurier vom 8. Aug.2020)<br \/>\n<a href=\"https:\/\/www.wienerzeitung.at\/nachrichten\/politik\/wien\/2071194-Teurer-Spass-Guertelfrische-West.html\">Teurer Spa\u00df \u201eG\u00fcrtelfrische West\u201c<\/a> (Wiener Zeitung vom 11. Aug. 2020)<span class=\"Apple-converted-space\"><br \/>\n<\/span><a href=\"https:\/\/www.krone.at\/2215453\">Was alles im Wiener G\u00fcrtel-Pool schwimmt\u2026<\/a> (Krone vom 22. Aug. 2020)<br \/>\n<a href=\"https:\/\/www.heute.at\/s\/guertel-pool-wandert-in-den-auer-welsbach-park-100098507\">G\u00fcrtel-Pool erfrischt ab September an neuem Standort<\/a> (Heute vom 24. Aug. 2020)<\/p>\n","protected":false},"excerpt":{"rendered":"<p>Text:\u00a0Pepo Meia, Marlen Senmau Hat man auf behinderte Menschen vergessen &#8211; oder ist dies Wahlkampfaktionismus? Da wir soviel \u00fcber den sogenannten \u201eG\u00fcrtel-Pool\u201c gelesen haben, haben wir uns dies Ende August 2020 angesehen. Das Schwimmbecken ist sehr klein &#8211; Eine Hebeplattform ist technisch m\u00f6glich. Ob im kleinen Pop-up-Pool tats\u00e4chlich ein Badespass auch f\u00fcr Rollstuhlnutzer entstehen kann,&#8230; <a href=\"https:\/\/bmin.info\/WP\/2020\/08\/26\/guertel-pool-kein-badespass-fuer-menschen-mit-behinderung\/\" class=\"more-link\">Continue reading <span class=\"screen-reader-text\">G\u00fcrtel-Pool: Kein Badespa\u00df f\u00fcr Menschen mit Behinderung<\/span><\/a><\/p>\n","protected":false},"author":3,"featured_media":0,"comment_status":"closed","ping_status":"closed","sticky":false,"template":"","format":"standard","meta":{"footnotes":""},"categories":[3],"tags":[],"class_list":["post-7942","post","type-post","status-publish","format-standard","hentry","category-info"],"_links":{"self":[{"href":"https:\/\/bmin.info\/WP\/wp-json\/wp\/v2\/posts\/7942","targetHints":{"allow":["GET"]}}],"collection":[{"href":"https:\/\/bmin.info\/WP\/wp-json\/wp\/v2\/posts"}],"about":[{"href":"https:\/\/bmin.info\/WP\/wp-json\/wp\/v2\/types\/post"}],"author":[{"embeddable":true,"href":"https:\/\/bmin.info\/WP\/wp-json\/wp\/v2\/users\/3"}],"replies":[{"embeddable":true,"href":"https:\/\/bmin.info\/WP\/wp-json\/wp\/v2\/comments?post=7942"}],"version-history":[{"count":20,"href":"https:\/\/bmin.info\/WP\/wp-json\/wp\/v2\/posts\/7942\/revisions"}],"predecessor-version":[{"id":7984,"href":"https:\/\/bmin.info\/WP\/wp-json\/wp\/v2\/posts\/7942\/revisions\/7984"}],"wp:attachment":[{"href":"https:\/\/bmin.info\/WP\/wp-json\/wp\/v2\/media?parent=7942"}],"wp:term":[{"taxonomy":"category","embeddable":true,"href":"https:\/\/bmin.info\/WP\/wp-json\/wp\/v2\/categories?post=7942"},{"taxonomy":"post_tag","embeddable":true,"href":"https:\/\/bmin.info\/WP\/wp-json\/wp\/v2\/tags?post=7942"}],"curies":[{"name":"wp","href":"https:\/\/api.w.org\/{rel}","templated":true}]}}