{"id":8014,"date":"2020-09-05T07:30:00","date_gmt":"2020-09-05T06:30:00","guid":{"rendered":"https:\/\/bmin.info\/WP\/?p=8014"},"modified":"2020-09-09T07:31:37","modified_gmt":"2020-09-09T06:31:37","slug":"coole-strasse-servitengasse","status":"publish","type":"post","link":"https:\/\/bmin.info\/WP\/2020\/09\/05\/coole-strasse-servitengasse\/","title":{"rendered":"Coole Stra\u00dfe Servitengasse?"},"content":{"rendered":"<p>Text: Isabella Krapf, Pepo Meia, Niels Cimpa (Kommentar)<br \/>\n<em>Wien z\u00e4hlt zu den am st\u00e4rksten von der Klimakrise betroffenen St\u00e4dten Europas. \u201eDie enorme Hitze in der Stadt wird zunehmend zu einem gesundheitlichen Problem, ganz besonders f\u00fcr \u00e4ltere Menschen und Kinder\u201c, sagt Vizeb\u00fcrgermeisterin Birgit Hebein. Die Stadt Wien setzt daher auf Abk\u00fchlungsma\u00dfnahmen in den Stra\u00dfen und Gassen.<\/em><\/p>\n<p data-wp-editing=\"1\"><a href=\"https:\/\/bmin.info\/WP\/wp-content\/uploads\/2020\/09\/Serv05b.jpg\"><img loading=\"lazy\" decoding=\"async\" class=\"alignleft wp-image-8031\" src=\"https:\/\/bmin.info\/WP\/wp-content\/uploads\/2020\/09\/Serv05b-225x300.jpg\" alt=\"\" width=\"150\" height=\"200\" srcset=\"https:\/\/bmin.info\/WP\/wp-content\/uploads\/2020\/09\/Serv05b-225x300.jpg 225w, https:\/\/bmin.info\/WP\/wp-content\/uploads\/2020\/09\/Serv05b-768x1024.jpg 768w, https:\/\/bmin.info\/WP\/wp-content\/uploads\/2020\/09\/Serv05b-108x144.jpg 108w, https:\/\/bmin.info\/WP\/wp-content\/uploads\/2020\/09\/Serv05b.jpg 960w\" sizes=\"auto, (max-width: 150px) 100vw, 150px\" \/><\/a>Seit 2020 gibt es auch im <a href=\"https:\/\/de.wikipedia.org\/wiki\/Servitenviertel\">Servitenviertel<\/a> (Alsergrund) eine Coole Stra\u00dfe.<br \/>\nDa die Gr\u00fcnentorgasse teilweise gesperrt ist, sind die Meinungen dar\u00fcber geteilt. Einsatzfahrzeuge und Autos m\u00fcssen im ohnehin einbahngeplagten Viertel einen Umweg fahren. Auch die Schanigartenbetreiber beim Kirchenplatz waren vorerst nicht gl\u00fccklich.<\/p>\n<p>Der \u201eCoole Brunnen\u201c ist oft Tag und Nacht in Betrieb, auch wenn es regnet.\u00a0Bei ung\u00fcnstigem Wind bekommen die Menschen, die Abk\u00fchlung suchen, keinen Spr\u00fchnebel ab. Auch die automatische Wassersteuerung ist oft defekt, wie uns mitgeteilt wurde.<\/p>\n<div id='gallery-1' class='gallery galleryid-8014 gallery-columns-2 gallery-size-medium'><figure class='gallery-item'>\n\t\t\t<div class='gallery-icon landscape'>\n\t\t\t\t<a href='https:\/\/bmin.info\/WP\/2020\/09\/05\/coole-strasse-servitengasse\/serv01\/'><img loading=\"lazy\" decoding=\"async\" width=\"300\" height=\"225\" src=\"https:\/\/bmin.info\/WP\/wp-content\/uploads\/2020\/09\/Serv01-300x225.jpg\" class=\"attachment-medium size-medium\" alt=\"\" srcset=\"https:\/\/bmin.info\/WP\/wp-content\/uploads\/2020\/09\/Serv01-300x225.jpg 300w, https:\/\/bmin.info\/WP\/wp-content\/uploads\/2020\/09\/Serv01-1024x768.jpg 1024w, https:\/\/bmin.info\/WP\/wp-content\/uploads\/2020\/09\/Serv01-768x576.jpg 768w, https:\/\/bmin.info\/WP\/wp-content\/uploads\/2020\/09\/Serv01-144x108.jpg 144w, https:\/\/bmin.info\/WP\/wp-content\/uploads\/2020\/09\/Serv01.jpg 1280w\" sizes=\"auto, (max-width: 300px) 100vw, 300px\" \/><\/a>\n\t\t\t<\/div><\/figure><figure class='gallery-item'>\n\t\t\t<div class='gallery-icon landscape'>\n\t\t\t\t<a href='https:\/\/bmin.info\/WP\/2020\/09\/05\/coole-strasse-servitengasse\/serv04\/'><img loading=\"lazy\" decoding=\"async\" width=\"300\" height=\"225\" src=\"https:\/\/bmin.info\/WP\/wp-content\/uploads\/2020\/09\/Serv04-300x225.jpg\" class=\"attachment-medium size-medium\" alt=\"\" srcset=\"https:\/\/bmin.info\/WP\/wp-content\/uploads\/2020\/09\/Serv04-300x225.jpg 300w, https:\/\/bmin.info\/WP\/wp-content\/uploads\/2020\/09\/Serv04-1024x768.jpg 1024w, https:\/\/bmin.info\/WP\/wp-content\/uploads\/2020\/09\/Serv04-768x576.jpg 768w, https:\/\/bmin.info\/WP\/wp-content\/uploads\/2020\/09\/Serv04-144x108.jpg 144w, https:\/\/bmin.info\/WP\/wp-content\/uploads\/2020\/09\/Serv04.jpg 1280w\" sizes=\"auto, (max-width: 300px) 100vw, 300px\" \/><\/a>\n\t\t\t<\/div><\/figure><figure class='gallery-item'>\n\t\t\t<div class='gallery-icon landscape'>\n\t\t\t\t<a href='https:\/\/bmin.info\/WP\/2020\/09\/05\/coole-strasse-servitengasse\/serv07\/'><img loading=\"lazy\" decoding=\"async\" width=\"300\" height=\"225\" src=\"https:\/\/bmin.info\/WP\/wp-content\/uploads\/2020\/09\/Serv07-300x225.jpg\" class=\"attachment-medium size-medium\" alt=\"\" srcset=\"https:\/\/bmin.info\/WP\/wp-content\/uploads\/2020\/09\/Serv07-300x225.jpg 300w, https:\/\/bmin.info\/WP\/wp-content\/uploads\/2020\/09\/Serv07-1024x768.jpg 1024w, https:\/\/bmin.info\/WP\/wp-content\/uploads\/2020\/09\/Serv07-768x576.jpg 768w, https:\/\/bmin.info\/WP\/wp-content\/uploads\/2020\/09\/Serv07-144x108.jpg 144w, https:\/\/bmin.info\/WP\/wp-content\/uploads\/2020\/09\/Serv07.jpg 1280w\" sizes=\"auto, (max-width: 300px) 100vw, 300px\" \/><\/a>\n\t\t\t<\/div><\/figure><figure class='gallery-item'>\n\t\t\t<div class='gallery-icon landscape'>\n\t\t\t\t<a href='https:\/\/bmin.info\/WP\/2020\/09\/05\/coole-strasse-servitengasse\/serv06\/'><img loading=\"lazy\" decoding=\"async\" width=\"300\" height=\"225\" src=\"https:\/\/bmin.info\/WP\/wp-content\/uploads\/2020\/09\/Serv06-300x225.jpg\" class=\"attachment-medium size-medium\" alt=\"\" srcset=\"https:\/\/bmin.info\/WP\/wp-content\/uploads\/2020\/09\/Serv06-300x225.jpg 300w, https:\/\/bmin.info\/WP\/wp-content\/uploads\/2020\/09\/Serv06-1024x768.jpg 1024w, https:\/\/bmin.info\/WP\/wp-content\/uploads\/2020\/09\/Serv06-768x576.jpg 768w, https:\/\/bmin.info\/WP\/wp-content\/uploads\/2020\/09\/Serv06-144x108.jpg 144w, https:\/\/bmin.info\/WP\/wp-content\/uploads\/2020\/09\/Serv06.jpg 1280w\" sizes=\"auto, (max-width: 300px) 100vw, 300px\" \/><\/a>\n\t\t\t<\/div><\/figure>\n\t\t<\/div>\n\n<p>Es gibt t\u00e4glich am Nachmittag Betreuungsangebot f\u00fcr Kinder (Spiele, Malen, Zeichnen). Auch Liegest\u00fchle werden aufgestellt.<\/p>\n<p data-wp-editing=\"1\"><a href=\"https:\/\/bmin.info\/WP\/wp-content\/uploads\/2020\/09\/Serv02.jpg\"><img loading=\"lazy\" decoding=\"async\" class=\"alignleft wp-image-8036 size-medium\" src=\"https:\/\/bmin.info\/WP\/wp-content\/uploads\/2020\/09\/Serv02-225x300.jpg\" alt=\"\" width=\"225\" height=\"300\" srcset=\"https:\/\/bmin.info\/WP\/wp-content\/uploads\/2020\/09\/Serv02-225x300.jpg 225w, https:\/\/bmin.info\/WP\/wp-content\/uploads\/2020\/09\/Serv02-768x1024.jpg 768w, https:\/\/bmin.info\/WP\/wp-content\/uploads\/2020\/09\/Serv02-108x144.jpg 108w, https:\/\/bmin.info\/WP\/wp-content\/uploads\/2020\/09\/Serv02.jpg 960w\" sizes=\"auto, (max-width: 225px) 100vw, 225px\" \/><\/a> <a href=\"https:\/\/bmin.info\/WP\/wp-content\/uploads\/2020\/09\/Serv03.jpg\"><img loading=\"lazy\" decoding=\"async\" class=\"alignright wp-image-8037 size-medium\" src=\"https:\/\/bmin.info\/WP\/wp-content\/uploads\/2020\/09\/Serv03-225x300.jpg\" alt=\"\" width=\"225\" height=\"300\" srcset=\"https:\/\/bmin.info\/WP\/wp-content\/uploads\/2020\/09\/Serv03-225x300.jpg 225w, https:\/\/bmin.info\/WP\/wp-content\/uploads\/2020\/09\/Serv03-768x1024.jpg 768w, https:\/\/bmin.info\/WP\/wp-content\/uploads\/2020\/09\/Serv03-108x144.jpg 108w, https:\/\/bmin.info\/WP\/wp-content\/uploads\/2020\/09\/Serv03.jpg 960w\" sizes=\"auto, (max-width: 225px) 100vw, 225px\" \/><\/a>F\u00fcr mobilit\u00e4tseingeschr\u00e4nkte Personen ist das historische Kopfsteinpflaster ein Problem, denn manchmal bleiben die R\u00e4der zwischen den Pflastersteinen h\u00e4ngen. F\u00fcr einen Rollstuhlnutzer und jene Person, die den Rollstuhl schiebt, ist ein Kopfsteinpflaster recht m\u00fchsam und Spalten zwischen Pflastersteinen k\u00f6nnen auch f\u00fcr Personen, die auf Rollatoren angewiesen sind, gef\u00e4hrlich werden. Leider h\u00f6rt der neue rollstuhlfreundliche Weg in der Servitengasse mitten am Kirchenplatz unerkl\u00e4rlicherweise auf.<\/p>\n<p>Die Idee auch die Kommunikation im Gr\u00e4tzl zu f\u00f6rdern ist ja gut. Ob die Spr\u00fchnebelduschen den gew\u00fcnschten Effekt erziehlen, sei dahingestellt.<span class=\"Apple-converted-space\">\u00a0<\/span><\/p>\n<p>Artikel zum Thema:<br \/>\n<a href=\"https:\/\/bmin.info\/WP\/2020\/08\/26\/guertel-pool-kein-badespass-fuer-menschen-mit-behinderung\/\">G\u00fcrtel-Pool: Kein Badespa\u00df f\u00fcr Menschen mit Behinderung<\/a><br \/>\n<i>Hat man auf behinderte Menschen vergessen \u2013 oder ist dies Wahlkampfaktionismus?<\/i><\/p>\n","protected":false},"excerpt":{"rendered":"<p>Text: Isabella Krapf, Pepo Meia, Niels Cimpa (Kommentar) Wien z\u00e4hlt zu den am st\u00e4rksten von der Klimakrise betroffenen St\u00e4dten Europas. \u201eDie enorme Hitze in der Stadt wird zunehmend zu einem gesundheitlichen Problem, ganz besonders f\u00fcr \u00e4ltere Menschen und Kinder\u201c, sagt Vizeb\u00fcrgermeisterin Birgit Hebein. Die Stadt Wien setzt daher auf Abk\u00fchlungsma\u00dfnahmen in den Stra\u00dfen und Gassen.&#8230; <a href=\"https:\/\/bmin.info\/WP\/2020\/09\/05\/coole-strasse-servitengasse\/\" class=\"more-link\">Continue reading <span class=\"screen-reader-text\">Coole Stra\u00dfe Servitengasse?<\/span><\/a><\/p>\n","protected":false},"author":3,"featured_media":0,"comment_status":"closed","ping_status":"closed","sticky":false,"template":"","format":"standard","meta":{"footnotes":""},"categories":[3],"tags":[],"class_list":["post-8014","post","type-post","status-publish","format-standard","hentry","category-info"],"_links":{"self":[{"href":"https:\/\/bmin.info\/WP\/wp-json\/wp\/v2\/posts\/8014","targetHints":{"allow":["GET"]}}],"collection":[{"href":"https:\/\/bmin.info\/WP\/wp-json\/wp\/v2\/posts"}],"about":[{"href":"https:\/\/bmin.info\/WP\/wp-json\/wp\/v2\/types\/post"}],"author":[{"embeddable":true,"href":"https:\/\/bmin.info\/WP\/wp-json\/wp\/v2\/users\/3"}],"replies":[{"embeddable":true,"href":"https:\/\/bmin.info\/WP\/wp-json\/wp\/v2\/comments?post=8014"}],"version-history":[{"count":11,"href":"https:\/\/bmin.info\/WP\/wp-json\/wp\/v2\/posts\/8014\/revisions"}],"predecessor-version":[{"id":8048,"href":"https:\/\/bmin.info\/WP\/wp-json\/wp\/v2\/posts\/8014\/revisions\/8048"}],"wp:attachment":[{"href":"https:\/\/bmin.info\/WP\/wp-json\/wp\/v2\/media?parent=8014"}],"wp:term":[{"taxonomy":"category","embeddable":true,"href":"https:\/\/bmin.info\/WP\/wp-json\/wp\/v2\/categories?post=8014"},{"taxonomy":"post_tag","embeddable":true,"href":"https:\/\/bmin.info\/WP\/wp-json\/wp\/v2\/tags?post=8014"}],"curies":[{"name":"wp","href":"https:\/\/api.w.org\/{rel}","templated":true}]}}