{"id":8072,"date":"2020-09-24T11:27:00","date_gmt":"2020-09-24T10:27:00","guid":{"rendered":"https:\/\/bmin.info\/WP\/?p=8072"},"modified":"2020-09-25T08:42:38","modified_gmt":"2020-09-25T07:42:38","slug":"deaf-awareness-week-woche-des-gehoerlosen-bewusstseins","status":"publish","type":"post","link":"https:\/\/bmin.info\/WP\/2020\/09\/24\/deaf-awareness-week-woche-des-gehoerlosen-bewusstseins\/","title":{"rendered":"Deaf Awareness Week &#8211; Woche des Geh\u00f6rlosen-Bewusstseins"},"content":{"rendered":"\n<p>Text: Valerie Clarke DSA, Pepo Meia, Niels Cimpa<br \/>In der letzten Septemberwoche wird weltweit die &#8222;deaf awareness week&#8220; gefeiert. Auch wir wollen Aufkl\u00e4rungsarbeit leisten, und \u00fcber diese Bev\u00f6lkerungsgruppe, die sich haupts\u00e4chlich als Sprachminderheit versteht, berichten.<\/p>\n\n\n\n<p>Der <a href=\"http:\/\/www.oeglb.at\/ueber-uns\/\">\u00d6sterreichische Geh\u00f6rlosenverband<\/a> (\u00d6GLB) k\u00e4mpft f\u00fcr die geb\u00e4rdensprachige Bev\u00f6lkerung um Anerkennung als sprachliche Minderheit.<br \/>\u201eEs macht einen entscheidenden Unterschied f\u00fcr geh\u00f6rlose Menschen, ob sie von Gesetz und Gesellschaft nur als behindert oder auch als Angeh\u00f6rige einer sprachlichen Minderheit angesehen werden\u201c, betont Mag.a <b>Helene Jarmer<\/b>, Pr\u00e4sidentin des \u00d6sterreichischen Geh\u00f6rlosenbundes anl\u00e4sslich des <a href=\"https:\/\/de.wikipedia.org\/wiki\/Internationaler_Tag_der_Geb%C3%A4rdensprache\">Internationalen Tages der Geb\u00e4rdensprache<\/a> am 23. September.<br \/>Geh\u00f6rlose Menschen definieren ihre kulturelle Zugeh\u00f6rigkeit \u00fcber ihre gemeinsame Sprache \u2013 genauso, wie Angeh\u00f6rige anderer Sprachminderheiten dies auch tun.<\/p>\n\n\n\n<p><strong>Ist Geb\u00e4rdensprache international?<\/strong><br \/>Nein, sie ist regional und hat viele verschiedene Dialekte, so wie z.B. auch die deutsche Sprache.<\/p>\n\n\n\n<p><strong>Geh\u00f6rlose Menschen k\u00f6nnen Lippenlesen?<\/strong><br \/>Ja, k\u00f6nnen sie, aber man kann maximal 33% ablesen, weil der Rest zu \u00e4hnlich ist. Lippenlesen ist extrem anstrengend und kein gleichwertiges Kommunikationsmittel. Ausserdem darf man nicht vergessen, dass man nur ablesen kann, was man kennt. Kennt man das Wort nicht, kann man es auch nicht ablesen. Was uns zum n\u00e4chsten Problem bringt:<br \/><br \/><strong>Wenn man mit einer geh\u00f6rlosen Person kommunizieren will, macht man das am besten schriftlich?<\/strong><br \/><span style=\"font-size: inherit;\">Viele geh\u00f6rlose Menschen haben Probleme beim sinnerfassenden Lesen. Das kommt sehr oft dadurch, dass sie mit keiner Muttersprache (also Geb\u00e4rdensprache) aufgewachsen sind oder diese zu sp\u00e4t erlernt haben und weil man &#8222;m\u00fchsam\u201c trainieren muss, welche Buchstabenkombination was bedeutet, weil man das Wort ja noch nie &#8222;geh\u00f6rt&#8220; hat.<\/span><\/p>\n\n\n\n<figure class=\"wp-block-embed-youtube wp-block-embed is-type-video is-provider-youtube wp-embed-aspect-16-9 wp-has-aspect-ratio\"><div class=\"wp-block-embed__wrapper\">\n<iframe loading=\"lazy\" title=\"Inclusion24 - Wer wir sind - Video in Leichter Sprache (B1)\" width=\"650\" height=\"366\" src=\"https:\/\/www.youtube.com\/embed\/mbryJXNeUlE?feature=oembed\" frameborder=\"0\" allow=\"accelerometer; autoplay; clipboard-write; encrypted-media; gyroscope; picture-in-picture; web-share\" referrerpolicy=\"strict-origin-when-cross-origin\" allowfullscreen><\/iframe>\n<\/div><\/figure>\n\n\n\n<p><strong>Wie rufen geh\u00f6rlose Menschen den Notruf?<\/strong><br \/><span style=\"font-size: inherit;\">0800133133 als SMS oder FAX<br \/><\/span>Aber es gibt nun auch Notrufapps die gerade getestet werden.<\/p>\n\n\n\n<p><b>Wo kann man die Geb\u00e4rdensprache erlernen?<br \/><\/b>Es gibt in Wien einige Anbieter wie VHS; <a href=\"https:\/\/www.equalizent.com\">Equalizent<\/a> und <a href=\"https:\/\/www.witaf.at\">WITAF<\/a>.<br \/>Online Kurse gibt es auch bei <a href=\"http:\/\/www.inclusion24.com\/webinare\">www.inclusion24.com\/webinare<\/a><\/p>\n","protected":false},"excerpt":{"rendered":"<p>Text: Valerie Clarke DSA, Pepo Meia, Niels CimpaIn der letzten Septemberwoche wird weltweit die &#8222;deaf awareness week&#8220; gefeiert. Auch wir wollen Aufkl\u00e4rungsarbeit leisten, und \u00fcber diese Bev\u00f6lkerungsgruppe, die sich haupts\u00e4chlich als Sprachminderheit versteht, berichten. Der \u00d6sterreichische Geh\u00f6rlosenverband (\u00d6GLB) k\u00e4mpft f\u00fcr die geb\u00e4rdensprachige Bev\u00f6lkerung um Anerkennung als sprachliche Minderheit.\u201eEs macht einen entscheidenden Unterschied f\u00fcr geh\u00f6rlose Menschen,&#8230; <a href=\"https:\/\/bmin.info\/WP\/2020\/09\/24\/deaf-awareness-week-woche-des-gehoerlosen-bewusstseins\/\" class=\"more-link\">Continue reading <span class=\"screen-reader-text\">Deaf Awareness Week &#8211; Woche des Geh\u00f6rlosen-Bewusstseins<\/span><\/a><\/p>\n","protected":false},"author":3,"featured_media":0,"comment_status":"closed","ping_status":"closed","sticky":false,"template":"","format":"standard","meta":{"footnotes":""},"categories":[3],"tags":[],"class_list":["post-8072","post","type-post","status-publish","format-standard","hentry","category-info"],"_links":{"self":[{"href":"https:\/\/bmin.info\/WP\/wp-json\/wp\/v2\/posts\/8072","targetHints":{"allow":["GET"]}}],"collection":[{"href":"https:\/\/bmin.info\/WP\/wp-json\/wp\/v2\/posts"}],"about":[{"href":"https:\/\/bmin.info\/WP\/wp-json\/wp\/v2\/types\/post"}],"author":[{"embeddable":true,"href":"https:\/\/bmin.info\/WP\/wp-json\/wp\/v2\/users\/3"}],"replies":[{"embeddable":true,"href":"https:\/\/bmin.info\/WP\/wp-json\/wp\/v2\/comments?post=8072"}],"version-history":[{"count":5,"href":"https:\/\/bmin.info\/WP\/wp-json\/wp\/v2\/posts\/8072\/revisions"}],"predecessor-version":[{"id":8091,"href":"https:\/\/bmin.info\/WP\/wp-json\/wp\/v2\/posts\/8072\/revisions\/8091"}],"wp:attachment":[{"href":"https:\/\/bmin.info\/WP\/wp-json\/wp\/v2\/media?parent=8072"}],"wp:term":[{"taxonomy":"category","embeddable":true,"href":"https:\/\/bmin.info\/WP\/wp-json\/wp\/v2\/categories?post=8072"},{"taxonomy":"post_tag","embeddable":true,"href":"https:\/\/bmin.info\/WP\/wp-json\/wp\/v2\/tags?post=8072"}],"curies":[{"name":"wp","href":"https:\/\/api.w.org\/{rel}","templated":true}]}}