{"id":8478,"date":"2021-03-05T11:01:47","date_gmt":"2021-03-05T10:01:47","guid":{"rendered":"https:\/\/bmin.info\/WP\/?p=8478"},"modified":"2021-03-05T11:01:47","modified_gmt":"2021-03-05T10:01:47","slug":"covid-19-schanigaerten-sollen-bald-oeffnen","status":"publish","type":"post","link":"https:\/\/bmin.info\/WP\/2021\/03\/05\/covid-19-schanigaerten-sollen-bald-oeffnen\/","title":{"rendered":"COVID-19: Schanig\u00e4rten sollen bald \u00f6ffnen"},"content":{"rendered":"\n<p>Text: Pepo Meia, Niels Cimpa<em><br \/>\u00d6ffnung der Gastronomie noch nicht fix<br \/><\/em>Der Fr\u00fchling naht, jedoch ist es v\u00f6llig unsicher, wie weit Gastronomie-Betriebe wegen der Ansteckungsgefahr \u00f6ffnen k\u00f6nnen. Eine \u00d6ffnung k\u00f6nnen wir uns mit Vorgabe vern\u00fcnftiger Regeln durchaus vorstellen. Nur die Schanig\u00e4rten &#8211; ohne das Lokal auch indoor zu \u00f6ffnen &#8211; ist f\u00fcr viele Betreiber unrentabel.<\/p>\n\n\n\n<figure class=\"wp-block-gallery columns-3 is-cropped wp-block-gallery-1 is-layout-flex wp-block-gallery-is-layout-flex\"><ul class=\"blocks-gallery-grid\"><li class=\"blocks-gallery-item\"><figure><img loading=\"lazy\" decoding=\"async\" width=\"1024\" height=\"768\" src=\"https:\/\/bmin.info\/WP\/wp-content\/uploads\/2020\/06\/2020_Veganista_Schani1-1024x768.jpg\" alt=\"\" data-id=\"7736\" data-full-url=\"https:\/\/bmin.info\/WP\/wp-content\/uploads\/2020\/06\/2020_Veganista_Schani1.jpg\" data-link=\"https:\/\/bmin.info\/WP\/2020\/06\/12\/bmin-erfolg-eissalon-veganista-schanigarten-ist-barrierefrei\/2020_veganista_schani1\/\" class=\"wp-image-7736\" srcset=\"https:\/\/bmin.info\/WP\/wp-content\/uploads\/2020\/06\/2020_Veganista_Schani1-1024x768.jpg 1024w, https:\/\/bmin.info\/WP\/wp-content\/uploads\/2020\/06\/2020_Veganista_Schani1-300x225.jpg 300w, https:\/\/bmin.info\/WP\/wp-content\/uploads\/2020\/06\/2020_Veganista_Schani1-768x576.jpg 768w, https:\/\/bmin.info\/WP\/wp-content\/uploads\/2020\/06\/2020_Veganista_Schani1-144x108.jpg 144w, https:\/\/bmin.info\/WP\/wp-content\/uploads\/2020\/06\/2020_Veganista_Schani1.jpg 1280w\" sizes=\"auto, (max-width: 1024px) 100vw, 1024px\" \/><\/figure><\/li><li class=\"blocks-gallery-item\"><figure><img loading=\"lazy\" decoding=\"async\" width=\"1024\" height=\"768\" src=\"https:\/\/bmin.info\/WP\/wp-content\/uploads\/2019\/07\/SchnNuss1967-1024x768.jpg\" alt=\"\" data-id=\"6649\" data-full-url=\"https:\/\/bmin.info\/WP\/wp-content\/uploads\/2019\/07\/SchnNuss1967.jpg\" data-link=\"https:\/\/bmin.info\/WP\/2019\/07\/22\/lokal-ignoriert-menschen-mit-behinderung\/schnnuss1967\/\" class=\"wp-image-6649\" srcset=\"https:\/\/bmin.info\/WP\/wp-content\/uploads\/2019\/07\/SchnNuss1967-1024x768.jpg 1024w, https:\/\/bmin.info\/WP\/wp-content\/uploads\/2019\/07\/SchnNuss1967-300x225.jpg 300w, https:\/\/bmin.info\/WP\/wp-content\/uploads\/2019\/07\/SchnNuss1967-768x576.jpg 768w, https:\/\/bmin.info\/WP\/wp-content\/uploads\/2019\/07\/SchnNuss1967-144x108.jpg 144w, https:\/\/bmin.info\/WP\/wp-content\/uploads\/2019\/07\/SchnNuss1967.jpg 1280w\" sizes=\"auto, (max-width: 1024px) 100vw, 1024px\" \/><\/figure><\/li><li class=\"blocks-gallery-item\"><figure><img loading=\"lazy\" decoding=\"async\" width=\"1024\" height=\"768\" src=\"https:\/\/bmin.info\/WP\/wp-content\/uploads\/2019\/07\/SchnNuss1973_2-1024x768.jpg\" alt=\"\" data-id=\"6652\" data-full-url=\"https:\/\/bmin.info\/WP\/wp-content\/uploads\/2019\/07\/SchnNuss1973_2.jpg\" data-link=\"https:\/\/bmin.info\/WP\/2019\/07\/22\/lokal-ignoriert-menschen-mit-behinderung\/schnnuss1973_2\/\" class=\"wp-image-6652\" srcset=\"https:\/\/bmin.info\/WP\/wp-content\/uploads\/2019\/07\/SchnNuss1973_2-1024x768.jpg 1024w, https:\/\/bmin.info\/WP\/wp-content\/uploads\/2019\/07\/SchnNuss1973_2-300x225.jpg 300w, https:\/\/bmin.info\/WP\/wp-content\/uploads\/2019\/07\/SchnNuss1973_2-768x576.jpg 768w, https:\/\/bmin.info\/WP\/wp-content\/uploads\/2019\/07\/SchnNuss1973_2-144x108.jpg 144w, https:\/\/bmin.info\/WP\/wp-content\/uploads\/2019\/07\/SchnNuss1973_2.jpg 1280w\" sizes=\"auto, (max-width: 1024px) 100vw, 1024px\" \/><\/figure><\/li><\/ul><\/figure>\n\n\n\n<p>Wien m\u00f6chte aber z.B. den Stadtpark in einen gro\u00dfen Schanigarten umwandeln. Die Idee finden wir gut, da es sicher auch andere gro\u00dfe Fl\u00e4chen in Wien gibt, wo sowas m\u00f6glich ist (Donaupark, Rathaus, Burggarten usw.).<\/p>\n\n\n\n<p>F\u00fcr Menschen mit Behinderung ist es besonders wichtig, wieder am gesellschaftlichen Leben teilzuhaben. Es fallen momentan sehr viele Freizeitaktivit\u00e4ten weg &#8211; z.B. Schwimmen gehen, Sport betrieben, Kulturveranstaltungen besuchen etc. Deshalb sollte man bei der Planung der \u201eneuen\u201c Schanig\u00e4rten auch an Menschen mit Behinderung denken und auch Fachleute in diesem Bereich einbeziehen.<\/p>\n\n\n\n<p>Was uns da sofort einf\u00e4llt sind z.B. barrierefreie Sanit\u00e4ranlagen (Waschgelegenheit, evtl. \u00f6ffentliche barrierefreie WC-Anlagen). Die Zufahrtsm\u00f6glichkeit auch f\u00fcr E-Rollst\u00fchle muss gew\u00e4hrleistet sein. Kleine Stufen k\u00f6nnten mit Rampen \u00fcberwunden werden.<\/p>\n\n\n\n<p>Bei der \u201ekleinen\u201c Gastronomie wollen uns zur\u00fcckhalten, da diese ohnehin mit dem \u00dcberleben k\u00e4mpft. Trotz allem w\u00e4re dies eine Chance Menschen mit Behinderung auch bei Schanig\u00e4rten mehr am \u00f6ffentlichen Leben teilhaben zu lassen. Daf\u00fcr m\u00fcssen jedoch die Rahmenbedingungen von den Magistratsabteilungen \u00fcberwacht und eingehalten werden.<\/p>\n","protected":false},"excerpt":{"rendered":"<p>Text: Pepo Meia, Niels Cimpa\u00d6ffnung der Gastronomie noch nicht fixDer Fr\u00fchling naht, jedoch ist es v\u00f6llig unsicher, wie weit Gastronomie-Betriebe wegen der Ansteckungsgefahr \u00f6ffnen k\u00f6nnen. Eine \u00d6ffnung k\u00f6nnen wir uns mit Vorgabe vern\u00fcnftiger Regeln durchaus vorstellen. Nur die Schanig\u00e4rten &#8211; ohne das Lokal auch indoor zu \u00f6ffnen &#8211; ist f\u00fcr viele Betreiber unrentabel. Wien m\u00f6chte&#8230; <a href=\"https:\/\/bmin.info\/WP\/2021\/03\/05\/covid-19-schanigaerten-sollen-bald-oeffnen\/\" class=\"more-link\">Continue reading <span class=\"screen-reader-text\">COVID-19: Schanig\u00e4rten sollen bald \u00f6ffnen<\/span><\/a><\/p>\n","protected":false},"author":3,"featured_media":0,"comment_status":"closed","ping_status":"closed","sticky":false,"template":"","format":"standard","meta":{"footnotes":""},"categories":[3],"tags":[],"class_list":["post-8478","post","type-post","status-publish","format-standard","hentry","category-info"],"_links":{"self":[{"href":"https:\/\/bmin.info\/WP\/wp-json\/wp\/v2\/posts\/8478","targetHints":{"allow":["GET"]}}],"collection":[{"href":"https:\/\/bmin.info\/WP\/wp-json\/wp\/v2\/posts"}],"about":[{"href":"https:\/\/bmin.info\/WP\/wp-json\/wp\/v2\/types\/post"}],"author":[{"embeddable":true,"href":"https:\/\/bmin.info\/WP\/wp-json\/wp\/v2\/users\/3"}],"replies":[{"embeddable":true,"href":"https:\/\/bmin.info\/WP\/wp-json\/wp\/v2\/comments?post=8478"}],"version-history":[{"count":8,"href":"https:\/\/bmin.info\/WP\/wp-json\/wp\/v2\/posts\/8478\/revisions"}],"predecessor-version":[{"id":8489,"href":"https:\/\/bmin.info\/WP\/wp-json\/wp\/v2\/posts\/8478\/revisions\/8489"}],"wp:attachment":[{"href":"https:\/\/bmin.info\/WP\/wp-json\/wp\/v2\/media?parent=8478"}],"wp:term":[{"taxonomy":"category","embeddable":true,"href":"https:\/\/bmin.info\/WP\/wp-json\/wp\/v2\/categories?post=8478"},{"taxonomy":"post_tag","embeddable":true,"href":"https:\/\/bmin.info\/WP\/wp-json\/wp\/v2\/tags?post=8478"}],"curies":[{"name":"wp","href":"https:\/\/api.w.org\/{rel}","templated":true}]}}