{"id":8482,"date":"2021-03-08T15:00:06","date_gmt":"2021-03-08T14:00:06","guid":{"rendered":"https:\/\/bmin.info\/WP\/?p=8482"},"modified":"2021-03-08T15:12:02","modified_gmt":"2021-03-08T14:12:02","slug":"quotenfrauen-mit-behinderungen","status":"publish","type":"post","link":"https:\/\/bmin.info\/WP\/2021\/03\/08\/quotenfrauen-mit-behinderungen\/","title":{"rendered":"\u201eQuotenfrauen\u201c mit Behinderungen"},"content":{"rendered":"\n<p>Text: SLI\u00d6<br \/><strong><em>Dachverband SLI\u00d6 fordert: Nicht nur reden, sondern tun!<\/em><\/strong><br \/>Wien (OTS) &#8211; In den politischen Debatten sind die Mehrfachdiskriminierungen von Frauen mit Behinderungen zwar mittlerweile angekommen, an den massiven Benachteiligungen hat dies jedoch noch nichts ge\u00e4ndert. Die Corona-Pandemie hat die Situation noch zus\u00e4tzlich versch\u00e4rft.<\/p>\n\n\n\n<p>Alle Benachteiligungen, die Frauen ohnehin in unserer Gesellschaft erleben, treffen auch auf Frauen mit Behinderungen zu. Zus\u00e4tzlich haben diese aber noch mit Diskriminierungen auf mehreren Ebenen zu k\u00e4mpfen.<\/p>\n\n\n\n<p>Die Barrieren zur gleichberechtigten Teilhabe sind vielf\u00e4ltig: Frauen verdienen nach wie vor weniger als M\u00e4nner, die Arbeitslosigkeit von Frauen mit Behinderungen ist noch h\u00f6her als die der M\u00e4nner mit Behinderungen. Tendenz steigend!<\/p>\n\n\n\n<p>Zus\u00e4tzlich machen nach wie vor \u00fcberwiegend Frauen die gesamte Haus- und Familienarbeit. Sie sind zust\u00e4ndig f\u00fcr die Kinder, das soziale Umfeld und \u00e4ltere Menschen.<\/p>\n\n\n\n<p>In der \u00d6ffentlichkeit sind Frauen mit Behinderungen dennoch wenig pr\u00e4sent. Ihre Lebensrealit\u00e4ten sind kaum bekannt, spezifische Daten werden selten erhoben.<\/p>\n\n\n\n<p><strong>M\u00e4nner dominieren&nbsp;<\/strong><br \/>Auch in den traditionellen Behindertenorganisationen gibt es nur wenige Frauen in leitenden Postionen.<\/p>\n\n\n\n<p><em>\u201eQuotenregelungen werden und wurden oft kritisiert.\u201d Tatsache ist, dass nur Gesetze oder entsprechende Regelungen diese Schieflage nachhaltig ver\u00e4ndern k\u00f6nnen\u201d,<\/em> ist Bernadette Feuerstein, Vorsitzende von SLI\u00d6 dem Dachverband der Selbstbestimmt Leben Initiativen \u00d6sterreichs, \u00fcberzeugt.<\/p>\n\n\n\n<p>Die derzeitige Kampagne #Reframing-Quotenfrau fordert, Frauenquoten gerade auch f\u00fcr die Leitungsebene. Dasselbe gilt f\u00fcr Frauen mit Behinderungen in einschl\u00e4gigen Vereinen und Organisationen. Mit einer verbindlichen Quotenregelung w\u00fcrden Frauen mit Behinderungen endlich geh\u00f6rt werden, das w\u00fcrde ihre Situation und Lebensumst\u00e4nde wesentlich verbessern.<\/p>\n\n\n\n<p>Denn &#8211; Frauen und M\u00e4dchen mit Behinderungen brauchen einen gleichberechtigten Zugang zu allen Lebensbereichen.<\/p>\n\n\n\n<p>Der wesentliche Schl\u00fcssel f\u00fcr die Herstellung von Gleichheit ist die Pers\u00f6nliche Assistenz f\u00fcr Menschen mit Behinderungen. Diese muss ausreichend und unb\u00fcrokratisch f\u00fcr alle Menschen mit Behinderungen verf\u00fcgbar sein, egal ob f\u00fcr Arbeit, Bildung, Privatleben oder in Funktionen. Pers\u00f6nliche Assistenz muss bundeseinheitlich entsprechend ausgebaut werden. Dadurch w\u00fcrde das Leben f\u00fcr Frauen und M\u00e4dchen mit Behinderungen ein gro\u00dfes St\u00fcck gleichberechtigter werden.<\/p>\n\n\n\n<p>Artikel und Presseaussendungen zum Thema:<br \/><a href=\"https:\/\/www.ots.at\/presseaussendung\/OTS_20210305_OTS0022\/mehr-aufmerksamkeit-fuer-situation-von-frauen-mit-behinderungen\">Mehr Aufmerksamkeit f\u00fcr Situation von Frauen mit Behinderungen<\/a><br \/><em>Weltfrauentag 2021 &#8211; Monitoringausschuss und Ninlil erinnern an menschenrechtliche Verpflichtungen<\/em><\/p>\n\n\n\n<p><a href=\"https:\/\/www.ots.at\/presseaussendung\/OTS_20210304_OTS0143\/frauen-mit-behinderungen-erleben-potenzierte-pandemiebelastung\">Frauen mit Behinderungen erleben potenzierte Pandemiebelastung<\/a> (\u00d6BR &#8211; 04.03.2021)<br \/><em>Gewaltgefahr ausgesetzt, unsichtbar und fremdbestimmt<\/em><\/p>\n","protected":false},"excerpt":{"rendered":"<p>Text: SLI\u00d6Dachverband SLI\u00d6 fordert: Nicht nur reden, sondern tun!Wien (OTS) &#8211; In den politischen Debatten sind die Mehrfachdiskriminierungen von Frauen mit Behinderungen zwar mittlerweile angekommen, an den massiven Benachteiligungen hat dies jedoch noch nichts ge\u00e4ndert. Die Corona-Pandemie hat die Situation noch zus\u00e4tzlich versch\u00e4rft. Alle Benachteiligungen, die Frauen ohnehin in unserer Gesellschaft erleben, treffen auch auf&#8230; <a href=\"https:\/\/bmin.info\/WP\/2021\/03\/08\/quotenfrauen-mit-behinderungen\/\" class=\"more-link\">Continue reading <span class=\"screen-reader-text\">\u201eQuotenfrauen\u201c mit Behinderungen<\/span><\/a><\/p>\n","protected":false},"author":3,"featured_media":0,"comment_status":"closed","ping_status":"closed","sticky":false,"template":"","format":"standard","meta":{"footnotes":""},"categories":[3],"tags":[],"class_list":["post-8482","post","type-post","status-publish","format-standard","hentry","category-info"],"_links":{"self":[{"href":"https:\/\/bmin.info\/WP\/wp-json\/wp\/v2\/posts\/8482","targetHints":{"allow":["GET"]}}],"collection":[{"href":"https:\/\/bmin.info\/WP\/wp-json\/wp\/v2\/posts"}],"about":[{"href":"https:\/\/bmin.info\/WP\/wp-json\/wp\/v2\/types\/post"}],"author":[{"embeddable":true,"href":"https:\/\/bmin.info\/WP\/wp-json\/wp\/v2\/users\/3"}],"replies":[{"embeddable":true,"href":"https:\/\/bmin.info\/WP\/wp-json\/wp\/v2\/comments?post=8482"}],"version-history":[{"count":5,"href":"https:\/\/bmin.info\/WP\/wp-json\/wp\/v2\/posts\/8482\/revisions"}],"predecessor-version":[{"id":8497,"href":"https:\/\/bmin.info\/WP\/wp-json\/wp\/v2\/posts\/8482\/revisions\/8497"}],"wp:attachment":[{"href":"https:\/\/bmin.info\/WP\/wp-json\/wp\/v2\/media?parent=8482"}],"wp:term":[{"taxonomy":"category","embeddable":true,"href":"https:\/\/bmin.info\/WP\/wp-json\/wp\/v2\/categories?post=8482"},{"taxonomy":"post_tag","embeddable":true,"href":"https:\/\/bmin.info\/WP\/wp-json\/wp\/v2\/tags?post=8482"}],"curies":[{"name":"wp","href":"https:\/\/api.w.org\/{rel}","templated":true}]}}