{"id":8733,"date":"2021-05-17T15:44:32","date_gmt":"2021-05-17T14:44:32","guid":{"rendered":"https:\/\/bmin.info\/WP\/?p=8733"},"modified":"2021-07-01T13:16:31","modified_gmt":"2021-07-01T12:16:31","slug":"schandfleck-der-ma-46-wird-beseitigt-aber-wann","status":"publish","type":"post","link":"https:\/\/bmin.info\/WP\/2021\/05\/17\/schandfleck-der-ma-46-wird-beseitigt-aber-wann\/","title":{"rendered":"Schandfleck der MA 46 wird beseitigt, aber wann?"},"content":{"rendered":"\n<p>Text: Pepo Meia, Niels Cimpa<br \/>Schon im Februar 2020 berichtete BMIN-Info \u00fcber das mysteri\u00f6se Verschwinden des zweiten Behindertenparkplatzes beim Bhf. Heiligenstadt in Wien D\u00f6bling.<\/p>\n\n\n\n<p>Damit endlich wieder die beiden Behindertenparkpl\u00e4tze beim Bhf. Heiligenstadt errichtet werden, wurde von den D\u00f6blinger Gr\u00fcnen ein Antrag in der Bezirksvertretungssitzung am 18. Februar 2021 eingebracht, welcher einstimmig vom Bezirksparlament angenommen wurde.<span class=\"Apple-converted-space\">&nbsp;<\/span><\/p>\n\n\n\n<div class=\"wp-block-image\"><figure class=\"aligncenter size-full\"><a href=\"https:\/\/bmin.info\/WP\/wp-content\/uploads\/2021\/05\/BhfHst_BPPl3.jpg\"><img loading=\"lazy\" decoding=\"async\" width=\"1280\" height=\"720\" src=\"https:\/\/bmin.info\/WP\/wp-content\/uploads\/2021\/05\/BhfHst_BPPl3.jpg\" alt=\"\" class=\"wp-image-8757\" srcset=\"https:\/\/bmin.info\/WP\/wp-content\/uploads\/2021\/05\/BhfHst_BPPl3.jpg 1280w, https:\/\/bmin.info\/WP\/wp-content\/uploads\/2021\/05\/BhfHst_BPPl3-300x169.jpg 300w, https:\/\/bmin.info\/WP\/wp-content\/uploads\/2021\/05\/BhfHst_BPPl3-1024x576.jpg 1024w, https:\/\/bmin.info\/WP\/wp-content\/uploads\/2021\/05\/BhfHst_BPPl3-768x432.jpg 768w, https:\/\/bmin.info\/WP\/wp-content\/uploads\/2021\/05\/BhfHst_BPPl3-144x81.jpg 144w\" sizes=\"auto, (max-width: 1280px) 100vw, 1280px\" \/><\/a><\/figure><\/div>\n\n\n\n<div class=\"wp-block-image\"><figure class=\"alignright\"><a href=\"https:\/\/bmin.info\/WP\/wp-content\/uploads\/2021\/05\/gregor_lautner.jpg\"><img decoding=\"async\" src=\"https:\/\/bmin.info\/WP\/wp-content\/uploads\/2021\/05\/gregor_lautner-225x300.jpg\" alt=\"\" class=\"wp-image-8680\" width=\"NaN\" height=\"NaN\" srcset=\"https:\/\/bmin.info\/WP\/wp-content\/uploads\/2021\/05\/gregor_lautner-225x300.jpg 225w, https:\/\/bmin.info\/WP\/wp-content\/uploads\/2021\/05\/gregor_lautner-768x1024.jpg 768w, https:\/\/bmin.info\/WP\/wp-content\/uploads\/2021\/05\/gregor_lautner-108x144.jpg 108w, https:\/\/bmin.info\/WP\/wp-content\/uploads\/2021\/05\/gregor_lautner.jpg 1050w\" sizes=\"(max-width: 225px) 100vw, 225px\" \/><\/a><\/figure><\/div>\n\n\n\n<p>Der neue Behindertenbeauftragte von D\u00f6bling, <a href=\"https:\/\/bmin.info\/WP\/2021\/05\/10\/wien-doebling-gregor-lautner-ist-behindertenbeauftragter\/\">Gregor Lautner<\/a>, hat sich mit den zust\u00e4ndigen Beamten der <a href=\"https:\/\/www.wien.gv.at\/kontakte\/ma46\/index.html\">MA 46<\/a> in Verbindung gesetzt. Diese haben versichert, dass nach der Umgestaltung der Parkpl\u00e4tze beim Bahnhof Heiligenstadt auch die Behindertenparkpl\u00e4tze wieder hergestellt werden. Zeitrahmen wurde keiner genannt.<\/p>\n\n\n\n<p>Artikel zum Thema:<br \/><a href=\"https:\/\/bmin.info\/WP\/2021\/05\/10\/skandal-um-behindertenparkplaetze-beim-bhf-heiligenstadt\/\">Skandal um Behindertenparkpl\u00e4tze beim Bhf. Heiligenstadt<\/a> &#8211; 10.05.2021<br \/><i>Schandfleck der MA 46?<br \/><\/i><a href=\"https:\/\/bmin.info\/WP\/2021\/03\/14\/amtshaus-doebling-planungsfehler-wurden-noch-nicht-behoben\/\">Amtshaus D\u00f6bling: Planungsfehler wurden noch nicht behoben<\/a> &#8211; 14.03.2021<i><br \/>Behindertenpolitik in D\u00f6bling wird scheinbar doch nicht so ernst genommen<br \/><\/i><a href=\"https:\/\/bmin.info\/WP\/2021\/02\/19\/behinderten-wc-im-amtshaus-doebling-maengel-wurden-behoben\/\">Behinderten-WC im Amtshaus D\u00f6bling: M\u00e4ngel wurden behoben<\/a> &#8211; 19.02.2021<br \/><i>Behinderten-Parkpl\u00e4tze: GR\u00dcNE und NEOS stellten Antr\u00e4ge<br \/><\/i><a href=\"https:\/\/bmin.info\/WP\/2021\/01\/29\/doebling-behindertengerechte-massnahmen-noch-nicht-umgesetzt\/\">D\u00f6bling: Behindertengerechte Ma\u00dfnahmen noch nicht umgesetzt<\/a> &#8211; 29.01.2021<br \/><i>D\u00f6blinger Gr\u00fcne stellen Antr\u00e4ge in der BV-Sitzung am 18. Februar 2021<br \/><\/i><a href=\"https:\/\/bmin.info\/WP\/2020\/04\/25\/behindertenparkplaetze-bhf-heiligenstadt-loesung-in-sicht\/\">Behindertenparkpl\u00e4tze Bhf Heiligenstadt: L\u00f6sung in Sicht<\/a> &#8211; 25.04.2020<br \/><a href=\"https:\/\/bmin.info\/WP\/2020\/02\/07\/bhf-heiligenstadt-zu-kleiner-behindertenparkplatz\/\">Bhf Heiligenstadt: Zu kleiner Behindertenparkplatz<\/a> &#8211; 07.02.2020<\/p>\n","protected":false},"excerpt":{"rendered":"<p>Text: Pepo Meia, Niels CimpaSchon im Februar 2020 berichtete BMIN-Info \u00fcber das mysteri\u00f6se Verschwinden des zweiten Behindertenparkplatzes beim Bhf. Heiligenstadt in Wien D\u00f6bling. Damit endlich wieder die beiden Behindertenparkpl\u00e4tze beim Bhf. Heiligenstadt errichtet werden, wurde von den D\u00f6blinger Gr\u00fcnen ein Antrag in der Bezirksvertretungssitzung am 18. Februar 2021 eingebracht, welcher einstimmig vom Bezirksparlament angenommen wurde.&nbsp;&#8230; <a href=\"https:\/\/bmin.info\/WP\/2021\/05\/17\/schandfleck-der-ma-46-wird-beseitigt-aber-wann\/\" class=\"more-link\">Continue reading <span class=\"screen-reader-text\">Schandfleck der MA 46 wird beseitigt, aber wann?<\/span><\/a><\/p>\n","protected":false},"author":3,"featured_media":0,"comment_status":"closed","ping_status":"closed","sticky":false,"template":"","format":"standard","meta":{"footnotes":""},"categories":[3],"tags":[],"class_list":["post-8733","post","type-post","status-publish","format-standard","hentry","category-info"],"_links":{"self":[{"href":"https:\/\/bmin.info\/WP\/wp-json\/wp\/v2\/posts\/8733","targetHints":{"allow":["GET"]}}],"collection":[{"href":"https:\/\/bmin.info\/WP\/wp-json\/wp\/v2\/posts"}],"about":[{"href":"https:\/\/bmin.info\/WP\/wp-json\/wp\/v2\/types\/post"}],"author":[{"embeddable":true,"href":"https:\/\/bmin.info\/WP\/wp-json\/wp\/v2\/users\/3"}],"replies":[{"embeddable":true,"href":"https:\/\/bmin.info\/WP\/wp-json\/wp\/v2\/comments?post=8733"}],"version-history":[{"count":11,"href":"https:\/\/bmin.info\/WP\/wp-json\/wp\/v2\/posts\/8733\/revisions"}],"predecessor-version":[{"id":9067,"href":"https:\/\/bmin.info\/WP\/wp-json\/wp\/v2\/posts\/8733\/revisions\/9067"}],"wp:attachment":[{"href":"https:\/\/bmin.info\/WP\/wp-json\/wp\/v2\/media?parent=8733"}],"wp:term":[{"taxonomy":"category","embeddable":true,"href":"https:\/\/bmin.info\/WP\/wp-json\/wp\/v2\/categories?post=8733"},{"taxonomy":"post_tag","embeddable":true,"href":"https:\/\/bmin.info\/WP\/wp-json\/wp\/v2\/tags?post=8733"}],"curies":[{"name":"wp","href":"https:\/\/api.w.org\/{rel}","templated":true}]}}