{"id":8787,"date":"2021-05-28T07:30:28","date_gmt":"2021-05-28T06:30:28","guid":{"rendered":"https:\/\/bmin.info\/WP\/?p=8787"},"modified":"2021-05-28T07:30:28","modified_gmt":"2021-05-28T06:30:28","slug":"interessenvertretung-der-menschen-mit-behinderung-in-wien-bereit-fuer-neue-periode","status":"publish","type":"post","link":"https:\/\/bmin.info\/WP\/2021\/05\/28\/interessenvertretung-der-menschen-mit-behinderung-in-wien-bereit-fuer-neue-periode\/","title":{"rendered":"Interessenvertretung der Menschen mit Behinderung in Wien bereit f\u00fcr neue Periode"},"content":{"rendered":"\n<p>Text: Lebenshilfe \u00d6sterreich<br \/><em>Die IVMB hat sich f\u00fcr die kommenden Aufgaben neu aufgestellt. Die Lebenshilfe \u00d6sterreich begr\u00fc\u00dft diesen Schritt als wichtige Erg\u00e4nzung ihrer Interessenpolitik.<\/em><\/p>\n\n\n\n<p>Wien (OTS) &#8211; Die <a href=\"https:\/\/www.wien.gv.at\/menschen\/barrierefreiestadt\/interessensvertretung\/\">Interessenvertretung der Menschen mit Behinderung<\/a> in Wien (IVMB) ist ein gesetzlich legitimiertes Gremium aus Expertinnen und Experten, das seit 1986 die Wiener Landesregierung in allen Angelegenheiten ber\u00e4t, die Menschen mit Behinderung betreffen. Nach der Wiener Gemeinderatswahl im Oktober 2020 musste das Gremium f\u00fcr die aktuelle Legislaturperiode neu nominiert werden. Nach einigen Verz\u00f6gerungen, bedingt durch Corona und durch das tragische Ableben des bisherigen IVMB-Vorsitzenden Herbert Pichler, war es diese Woche soweit: das Gremium einigte sich auf die 15 Mitglieder und 15 Ersatzmitglieder, die bis zur n\u00e4chsten Gemeinderatswahl (sp\u00e4testens 2025) die Interessen der Menschen mit Behinderung in Wien vertreten sollen.<\/p>\n\n\n\n<p>Der stellvertretende Vorsitzende <a href=\"https:\/\/www.lebenshilfe.wien\/category\/ueber-uns\/ansprechpersonen\/generalsekretaer\/\">Bernhard Schmid<\/a>, Vize-Pr\u00e4sident der Lebenshilfe \u00d6sterreich und Generalsekret\u00e4r der Lebenshilfe Wien, dazu: <em>\u201eIch bin gl\u00fccklich, dass wir eine gut ausgewogene Zusammenstellung finden konnten! Es sind ausgewiesene Expertinnen und Experten in eigener Sache dabei, die f\u00fcr Menschen mit intellektuellen, psychischen, k\u00f6rperlichen und Sinnesbeeintr\u00e4chtigungen sprechen. Wir haben einen gleichm\u00e4\u00dfigen Anteil an Frauen und M\u00e4nnern. Und gleich acht neue Mitglieder bringen frischen Schwung in die langj\u00e4hrig bew\u00e4hrte Stammgruppe.\u201c<\/em><\/p>\n\n\n\n<p>Im Juni erwartet die IVMB die offizielle Bestellung durch die Wiener Landesregierung. Der erfahrene, langj\u00e4hrig Vorsitz-erprobte und nun frisch gew\u00e4hlte neue Vorsitzende <a href=\"https:\/\/www.cbmf.at\/gruender-und-praesident.html\">Klaus Widl<\/a>: <em>\u201eIch bin sehr zuversichtlich, dass wir nun gest\u00e4rkt in die weitere Interessenarbeit gehen k\u00f6nnen. Themen gibt es \u00fcber umfassende Barrierefreiheit, selbstbestimmte Arbeits- und Wohnformen, Unterst\u00fctzung f\u00fcr individuelle Freizeitgestaltung, pers\u00f6nliche Assistenz bis zur Mitbestimmung in allen Lebensbereichen mehr als genug!\u201c<\/em><\/p>\n\n\n\n<p>Die Lebenshilfe \u00d6sterreich freut sich sehr \u00fcber die zuk\u00fcnftige Zusammenarbeit mit dem Gremium, und diese essentiellen Themen gemeinsam voranzutreiben.<\/p>\n","protected":false},"excerpt":{"rendered":"<p>Text: Lebenshilfe \u00d6sterreichDie IVMB hat sich f\u00fcr die kommenden Aufgaben neu aufgestellt. Die Lebenshilfe \u00d6sterreich begr\u00fc\u00dft diesen Schritt als wichtige Erg\u00e4nzung ihrer Interessenpolitik. Wien (OTS) &#8211; Die Interessenvertretung der Menschen mit Behinderung in Wien (IVMB) ist ein gesetzlich legitimiertes Gremium aus Expertinnen und Experten, das seit 1986 die Wiener Landesregierung in allen Angelegenheiten ber\u00e4t, die&#8230; <a href=\"https:\/\/bmin.info\/WP\/2021\/05\/28\/interessenvertretung-der-menschen-mit-behinderung-in-wien-bereit-fuer-neue-periode\/\" class=\"more-link\">Continue reading <span class=\"screen-reader-text\">Interessenvertretung der Menschen mit Behinderung in Wien bereit f\u00fcr neue Periode<\/span><\/a><\/p>\n","protected":false},"author":3,"featured_media":0,"comment_status":"closed","ping_status":"closed","sticky":false,"template":"","format":"standard","meta":{"footnotes":""},"categories":[3],"tags":[],"class_list":["post-8787","post","type-post","status-publish","format-standard","hentry","category-info"],"_links":{"self":[{"href":"https:\/\/bmin.info\/WP\/wp-json\/wp\/v2\/posts\/8787","targetHints":{"allow":["GET"]}}],"collection":[{"href":"https:\/\/bmin.info\/WP\/wp-json\/wp\/v2\/posts"}],"about":[{"href":"https:\/\/bmin.info\/WP\/wp-json\/wp\/v2\/types\/post"}],"author":[{"embeddable":true,"href":"https:\/\/bmin.info\/WP\/wp-json\/wp\/v2\/users\/3"}],"replies":[{"embeddable":true,"href":"https:\/\/bmin.info\/WP\/wp-json\/wp\/v2\/comments?post=8787"}],"version-history":[{"count":2,"href":"https:\/\/bmin.info\/WP\/wp-json\/wp\/v2\/posts\/8787\/revisions"}],"predecessor-version":[{"id":8795,"href":"https:\/\/bmin.info\/WP\/wp-json\/wp\/v2\/posts\/8787\/revisions\/8795"}],"wp:attachment":[{"href":"https:\/\/bmin.info\/WP\/wp-json\/wp\/v2\/media?parent=8787"}],"wp:term":[{"taxonomy":"category","embeddable":true,"href":"https:\/\/bmin.info\/WP\/wp-json\/wp\/v2\/categories?post=8787"},{"taxonomy":"post_tag","embeddable":true,"href":"https:\/\/bmin.info\/WP\/wp-json\/wp\/v2\/tags?post=8787"}],"curies":[{"name":"wp","href":"https:\/\/api.w.org\/{rel}","templated":true}]}}