{"id":8813,"date":"2021-05-31T09:14:24","date_gmt":"2021-05-31T08:14:24","guid":{"rendered":"https:\/\/bmin.info\/WP\/?p=8813"},"modified":"2021-05-31T17:47:49","modified_gmt":"2021-05-31T16:47:49","slug":"schanigarten-rampe-gut-gemeint-heisst-nicht-gut-gemacht","status":"publish","type":"post","link":"https:\/\/bmin.info\/WP\/2021\/05\/31\/schanigarten-rampe-gut-gemeint-heisst-nicht-gut-gemacht\/","title":{"rendered":"Schanigarten-Rampe: \u201eGut gemeint hei\u00dft nicht gut gemacht\u201c"},"content":{"rendered":"\n<p>Text: Pepo Meia<br \/><strong><em>Seri\u00f6se Fachberatung gefragt<\/em><\/strong><em>&nbsp;<\/em><br \/>Die Gastronomie und die Schanig\u00e4rten haben nach dem langen Lockdown auch in Wien wieder ge\u00f6ffnet.&nbsp;<\/p>\n\n\n\n<p>Der Betreiber eines Schanigartens in der <a href=\"https:\/\/www.geschichtewiki.wien.gv.at\/Brigittenau\">Brigittenau<\/a> mit dem ich des \u00d6fteren \u00fcber die Nichtzug\u00e4nglichkeit seines Schanigartens diskutiert habe, kam erfreut zu mir und meinte, dass er bald eine Rollstuhl-Rampe zu seinem Schanigarten haben werde. Hocherfreut sagte ich ihm zu, dass ich dann einen positiven Bericht schreiben werde. Drei Tage sp\u00e4ter, mit Fotoapparat, fuhren wir in die Klosterneuburger Stra\u00dfe zum besagten Schanigarten.\u00a0Der Gesch\u00e4ftsf\u00fchrer legte die neue, mobile Rampe auf &#8211; ich war entt\u00e4uscht. Man hat sich zwar bem\u00fcht &#8211; auch der Handwerker, der die Rampe gebaut hat &#8211; jedoch h\u00e4tte man sich vorher besser informieren m\u00fcssen.<\/p>\n\n\n\n<div class=\"wp-block-columns is-layout-flex wp-container-core-columns-is-layout-9d6595d7 wp-block-columns-is-layout-flex\">\n<div class=\"wp-block-column is-layout-flow wp-block-column-is-layout-flow\">\n<figure class=\"wp-block-image size-large is-resized\"><a href=\"https:\/\/bmin.info\/WP\/wp-content\/uploads\/2021\/05\/Rampe_1200a.jpg\" target=\"_blank\" rel=\"noopener\"><img loading=\"lazy\" decoding=\"async\" src=\"https:\/\/bmin.info\/WP\/wp-content\/uploads\/2021\/05\/Rampe_1200a-1024x767.jpg\" alt=\"\" class=\"wp-image-8852\" width=\"424\" height=\"317\" srcset=\"https:\/\/bmin.info\/WP\/wp-content\/uploads\/2021\/05\/Rampe_1200a-1024x767.jpg 1024w, https:\/\/bmin.info\/WP\/wp-content\/uploads\/2021\/05\/Rampe_1200a-300x225.jpg 300w, https:\/\/bmin.info\/WP\/wp-content\/uploads\/2021\/05\/Rampe_1200a-768x576.jpg 768w, https:\/\/bmin.info\/WP\/wp-content\/uploads\/2021\/05\/Rampe_1200a-144x108.jpg 144w, https:\/\/bmin.info\/WP\/wp-content\/uploads\/2021\/05\/Rampe_1200a.jpg 1189w\" sizes=\"auto, (max-width: 424px) 100vw, 424px\" \/><\/a><\/figure>\n<\/div>\n\n\n\n<div class=\"wp-block-column is-layout-flow wp-block-column-is-layout-flow\">\n<figure class=\"wp-block-image size-large is-resized\"><a href=\"https:\/\/bmin.info\/WP\/wp-content\/uploads\/2021\/05\/Rampe_1200b.jpg\" target=\"_blank\" rel=\"noopener\"><img loading=\"lazy\" decoding=\"async\" src=\"https:\/\/bmin.info\/WP\/wp-content\/uploads\/2021\/05\/Rampe_1200b-1024x767.jpg\" alt=\"\" class=\"wp-image-8853\" width=\"423\" height=\"316\" srcset=\"https:\/\/bmin.info\/WP\/wp-content\/uploads\/2021\/05\/Rampe_1200b-1024x767.jpg 1024w, https:\/\/bmin.info\/WP\/wp-content\/uploads\/2021\/05\/Rampe_1200b-300x225.jpg 300w, https:\/\/bmin.info\/WP\/wp-content\/uploads\/2021\/05\/Rampe_1200b-768x575.jpg 768w, https:\/\/bmin.info\/WP\/wp-content\/uploads\/2021\/05\/Rampe_1200b-144x108.jpg 144w, https:\/\/bmin.info\/WP\/wp-content\/uploads\/2021\/05\/Rampe_1200b.jpg 1280w\" sizes=\"auto, (max-width: 423px) 100vw, 423px\" \/><\/a><\/figure>\n<\/div>\n<\/div>\n\n\n\n<p><strong>Folgendes ist uns aufgefallen:<\/strong><br \/>\u2022 Die Rampe ist zu steil. Der Schanigarten hat eine H\u00f6he von ca. 10cm. Dies bedeutet, dass die Rampenl\u00e4nge mindestens einen Meter betragen m\u00fcsste (alte \u00d6Norm B1600). Die Rampe ist nur ca. 30cm lang.<br \/>\u2022 Die Rampe ist nicht fixiert, dadurch ist die Unfallgefahr zu gro\u00df. Vor allem bei einem E-Rollstuhlnutzer k\u00f6nnte die Rampe \u201ewegrutschen\u201c.<br \/>\u2022 Links und Rechts der Rampe m\u00fcsste ein \u201eAbrutsch-Schutz\u201c &#8211; Radabweiser &#8211; eine Aufkantung vorhanden sein, um das <strong>sichere Befahren<\/strong> zu gew\u00e4hrleisten und seitliches Abrutschen zu vermeiden.<\/p>\n\n\n\n<p><strong>Seri\u00f6se Fachberatung gefragt<\/strong><br \/>Wenn man sich im Internet \u00fcber Rollstuhl-Rampen informieren m\u00f6chte, findet man viele Anbieter, die auch lebensgef\u00e4hrliche Rampen anbieten, die sicherlich nicht den Sicherheitsvorschriften entsprechen. Deshalb sollten unbedingt seri\u00f6se Fachleute zu Rate gezogen werden.<\/p>\n\n\n\n<p><strong>Anm.<\/strong>: Der Schanigartenbetreiber hat sich zwar bem\u00fcht, jedoch entspricht die mobile Rampe leider u.a. nicht den gesetzlichen Sicherheitsvorschriften. Eine Innenrampe wie z.B. beim <a href=\"https:\/\/bmin.info\/WP\/2018\/08\/29\/wien-heiligenstadt-neuer-barrierefreier-ankerbrot-schanigarten\/\">Schanigarten in der ANKER-Filiale<\/a> beim Bhf. Heiligenstadt w\u00e4re unserer Meinung nach eine sehr gute L\u00f6sung.&nbsp;<\/p>\n\n\n\n<p>Mehr Informationen im BMIN-Artikel: <a href=\"https:\/\/bmin.info\/WP\/2021\/05\/31\/rollstuhl-rampen---wichtige-infos-zusammengefasst\/\" target=\"_blank\" rel=\"noreferrer noopener\">Rollstuhl-Rampen &#8211; Wichtige Infos zusammengefasst<\/a><\/p>\n\n\n\n<p>Artikel zum Thema:<br \/><a href=\"https:\/\/bmin.info\/WP\/2020\/06\/12\/bmin-erfolg-eissalon-veganista-schanigarten-ist-barrierefrei\/\">BMIN-Erfolg: Eissalon Veganista \u2013 Schanigarten ist barrierefrei<\/a> (12. Juni 2020)<br \/><a href=\"https:\/\/bmin.info\/WP\/2020\/06\/08\/neuer-schanigarten-wieder-nicht-barrierefrei\/\">Neuer Schanigarten wieder nicht barrierefrei<\/a> (08. Juni 2020)<br \/><a href=\"https:\/\/bmin.info\/WP\/2019\/04\/24\/barrierefreie-schanigaerten\/\">Barrierefreie Schanig\u00e4rten?<\/a>\u00a0(24. April 2019)<br \/><a href=\"https:\/\/bmin.info\/WP\/2018\/08\/29\/wien-heiligenstadt-neuer-barrierefreier-ankerbrot-schanigarten\/\">Wien Heiligenstadt: Neuer, barrierefreier Ankerbrot-Schanigarten<\/a>\u00a0(29. Aug. 2018)<br \/><a href=\"https:\/\/bmin.info\/WP\/2018\/04\/13\/schanigaerten-rollstuhlfahrer-unerwuenscht\/\">Schanig\u00e4rten: Rollstuhlfahrer unerw\u00fcnscht?<\/a>\u00a0(13. April 2018)<br \/><a href=\"http:\/\/www.bmin.info\/N-Archiv\/BMIN.achrichten\/Nachrichten\/Eintrage\/2013\/10\/11_Wann_wir_die_Schanigartenrichtlinie_der_Stadt_Wien_endlich_umgesetzt.html\">Wann wird die Schanigartenrichtlinie der Stadt Wien endlich umgesetzt?<\/a> (11. Okt. 2013)<br \/><a href=\"http:\/\/www.bmin.info\/N-Archiv\/BMIN.achrichten\/Nachrichten\/Eintrage\/2013\/6\/22_BMIN-Initiative__Barrierefreie_Schanigarten.html\">BMIN-Initiative: Barrierefreie Schanig\u00e4rten<\/a> (22. Juni 2013)<br \/><a href=\"http:\/\/www.bmin.info\/N-Archiv\/BMIN.achrichten\/Nachrichten\/Eintrage\/2013\/6\/19_Schanigarten_Rollstuhlfahrer_unerwunscht%21.html\">Schanigarten \u2013 Rollstuhlfahrer unerw\u00fcnscht!<\/a> (19.Juni 2013)<br \/><a href=\"https:\/\/www.wien.gv.at\/stadtentwicklung\/studien\/pdf\/e000004.pdf\">Leitfaden barrierefreie Schanig\u00e4rten in Wien<\/a> (wien.gv.at \/ PDF)<\/p>\n","protected":false},"excerpt":{"rendered":"<p>Text: Pepo MeiaSeri\u00f6se Fachberatung gefragt&nbsp;Die Gastronomie und die Schanig\u00e4rten haben nach dem langen Lockdown auch in Wien wieder ge\u00f6ffnet.&nbsp; Der Betreiber eines Schanigartens in der Brigittenau mit dem ich des \u00d6fteren \u00fcber die Nichtzug\u00e4nglichkeit seines Schanigartens diskutiert habe, kam erfreut zu mir und meinte, dass er bald eine Rollstuhl-Rampe zu seinem Schanigarten haben werde. Hocherfreut&#8230; <a href=\"https:\/\/bmin.info\/WP\/2021\/05\/31\/schanigarten-rampe-gut-gemeint-heisst-nicht-gut-gemacht\/\" class=\"more-link\">Continue reading <span class=\"screen-reader-text\">Schanigarten-Rampe: \u201eGut gemeint hei\u00dft nicht gut gemacht\u201c<\/span><\/a><\/p>\n","protected":false},"author":3,"featured_media":0,"comment_status":"closed","ping_status":"closed","sticky":false,"template":"","format":"standard","meta":{"footnotes":""},"categories":[3],"tags":[],"class_list":["post-8813","post","type-post","status-publish","format-standard","hentry","category-info"],"_links":{"self":[{"href":"https:\/\/bmin.info\/WP\/wp-json\/wp\/v2\/posts\/8813","targetHints":{"allow":["GET"]}}],"collection":[{"href":"https:\/\/bmin.info\/WP\/wp-json\/wp\/v2\/posts"}],"about":[{"href":"https:\/\/bmin.info\/WP\/wp-json\/wp\/v2\/types\/post"}],"author":[{"embeddable":true,"href":"https:\/\/bmin.info\/WP\/wp-json\/wp\/v2\/users\/3"}],"replies":[{"embeddable":true,"href":"https:\/\/bmin.info\/WP\/wp-json\/wp\/v2\/comments?post=8813"}],"version-history":[{"count":13,"href":"https:\/\/bmin.info\/WP\/wp-json\/wp\/v2\/posts\/8813\/revisions"}],"predecessor-version":[{"id":8872,"href":"https:\/\/bmin.info\/WP\/wp-json\/wp\/v2\/posts\/8813\/revisions\/8872"}],"wp:attachment":[{"href":"https:\/\/bmin.info\/WP\/wp-json\/wp\/v2\/media?parent=8813"}],"wp:term":[{"taxonomy":"category","embeddable":true,"href":"https:\/\/bmin.info\/WP\/wp-json\/wp\/v2\/categories?post=8813"},{"taxonomy":"post_tag","embeddable":true,"href":"https:\/\/bmin.info\/WP\/wp-json\/wp\/v2\/tags?post=8813"}],"curies":[{"name":"wp","href":"https:\/\/api.w.org\/{rel}","templated":true}]}}