{"id":8851,"date":"2021-05-31T09:13:50","date_gmt":"2021-05-31T08:13:50","guid":{"rendered":"https:\/\/bmin.info\/WP\/?p=8851"},"modified":"2021-06-01T10:39:50","modified_gmt":"2021-06-01T09:39:50","slug":"interessenvertretung-der-menschen-mit-behinderung-hat-sich-neu-formiert","status":"publish","type":"post","link":"https:\/\/bmin.info\/WP\/2021\/05\/31\/interessenvertretung-der-menschen-mit-behinderung-hat-sich-neu-formiert\/","title":{"rendered":"Interessenvertretung der Menschen mit Behinderung hat sich neu formiert"},"content":{"rendered":"\n<p>Text: BMIN \/ CBFM<a href=\"Text: BMIN \/ CBMF\"><br \/><\/a>Die Interessenvertretung der Menschen mit Behinderung in Wien (<a href=\"https:\/\/www.wien.gv.at\/menschen\/barrierefreiestadt\/interessensvertretung\/\">IVMB<\/a>) ist ein gesetzlich legitimiertes Gremium aus Expertinnen und Experten, welches die Wiener Landesregierung in allen Angelegenheiten ber\u00e4t, die Menschen mit Behinderung betreffen. Nach der im Oktober 2020 erfolgten Wiener Gemeinderatswahl musste das Gremium f\u00fcr die aktuelle Legislaturperiode neu nominiert werden.<\/p>\n\n\n\n<p>Vergangene Woche einigte man sich auf einen gemeinsamen Wahlvorschlag. N\u00e4here Details dazu findet man auch in der <a href=\"https:\/\/bmin.info\/WP\/2021\/05\/28\/interessenvertretung-der-menschen-mit-behinderung-in-wien-bereit-fuer-neue-periode\/\">Presseaussendung der Lebenshilfe \u00d6sterreich<\/a>.<\/p>\n\n\n\n<p><a href=\"https:\/\/www.cbmf.at\/gruender-und-praesident.html\">Klaus Widl<\/a>, der erfahrene und langj\u00e4hrig Vorsitz-erprobte <a href=\"https:\/\/www.cbmf.at\">CBMF<\/a>-Pr\u00e4sident, wurde &#8211; vorausgesetzt der Bestellung seitens der Wiener Landesregierung &#8211; einstimmig (mit Ausnahme seiner eigenen Enthaltung) zum Vorsitzenden der IVMB gew\u00e4hlt. <a href=\"https:\/\/www.lebenshilfe.wien\/category\/ueber-uns\/ansprechpersonen\/generalsekretaer\/\">Mag. Bernhard Schmid<\/a>,&nbsp;Vize-Pr\u00e4sident der Lebenshilfe \u00d6sterreich und Generalsekret\u00e4r der Lebenshilfe Wien, wurde als stellvertretender Vorsitzender wiederbest\u00e4tigt. Acht neue Mitglieder &#8211; ausgewiesene Expertinnen und Experten in eigener Sache &#8211; sollen frischen Schwung in das neu formierte Team bringen, darunter u.a. auch <a href=\"https:\/\/www.bizeps.or.at\/autor\/brozek-mag-dorothea\/\">Mag. Dorothea Brozek<\/a>, Urgestein der \u00f6sterreichischen Behindertenbewegung, die wieder aktiviert werden konnte.<\/p>\n\n\n\n<p>Res\u00fcmee von Klaus Widl als k\u00fcnftig neuer IVMB-Vorsitzender:&nbsp;<em>\u201eIch bin sehr froh, mit so einem starken und ausgewogenem Team in die aktuelle Legislaturperiode starten zu k\u00f6nnen. Der Erfolg unserer Arbeit wird sich jedoch ausschlie\u00dflich danach bemessen, was wir nach Ablauf der 5-j\u00e4hrigen Periode zur Verbesserung der Lebenssituation f\u00fcr Menschen mit Behinderungen erreichen und beitragen konnten!\u201c<\/em><\/p>\n\n\n\n<p>Im Juni erwartet die IVMB die offizielle Bestellung durch die Wiener Landesregierung und im September soll die erste Sitzung der IVBM stattfinden.<\/p>\n\n\n\n<p>BMIN w\u00fcnscht dem Gremium jedenfalls viel Erfolg und Durchsetzungsverm\u00f6gen f\u00fcr ihre Arbeit!<\/p>\n","protected":false},"excerpt":{"rendered":"<p>Text: BMIN \/ CBFMDie Interessenvertretung der Menschen mit Behinderung in Wien (IVMB) ist ein gesetzlich legitimiertes Gremium aus Expertinnen und Experten, welches die Wiener Landesregierung in allen Angelegenheiten ber\u00e4t, die Menschen mit Behinderung betreffen. Nach der im Oktober 2020 erfolgten Wiener Gemeinderatswahl musste das Gremium f\u00fcr die aktuelle Legislaturperiode neu nominiert werden. Vergangene Woche einigte&#8230; <a href=\"https:\/\/bmin.info\/WP\/2021\/05\/31\/interessenvertretung-der-menschen-mit-behinderung-hat-sich-neu-formiert\/\" class=\"more-link\">Continue reading <span class=\"screen-reader-text\">Interessenvertretung der Menschen mit Behinderung hat sich neu formiert<\/span><\/a><\/p>\n","protected":false},"author":3,"featured_media":0,"comment_status":"closed","ping_status":"closed","sticky":false,"template":"","format":"standard","meta":{"footnotes":""},"categories":[3],"tags":[],"class_list":["post-8851","post","type-post","status-publish","format-standard","hentry","category-info"],"_links":{"self":[{"href":"https:\/\/bmin.info\/WP\/wp-json\/wp\/v2\/posts\/8851","targetHints":{"allow":["GET"]}}],"collection":[{"href":"https:\/\/bmin.info\/WP\/wp-json\/wp\/v2\/posts"}],"about":[{"href":"https:\/\/bmin.info\/WP\/wp-json\/wp\/v2\/types\/post"}],"author":[{"embeddable":true,"href":"https:\/\/bmin.info\/WP\/wp-json\/wp\/v2\/users\/3"}],"replies":[{"embeddable":true,"href":"https:\/\/bmin.info\/WP\/wp-json\/wp\/v2\/comments?post=8851"}],"version-history":[{"count":3,"href":"https:\/\/bmin.info\/WP\/wp-json\/wp\/v2\/posts\/8851\/revisions"}],"predecessor-version":[{"id":8879,"href":"https:\/\/bmin.info\/WP\/wp-json\/wp\/v2\/posts\/8851\/revisions\/8879"}],"wp:attachment":[{"href":"https:\/\/bmin.info\/WP\/wp-json\/wp\/v2\/media?parent=8851"}],"wp:term":[{"taxonomy":"category","embeddable":true,"href":"https:\/\/bmin.info\/WP\/wp-json\/wp\/v2\/categories?post=8851"},{"taxonomy":"post_tag","embeddable":true,"href":"https:\/\/bmin.info\/WP\/wp-json\/wp\/v2\/tags?post=8851"}],"curies":[{"name":"wp","href":"https:\/\/api.w.org\/{rel}","templated":true}]}}