{"id":8874,"date":"2021-06-04T15:07:07","date_gmt":"2021-06-04T14:07:07","guid":{"rendered":"https:\/\/bmin.info\/WP\/?p=8874"},"modified":"2021-06-16T07:26:58","modified_gmt":"2021-06-16T06:26:58","slug":"inklusive-bildung-jetzt","status":"publish","type":"post","link":"https:\/\/bmin.info\/WP\/2021\/06\/04\/inklusive-bildung-jetzt\/","title":{"rendered":"Inklusive Bildung Jetzt! &#8211; Petition"},"content":{"rendered":"\n<p>Text: Daniel Ray<br \/><em><strong>Seit ein paar Tagen ist die Petition offiziell vom Parlament anerkannt und kann nun unterst\u00fctzt werden!<\/strong><\/em><br \/><em>Ziel:Bis zur n\u00e4chsten\u00a0Sitzung des\u00a0Ausschusses f\u00fcr Petitionen und B\u00fcrgerinitiativen am\u00a0<strong>10. Juni 2021<\/strong> m\u00f6glichst viele Unterst\u00fctzerinnen und Unterst\u00fctzer zu gewinnen.&#8220;<\/em><a href=\"Ziel:Bis zur n\u00e4chsten\u00a0Sitzung des\u00a0Ausschusses f\u00fcr Petitionen und B\u00fcrgerinitiativen am\u00a010. Juni 2021m\u00f6glichst viele Unterst\u00fctzerinnen und Unterst\u00fctzer zu gewinnen.&quot;\"><br \/><\/a>Viele Fachleute des Bildungsbereichs sowie Eltern betroffener Sch\u00fcler sind sich dar\u00fcber bewusst, dass es tragischerweise wenig bis keinen Fortschritt im Bereich der inklusiven Bildung gibt. \u00d6sterreich bekennt sich seit der Unterzeichnung der UN-Behindertenrechtskonvention (UN-BRK) im Jahr 2008 zu einem INKLUSIVEN Bildungssystem. Dies bedeutet, dass niemand vom gemeinsamen Leben, Lernen und Arbeiten ausgeschlossen werden darf und f\u00fcr jeden Menschen die vollst\u00e4ndige Teilhabe in allen gesellschaftlichen Bereichen sicherzustellen ist. Mit der gesetzten Unterschrift unterst\u00fctzt man die Forderung eines inklusiv gestalteten Bildungssystems und die Bereitstellung der notwendigen Ressourcen.\u00a0<\/p>\n\n\n\n<p>Mehr dazu auf der neuen Webseite <a href=\"https:\/\/inklusive-bildung-jetzt.at\/\"><em>https:\/\/inklusive-bildung-jetzt.at\/<\/em><\/a> . Zuk\u00fcnftig soll es au\u00dferdem laufend Informationen und Austausch zu Inklusiver Bildung in \u00d6sterreich geben.<\/p>\n\n\n\n<p><strong>\u00dcber die Petition<\/strong><br \/>Informationen zur <a href=\"https:\/\/www.parlament.gv.at\/PAKT\/VHG\/XXVII\/PET\/PET_00063\/index.shtml\"><em>Petition \u201eINKLUSIVE BILDUNG JETZT\u201c<\/em><\/a> (63\/PET) sind auf der Homepage des Parlaments abrufbar.<br \/>Hier k\u00f6nnen Sie die Petition unterst\u00fctzen: <a href=\"https:\/\/www.parlament.gv.at\/SEC\/Zustimmen.shtml?ityp=PET&amp;gpCode=XXVII&amp;inr=63\"><em>https:\/\/www.parlament.gv.at\/SEC\/Zustimmen.shtml?ityp=PET&amp;gpCode=XXVII&amp;inr=63<\/em><\/a><\/p>\n","protected":false},"excerpt":{"rendered":"<p>Text: Daniel RaySeit ein paar Tagen ist die Petition offiziell vom Parlament anerkannt und kann nun unterst\u00fctzt werden!Ziel:Bis zur n\u00e4chsten\u00a0Sitzung des\u00a0Ausschusses f\u00fcr Petitionen und B\u00fcrgerinitiativen am\u00a010. Juni 2021 m\u00f6glichst viele Unterst\u00fctzerinnen und Unterst\u00fctzer zu gewinnen.&#8220;Viele Fachleute des Bildungsbereichs sowie Eltern betroffener Sch\u00fcler sind sich dar\u00fcber bewusst, dass es tragischerweise wenig bis keinen Fortschritt im Bereich&#8230; <a href=\"https:\/\/bmin.info\/WP\/2021\/06\/04\/inklusive-bildung-jetzt\/\" class=\"more-link\">Continue reading <span class=\"screen-reader-text\">Inklusive Bildung Jetzt! &#8211; Petition<\/span><\/a><\/p>\n","protected":false},"author":3,"featured_media":0,"comment_status":"closed","ping_status":"closed","sticky":false,"template":"","format":"standard","meta":{"footnotes":""},"categories":[3],"tags":[],"class_list":["post-8874","post","type-post","status-publish","format-standard","hentry","category-info"],"_links":{"self":[{"href":"https:\/\/bmin.info\/WP\/wp-json\/wp\/v2\/posts\/8874","targetHints":{"allow":["GET"]}}],"collection":[{"href":"https:\/\/bmin.info\/WP\/wp-json\/wp\/v2\/posts"}],"about":[{"href":"https:\/\/bmin.info\/WP\/wp-json\/wp\/v2\/types\/post"}],"author":[{"embeddable":true,"href":"https:\/\/bmin.info\/WP\/wp-json\/wp\/v2\/users\/3"}],"replies":[{"embeddable":true,"href":"https:\/\/bmin.info\/WP\/wp-json\/wp\/v2\/comments?post=8874"}],"version-history":[{"count":5,"href":"https:\/\/bmin.info\/WP\/wp-json\/wp\/v2\/posts\/8874\/revisions"}],"predecessor-version":[{"id":8968,"href":"https:\/\/bmin.info\/WP\/wp-json\/wp\/v2\/posts\/8874\/revisions\/8968"}],"wp:attachment":[{"href":"https:\/\/bmin.info\/WP\/wp-json\/wp\/v2\/media?parent=8874"}],"wp:term":[{"taxonomy":"category","embeddable":true,"href":"https:\/\/bmin.info\/WP\/wp-json\/wp\/v2\/categories?post=8874"},{"taxonomy":"post_tag","embeddable":true,"href":"https:\/\/bmin.info\/WP\/wp-json\/wp\/v2\/tags?post=8874"}],"curies":[{"name":"wp","href":"https:\/\/api.w.org\/{rel}","templated":true}]}}