{"id":8888,"date":"2021-06-08T23:17:00","date_gmt":"2021-06-08T22:17:00","guid":{"rendered":"https:\/\/bmin.info\/WP\/?p=8888"},"modified":"2021-06-10T08:16:55","modified_gmt":"2021-06-10T07:16:55","slug":"behindertenrat-gratulation-an-kabinettsleiterin-romana-wochner","status":"publish","type":"post","link":"https:\/\/bmin.info\/WP\/2021\/06\/08\/behindertenrat-gratulation-an-kabinettsleiterin-romana-wochner\/","title":{"rendered":"\u00d6BR: Gratulation an Kabinettsleiterin Romana Wochner"},"content":{"rendered":"\n<p>Text: \u00d6sterreichischer Behindertenrat<br \/><strong><em>Agenden von Menschen mit Behinderungen m\u00fcssen bei der Umstrukturierung des Kabinetts M\u00fcckstein umfassend ber\u00fccksichtigt werden<\/em><\/strong><br \/>Wien (OTS) &#8211; Der \u00d6sterreichische Behindertenrat (\u00d6BR) gratuliert <a href=\"https:\/\/www.ots.at\/presseaussendung\/OTS_20210602_OTS0129\/bmsgpk-romana-wochner-neue-kabinettchefin-von-wolfgang-mueckstein\">Romana Wochner<\/a> zur \u00dcbernahme der Leitung des Kabinetts im Sozialministerium und freut sich auf eine weitere gute Zusammenarbeit mit dem Kabinett von Bundesminister Dr. M\u00fcckstein.<\/p>\n\n\n\n<p>In Bezug auf die Umstrukturierung des Kabinetts ruft der \u00d6BR die anstehenden gro\u00dfen und vielf\u00e4ltigen Vorhaben aus dem Regierungsprogramm betreffend Menschen mit Behinderungen in Erinnerung.<\/p>\n\n\n\n<p>So gilt es unter anderem in den n\u00e4chsten Monaten den Nationalen Aktionsplan Behinderung 2022-2030 zu einem Abschluss zu bringen, bundeseinheitliche Rahmenbedingungen zur Pers\u00f6nlichen Assistenz in allen Lebensbereichen und unabh\u00e4ngig von der Art der Behinderung zu erarbeiten, sowie den Prozess zu \u201eLohn statt Taschengeld\u201c f\u00fcr Personen, die in Werkst\u00e4tten arbeiten, weiter zu forcieren. Dar\u00fcber hinaus ist die Pflegereform zu finalisieren, der Ausgleichstaxfonds (ATF) \u2013 und damit die Inklusion von Menschen mit Behinderungen in den Arbeitsmarkt \u2013 langfristig abzusichern und die Barrierefreiheit aller \u00f6ffentlich zug\u00e4nglichen Leistungen sicherzustellen.<\/p>\n\n\n\n<p><strong>All diese Vorhaben betreffen die Zust\u00e4ndigkeiten unterschiedlicher Ministerien als auch der Bundesl\u00e4nder und bed\u00fcrfen einer engmaschigen Prozesssteuerung. Sie sind mit einem enormen Koordinierungsaufwand auf politischer Ebene verbunden.<\/strong><\/p>\n\n\n\n<p>Um all diesen Aufgaben gerecht werden zu k\u00f6nnen, fordert der \u00d6sterreichische Behindertenrat, dass wieder eine Person im Kabinett des Sozialministers explizit nominiert ist, die ausschlie\u00dflich f\u00fcr die Agenden von Menschen mit Behinderungen zust\u00e4ndig ist. Diese Person muss \u00fcber ausreichend Zeitressourcen verf\u00fcgen, um die genannten Projekte zu einem Abschluss zu bringen. Andernfalls haben wir die Sorge, dass die Anliegen von Menschen mit Behinderungen in diesem Ministerium mit seinen vielf\u00e4ltigen Aufgaben, insbesondere in Zeiten von Corona, \u00fcberlagert und daher nicht ausreichend ber\u00fccksichtigt werden k\u00f6nnen. Der \u00d6BR appelliert daher an Romana Wochner, dies im laufenden Umstrukturierungsprozesses des Kabinetts zu ber\u00fccksichtigen.<\/p>\n\n\n\n<p>Presseaussendungen und Artikel zum Thema:<br \/><a href=\"https:\/\/bmin.info\/WP\/2021\/05\/31\/offener-brief-gegen-kuerzung-der-stelle-des-sonderberaters-betreffend-behindertenangelegenheiten\/\">Offener Brief gegen K\u00fcrzung der Stelle des Sonderberaters betreffend Behindertenangelegenheiten<\/a> &#8211; 31.05.2021<br \/><em>Gemeinsamer Protest zahlreicher Behindertenorganisationen gegen Sozialminister M\u00fcckstein<\/em><br \/><a href=\"https:\/\/www.diepresse.com\/5987471\/fatales-zeichen-behindertenvertreter-kritisieren-kurzung-im-sozialministerium\">&#8222;Fatales Zeichen&#8220;: Behindertenvertreter kritisieren K\u00fcrzung im Sozialministerium<\/a> (diepresse.com &#8211; 31.05.2021)<br \/><a href=\"https:\/\/www.derstandard.at\/story\/2000127065707\/behindertenvertreter-kritisieren-kuerzung-im-sozialministerium\">Behindertenvertreter kritisieren K\u00fcrzung im Sozialministerium<\/a> (derstandard.at &#8211; 31.05.2021)<br \/><a href=\"https:\/\/www.ots.at\/presseaussendung\/OTS_20210601_OTS0033\/fpoe-hofer-sozialminister-mueckstein-gefaehrdet-den-erfolgreichen-weg-der-inklusion-in-oesterreich\">Hofer: Sozialminister M\u00fcckstein gef\u00e4hrdet den erfolgreichen Weg der Inklusion in \u00d6sterreich<\/a> (OTS &#8211; 1. Juni 2021)<br \/><em>Streichung der Stelle des Sonderberaters f\u00fcr Behindertenangelegenheiten muss zur\u00fcckgenommen werden<\/em><br \/><a href=\"https:\/\/www.ots.at\/presseaussendung\/OTS_20210607_OTS0176\/kuerzung-der-stelle-des-sonderberaters-fuer-behindertenangelegenheiten-falsches-zeichen\">K\u00fcrzung der Stelle des Sonderberaters f\u00fcr &#8222;Behindertenangelegenheiten&#8220; falsches Zeichen<\/a><br \/><em>Monitoringausschuss \u00fcbt Kritik an der geplanten K\u00fcrzung der Sonderberatungsstelle f\u00fcr Angelegenheiten von Menschen mit Behinderungen im Sozialministerium <\/em>(OTS &#8211; 7. Juni 2021)<\/p>\n","protected":false},"excerpt":{"rendered":"<p>Text: \u00d6sterreichischer BehindertenratAgenden von Menschen mit Behinderungen m\u00fcssen bei der Umstrukturierung des Kabinetts M\u00fcckstein umfassend ber\u00fccksichtigt werdenWien (OTS) &#8211; Der \u00d6sterreichische Behindertenrat (\u00d6BR) gratuliert Romana Wochner zur \u00dcbernahme der Leitung des Kabinetts im Sozialministerium und freut sich auf eine weitere gute Zusammenarbeit mit dem Kabinett von Bundesminister Dr. M\u00fcckstein. In Bezug auf die Umstrukturierung des&#8230; <a href=\"https:\/\/bmin.info\/WP\/2021\/06\/08\/behindertenrat-gratulation-an-kabinettsleiterin-romana-wochner\/\" class=\"more-link\">Continue reading <span class=\"screen-reader-text\">\u00d6BR: Gratulation an Kabinettsleiterin Romana Wochner<\/span><\/a><\/p>\n","protected":false},"author":3,"featured_media":0,"comment_status":"closed","ping_status":"closed","sticky":false,"template":"","format":"standard","meta":{"footnotes":""},"categories":[3],"tags":[],"class_list":["post-8888","post","type-post","status-publish","format-standard","hentry","category-info"],"_links":{"self":[{"href":"https:\/\/bmin.info\/WP\/wp-json\/wp\/v2\/posts\/8888","targetHints":{"allow":["GET"]}}],"collection":[{"href":"https:\/\/bmin.info\/WP\/wp-json\/wp\/v2\/posts"}],"about":[{"href":"https:\/\/bmin.info\/WP\/wp-json\/wp\/v2\/types\/post"}],"author":[{"embeddable":true,"href":"https:\/\/bmin.info\/WP\/wp-json\/wp\/v2\/users\/3"}],"replies":[{"embeddable":true,"href":"https:\/\/bmin.info\/WP\/wp-json\/wp\/v2\/comments?post=8888"}],"version-history":[{"count":5,"href":"https:\/\/bmin.info\/WP\/wp-json\/wp\/v2\/posts\/8888\/revisions"}],"predecessor-version":[{"id":8910,"href":"https:\/\/bmin.info\/WP\/wp-json\/wp\/v2\/posts\/8888\/revisions\/8910"}],"wp:attachment":[{"href":"https:\/\/bmin.info\/WP\/wp-json\/wp\/v2\/media?parent=8888"}],"wp:term":[{"taxonomy":"category","embeddable":true,"href":"https:\/\/bmin.info\/WP\/wp-json\/wp\/v2\/categories?post=8888"},{"taxonomy":"post_tag","embeddable":true,"href":"https:\/\/bmin.info\/WP\/wp-json\/wp\/v2\/tags?post=8888"}],"curies":[{"name":"wp","href":"https:\/\/api.w.org\/{rel}","templated":true}]}}