{"id":9373,"date":"2021-09-11T17:17:10","date_gmt":"2021-09-11T16:17:10","guid":{"rendered":"https:\/\/bmin.info\/WP\/?p=9373"},"modified":"2021-09-14T08:36:53","modified_gmt":"2021-09-14T07:36:53","slug":"licht-ins-dunkel-inklusions-medienpreis-im-sinne-von-herbert-pichler","status":"publish","type":"post","link":"https:\/\/bmin.info\/WP\/2021\/09\/11\/licht-ins-dunkel-inklusions-medienpreis-im-sinne-von-herbert-pichler\/","title":{"rendered":"LICHT INS DUNKEL &#8211; INKLUSIONS-MEDIENPREIS im Sinne von Herbert Pichler?"},"content":{"rendered":"\n<p>Text: Pepo Meia \/ Kommentar<br \/><strong>Vorgeschichte: <\/strong>Herbert Pichler, Pr\u00e4sident des \u00d6sterreichischen Behindertenrates ist <a href=\"https:\/\/bmin.info\/WP\/2021\/04\/03\/herbert-pichler-toedlich-verunglueckt\/\">im April 2021<\/a> t\u00f6dlich verungl\u00fcckt. Er setzte sich u.a. beim ORF daf\u00fcr ein, dass mehr Sendezeit f\u00fcr behindertenspezifische Themen zur Verf\u00fcgung gestellt wird. Pichler war, wie viele Betroffene, jedoch kein Freund der j\u00e4hrlich zur Weihnachtszeit stattfindenden Spendenaktion von <a href=\"https:\/\/lichtinsdunkel.orf.at\/spenden\/index.html\">LICHT INS DUNKEL<\/a>. Offiziell konnte der Pr\u00e4sident des \u00d6BR diesen Standpunkt allerdings nicht vertreten, da viele Behindertenorganisationen die j\u00e4hrlichen Spendengelder von Licht ins Dunkel in ihr Vereinsbudget einkalkuliert haben. Bis vor einigen Jahren gab es auch noch massive Protestaktionen &#8211; siehe einige Artikel zum Thema.<\/p>\n\n\n\n<p>Am 6. Sept. 2021 ver\u00f6ffentlicht der Verein LICHT INS DUNKEL eine Presseaussendung: <a href=\"https:\/\/www.ots.at\/presseaussendung\/OTS_20210906_OTS0109\/licht-ins-dunkel-schreibt-herbert-pichler-inklusions-medienpreis-aus\">LICHT INS DUNKEL schreibt HERBERT PICHLER-INKLUSIONS-MEDIENPREIS aus<\/a>. Gegen einen Medienpreis ist ja nichts zu einzuwenden &#8211; jedoch diesen nach Herbert Pichler zu benennen??? Viele, die Herbert besser gekannt haben, finden dies unpassend. Die ORF-Spendenaktion ist nicht im Sinne von Herbert Pichler. Gut gemeint ist noch lange nicht gut gemacht. Das Zitat \u201cDas Gegenteil von gut ist gut gemeint.&#8220; wird u.a. auch Karl Kraus zugeschrieben.<\/p>\n\n\n\n<p>Artikel zum Thema:<br \/><a href=\"https:\/\/www.bizeps.or.at\/menschenrechte-statt-licht-ins-dunkel\/\">Menschenrechte statt \u201eLicht ins Dunkel\u201c<\/a> \/BIZEPS-online 22.12.2019)<br \/><a href=\"https:\/\/bmin.info\/WP\/2017\/12\/28\/respekt-kein-mitleid-bitte-nicht-ins-dunkel\/\">Respekt, kein Mitleid: Bitte nicht ins Dunkel!<\/a> (28.12.2017)<br \/><a href=\"https:\/\/bmin.info\/WP\/2015\/12\/28\/licht-ins-dunkel-alle-jahre-wieder-dieselbe-verlogenheit\/\">LICHT INS DUNKEL \u2013 Alle Jahre wieder dieselbe Verlogenheit!<\/a> (28.12.2015)<br \/><a href=\"http:\/\/www.bmin.info\/N-Archiv\/BMIN.achrichten\/Nachrichten\/Eintrage\/2014\/11\/7_Sigi_Maron__Herbe_Kritik_an_der_ORF-Spendenaktion_Licht_ins_Dunkel.html\">Sigi Maron: Herbe Kritik an der ORF Spendenaktion Licht ins Dunkel\u201c<\/a> (07.11.2014)<br \/><a href=\"https:\/\/www.bizeps.or.at\/zitronenwasser-mein-licht-ins-dunkel\/\">Zitronenwasser: Mein Licht ins Dunkel<\/a> (BIZEPS-online 27.01.2013)<br \/><a href=\"https:\/\/www.bizeps.or.at\/lied-nicht-ins-dunkel\/\">Lied: \u201eNicht ins Dunkel\u201c<\/a>&nbsp; (BIZEPS online &#8211; 07.12.2007)<br \/><a href=\"https:\/\/www.ots.at\/presseaussendung\/OTS_20071127_OTS0207\/huainigg-5000-kerzen-fuer-eine-reform-von-licht-ins-dunkel-brennen\">Huainigg: 5000 Kerzen f\u00fcr eine Reform von \u201eLicht ins Dunkel\u201c brennen<\/a> (ots &#8211; 27.11.2007)<\/p>\n","protected":false},"excerpt":{"rendered":"<p>Text: Pepo Meia \/ KommentarVorgeschichte: Herbert Pichler, Pr\u00e4sident des \u00d6sterreichischen Behindertenrates ist im April 2021 t\u00f6dlich verungl\u00fcckt. Er setzte sich u.a. beim ORF daf\u00fcr ein, dass mehr Sendezeit f\u00fcr behindertenspezifische Themen zur Verf\u00fcgung gestellt wird. Pichler war, wie viele Betroffene, jedoch kein Freund der j\u00e4hrlich zur Weihnachtszeit stattfindenden Spendenaktion von LICHT INS DUNKEL. Offiziell konnte&#8230; <a href=\"https:\/\/bmin.info\/WP\/2021\/09\/11\/licht-ins-dunkel-inklusions-medienpreis-im-sinne-von-herbert-pichler\/\" class=\"more-link\">Continue reading <span class=\"screen-reader-text\">LICHT INS DUNKEL &#8211; INKLUSIONS-MEDIENPREIS im Sinne von Herbert Pichler?<\/span><\/a><\/p>\n","protected":false},"author":3,"featured_media":0,"comment_status":"closed","ping_status":"closed","sticky":false,"template":"","format":"standard","meta":{"footnotes":""},"categories":[3],"tags":[],"class_list":["post-9373","post","type-post","status-publish","format-standard","hentry","category-info"],"_links":{"self":[{"href":"https:\/\/bmin.info\/WP\/wp-json\/wp\/v2\/posts\/9373","targetHints":{"allow":["GET"]}}],"collection":[{"href":"https:\/\/bmin.info\/WP\/wp-json\/wp\/v2\/posts"}],"about":[{"href":"https:\/\/bmin.info\/WP\/wp-json\/wp\/v2\/types\/post"}],"author":[{"embeddable":true,"href":"https:\/\/bmin.info\/WP\/wp-json\/wp\/v2\/users\/3"}],"replies":[{"embeddable":true,"href":"https:\/\/bmin.info\/WP\/wp-json\/wp\/v2\/comments?post=9373"}],"version-history":[{"count":9,"href":"https:\/\/bmin.info\/WP\/wp-json\/wp\/v2\/posts\/9373\/revisions"}],"predecessor-version":[{"id":9420,"href":"https:\/\/bmin.info\/WP\/wp-json\/wp\/v2\/posts\/9373\/revisions\/9420"}],"wp:attachment":[{"href":"https:\/\/bmin.info\/WP\/wp-json\/wp\/v2\/media?parent=9373"}],"wp:term":[{"taxonomy":"category","embeddable":true,"href":"https:\/\/bmin.info\/WP\/wp-json\/wp\/v2\/categories?post=9373"},{"taxonomy":"post_tag","embeddable":true,"href":"https:\/\/bmin.info\/WP\/wp-json\/wp\/v2\/tags?post=9373"}],"curies":[{"name":"wp","href":"https:\/\/api.w.org\/{rel}","templated":true}]}}