{"id":9396,"date":"2021-09-13T18:14:01","date_gmt":"2021-09-13T17:14:01","guid":{"rendered":"https:\/\/bmin.info\/WP\/?p=9396"},"modified":"2021-09-16T08:39:25","modified_gmt":"2021-09-16T07:39:25","slug":"arztpraxis-nicht-mehr-barrierefrei","status":"publish","type":"post","link":"https:\/\/bmin.info\/WP\/2021\/09\/13\/arztpraxis-nicht-mehr-barrierefrei\/","title":{"rendered":"Arztpraxis nicht mehr barrierefrei"},"content":{"rendered":"\n<p>Text: Pepo Meia, David Herrmann<br \/>Vor rund zwei Jahren er\u00f6ffnete eine barrierefrei zug\u00e4ngliche Arztpraxis am Kreilplatz in Wien-D\u00f6bling. Doch seit einigen Monaten ist an diesem Standort ein Wahlarzt t\u00e4tig. Wie man wei\u00df, haben Wahl\u00e4rzte keine Kassenvertr\u00e4ge.<\/p>\n\n\n\n<div class=\"wp-block-columns is-layout-flex wp-container-core-columns-is-layout-9d6595d7 wp-block-columns-is-layout-flex\">\n<div class=\"wp-block-column is-layout-flow wp-block-column-is-layout-flow\">\n<figure class=\"wp-block-image size-large is-resized\"><a href=\"https:\/\/bmin.info\/WP\/wp-content\/uploads\/2021\/09\/Kreilpl1.jpg\"><img loading=\"lazy\" decoding=\"async\" src=\"https:\/\/bmin.info\/WP\/wp-content\/uploads\/2021\/09\/Kreilpl1-754x1024.jpg\" alt=\"\" class=\"wp-image-9403\" width=\"405\" height=\"550\" srcset=\"https:\/\/bmin.info\/WP\/wp-content\/uploads\/2021\/09\/Kreilpl1-754x1024.jpg 754w, https:\/\/bmin.info\/WP\/wp-content\/uploads\/2021\/09\/Kreilpl1-221x300.jpg 221w, https:\/\/bmin.info\/WP\/wp-content\/uploads\/2021\/09\/Kreilpl1-768x1044.jpg 768w, https:\/\/bmin.info\/WP\/wp-content\/uploads\/2021\/09\/Kreilpl1-106x144.jpg 106w, https:\/\/bmin.info\/WP\/wp-content\/uploads\/2021\/09\/Kreilpl1.jpg 942w\" sizes=\"auto, (max-width: 405px) 100vw, 405px\" \/><\/a><\/figure>\n<\/div>\n\n\n\n<div class=\"wp-block-column is-layout-flow wp-block-column-is-layout-flow\">\n<figure class=\"wp-block-image size-large is-resized\"><a href=\"https:\/\/bmin.info\/WP\/wp-content\/uploads\/2021\/09\/Kreilpl2.jpg\"><img loading=\"lazy\" decoding=\"async\" src=\"https:\/\/bmin.info\/WP\/wp-content\/uploads\/2021\/09\/Kreilpl2-768x1024.jpg\" alt=\"\" class=\"wp-image-9404\" width=\"413\" height=\"551\" srcset=\"https:\/\/bmin.info\/WP\/wp-content\/uploads\/2021\/09\/Kreilpl2-768x1024.jpg 768w, https:\/\/bmin.info\/WP\/wp-content\/uploads\/2021\/09\/Kreilpl2-225x300.jpg 225w, https:\/\/bmin.info\/WP\/wp-content\/uploads\/2021\/09\/Kreilpl2-108x144.jpg 108w, https:\/\/bmin.info\/WP\/wp-content\/uploads\/2021\/09\/Kreilpl2.jpg 960w\" sizes=\"auto, (max-width: 413px) 100vw, 413px\" \/><\/a><\/figure>\n\n\n\n<p><\/p>\n<\/div>\n<\/div>\n\n\n\n<p>Der praktische Arzt mit Krankenkassenvertrag ist in eine andere, lange leerstehende Arztpraxis in einen naheliegenden Gemeindebau umgezogen. Diese ist allerdings nicht barrierefrei zug\u00e4nglich.&nbsp;<\/p>\n\n\n\n<div class=\"wp-block-columns is-layout-flex wp-container-core-columns-is-layout-9d6595d7 wp-block-columns-is-layout-flex\">\n<div class=\"wp-block-column is-layout-flow wp-block-column-is-layout-flow\">\n<figure class=\"wp-block-image size-large\"><a href=\"https:\/\/bmin.info\/WP\/wp-content\/uploads\/2021\/09\/Ord1.jpg\"><img loading=\"lazy\" decoding=\"async\" width=\"768\" height=\"1024\" src=\"https:\/\/bmin.info\/WP\/wp-content\/uploads\/2021\/09\/Ord1-768x1024.jpg\" alt=\"\" class=\"wp-image-9406\" srcset=\"https:\/\/bmin.info\/WP\/wp-content\/uploads\/2021\/09\/Ord1-768x1024.jpg 768w, https:\/\/bmin.info\/WP\/wp-content\/uploads\/2021\/09\/Ord1-225x300.jpg 225w, https:\/\/bmin.info\/WP\/wp-content\/uploads\/2021\/09\/Ord1-108x144.jpg 108w, https:\/\/bmin.info\/WP\/wp-content\/uploads\/2021\/09\/Ord1.jpg 960w\" sizes=\"auto, (max-width: 768px) 100vw, 768px\" \/><\/a><\/figure>\n<\/div>\n\n\n\n<div class=\"wp-block-column is-layout-flow wp-block-column-is-layout-flow\">\n<figure class=\"wp-block-image size-large\"><a href=\"https:\/\/bmin.info\/WP\/wp-content\/uploads\/2021\/09\/Ord3.jpg\"><img loading=\"lazy\" decoding=\"async\" width=\"759\" height=\"1024\" src=\"https:\/\/bmin.info\/WP\/wp-content\/uploads\/2021\/09\/Ord3-759x1024.jpg\" alt=\"\" class=\"wp-image-9407\" srcset=\"https:\/\/bmin.info\/WP\/wp-content\/uploads\/2021\/09\/Ord3-759x1024.jpg 759w, https:\/\/bmin.info\/WP\/wp-content\/uploads\/2021\/09\/Ord3-222x300.jpg 222w, https:\/\/bmin.info\/WP\/wp-content\/uploads\/2021\/09\/Ord3-768x1036.jpg 768w, https:\/\/bmin.info\/WP\/wp-content\/uploads\/2021\/09\/Ord3-107x144.jpg 107w, https:\/\/bmin.info\/WP\/wp-content\/uploads\/2021\/09\/Ord3.jpg 949w\" sizes=\"auto, (max-width: 759px) 100vw, 759px\" \/><\/a><\/figure>\n<\/div>\n\n\n\n<div class=\"wp-block-column is-layout-flow wp-block-column-is-layout-flow\">\n<figure class=\"wp-block-image size-large\"><a href=\"https:\/\/bmin.info\/WP\/wp-content\/uploads\/2021\/09\/Ord4.jpg\"><img loading=\"lazy\" decoding=\"async\" width=\"768\" height=\"1024\" src=\"https:\/\/bmin.info\/WP\/wp-content\/uploads\/2021\/09\/Ord4-768x1024.jpg\" alt=\"\" class=\"wp-image-9408\" srcset=\"https:\/\/bmin.info\/WP\/wp-content\/uploads\/2021\/09\/Ord4-768x1024.jpg 768w, https:\/\/bmin.info\/WP\/wp-content\/uploads\/2021\/09\/Ord4-225x300.jpg 225w, https:\/\/bmin.info\/WP\/wp-content\/uploads\/2021\/09\/Ord4-108x144.jpg 108w, https:\/\/bmin.info\/WP\/wp-content\/uploads\/2021\/09\/Ord4.jpg 960w\" sizes=\"auto, (max-width: 768px) 100vw, 768px\" \/><\/a><\/figure>\n<\/div>\n<\/div>\n\n\n\n<p>Wie auf den Fotos ersichtlich, ist der Eingang mit einer hohen Stufe versehen. Ein Aufzug ist zwar vorhanden, jedoch f\u00fchrt dieser lediglich in ein Zwischengescho\u00df. F\u00fcr Menschen mit Behinderungen ist der Zugang somit unzumutbar.&nbsp;<\/p>\n\n\n\n<p><strong>Anm.<\/strong>: Als wir die Fotos gemacht haben, haben wir sowohl Patienten mit Kr\u00fccken aber auch gebrechlichere Personen aus der Praxis kommen sehen. F\u00fcr diese Patienten, die zum Teil auch in diesem Gemeindebau leben, scheint dies der k\u00fcrzeste Weg zu einem Hausarzt zu sein. Wer tr\u00e4gt das Unfallrisiko, wenn hier eine Person zu Schaden kommt?<\/p>\n\n\n\n<p>Seit 2016 ist das Bundesbehindertengleichstellungsgesetz in Kraft. Dieses gilt auch f\u00fcr Arztpraxen.<\/p>\n\n\n\n<p>Wir stellen uns in diesem Zusammenhang schon die Frage, ob bei einer Neu\u00fcbernahme bzw. Umzug einer Ordination diese nicht ausnahmslos barrierefrei zug\u00e4nglich sein muss?<\/p>\n","protected":false},"excerpt":{"rendered":"<p>Text: Pepo Meia, David HerrmannVor rund zwei Jahren er\u00f6ffnete eine barrierefrei zug\u00e4ngliche Arztpraxis am Kreilplatz in Wien-D\u00f6bling. Doch seit einigen Monaten ist an diesem Standort ein Wahlarzt t\u00e4tig. Wie man wei\u00df, haben Wahl\u00e4rzte keine Kassenvertr\u00e4ge. Der praktische Arzt mit Krankenkassenvertrag ist in eine andere, lange leerstehende Arztpraxis in einen naheliegenden Gemeindebau umgezogen. Diese ist allerdings&#8230; <a href=\"https:\/\/bmin.info\/WP\/2021\/09\/13\/arztpraxis-nicht-mehr-barrierefrei\/\" class=\"more-link\">Continue reading <span class=\"screen-reader-text\">Arztpraxis nicht mehr barrierefrei<\/span><\/a><\/p>\n","protected":false},"author":3,"featured_media":0,"comment_status":"closed","ping_status":"closed","sticky":false,"template":"","format":"standard","meta":{"footnotes":""},"categories":[3],"tags":[],"class_list":["post-9396","post","type-post","status-publish","format-standard","hentry","category-info"],"_links":{"self":[{"href":"https:\/\/bmin.info\/WP\/wp-json\/wp\/v2\/posts\/9396","targetHints":{"allow":["GET"]}}],"collection":[{"href":"https:\/\/bmin.info\/WP\/wp-json\/wp\/v2\/posts"}],"about":[{"href":"https:\/\/bmin.info\/WP\/wp-json\/wp\/v2\/types\/post"}],"author":[{"embeddable":true,"href":"https:\/\/bmin.info\/WP\/wp-json\/wp\/v2\/users\/3"}],"replies":[{"embeddable":true,"href":"https:\/\/bmin.info\/WP\/wp-json\/wp\/v2\/comments?post=9396"}],"version-history":[{"count":5,"href":"https:\/\/bmin.info\/WP\/wp-json\/wp\/v2\/posts\/9396\/revisions"}],"predecessor-version":[{"id":9421,"href":"https:\/\/bmin.info\/WP\/wp-json\/wp\/v2\/posts\/9396\/revisions\/9421"}],"wp:attachment":[{"href":"https:\/\/bmin.info\/WP\/wp-json\/wp\/v2\/media?parent=9396"}],"wp:term":[{"taxonomy":"category","embeddable":true,"href":"https:\/\/bmin.info\/WP\/wp-json\/wp\/v2\/categories?post=9396"},{"taxonomy":"post_tag","embeddable":true,"href":"https:\/\/bmin.info\/WP\/wp-json\/wp\/v2\/tags?post=9396"}],"curies":[{"name":"wp","href":"https:\/\/api.w.org\/{rel}","templated":true}]}}