{"id":9412,"date":"2021-09-13T08:58:00","date_gmt":"2021-09-13T07:58:00","guid":{"rendered":"https:\/\/bmin.info\/WP\/?p=9412"},"modified":"2021-09-20T17:37:59","modified_gmt":"2021-09-20T16:37:59","slug":"behindertenanwalt-bei-der-vergabe-von-trafiken-muessen-menschen-mit-behinderung-weiterhin-bevorzugt-werden","status":"publish","type":"post","link":"https:\/\/bmin.info\/WP\/2021\/09\/13\/behindertenanwalt-bei-der-vergabe-von-trafiken-muessen-menschen-mit-behinderung-weiterhin-bevorzugt-werden\/","title":{"rendered":"Behindertenanwalt: Bei der Vergabe von Trafiken m\u00fcssen Menschen mit Behinderung weiterhin bevorzugt werden"},"content":{"rendered":"\n<p>Text: Behindertenanwaltschaft<br \/>Wien (OTS) &#8211; Wie aus Medienberichten hervorgeht, wird laut einem Erkenntnis des Verwaltungsgerichtshofs bei der Vergabe von Trafiken k\u00fcnftig das Bundesvergabegesetz zur Anwendung gelangen m\u00fcssen.<\/p>\n\n\n\n<p>Dies k\u00f6nnte unter anderem zur Folge haben, dass Trafiken im Regelfall nur mehr zeitlich befristet vergeben werden und Konzessionen nicht mehr vererbt werden k\u00f6nnen. Die Monopolverwaltung pr\u00fcft derzeit m\u00f6gliche Vorgangsweisen, um die zuk\u00fcnftige Vergabe der Trafiken rechtskonform zu regeln.<\/p>\n\n\n\n<p>Behindertenanwalt Hofer fordert, dass die bevorzugte Vergabe von Tabaktrafiken an Menschen mit Behinderungen jedenfalls im bisherigen Umfang gew\u00e4hrleistet bleibt.<\/p>\n\n\n\n<p>\u201eMenschen mit Behinderungen sind am Arbeitsmarkt nach wie vor benachteiligt. Sie werden, gemessen an der Gesamtbev\u00f6lkerung, leichter arbeitslos und bleiben l\u00e4nger arbeitslos. Die \u00dcbernahme eine Tabaktrafik war und ist f\u00fcr viele Menschen mit Behinderungen die M\u00f6glichkeit, als Unternehmer:innen ihren Lebensunterhalt zu verdienen und so am Erwerbsleben teilzuhaben. Die Bevorzugung von Menschen mit Behinderungen bei der Vergabe von Tabaktrafiken ist ein Nachteilsausgleich, der unbedingt erhalten bleiben muss\u201c, so Behindertenanwalt Hofer.<\/p>\n","protected":false},"excerpt":{"rendered":"<p>Text: BehindertenanwaltschaftWien (OTS) &#8211; Wie aus Medienberichten hervorgeht, wird laut einem Erkenntnis des Verwaltungsgerichtshofs bei der Vergabe von Trafiken k\u00fcnftig das Bundesvergabegesetz zur Anwendung gelangen m\u00fcssen. Dies k\u00f6nnte unter anderem zur Folge haben, dass Trafiken im Regelfall nur mehr zeitlich befristet vergeben werden und Konzessionen nicht mehr vererbt werden k\u00f6nnen. Die Monopolverwaltung pr\u00fcft derzeit m\u00f6gliche&#8230; <a href=\"https:\/\/bmin.info\/WP\/2021\/09\/13\/behindertenanwalt-bei-der-vergabe-von-trafiken-muessen-menschen-mit-behinderung-weiterhin-bevorzugt-werden\/\" class=\"more-link\">Continue reading <span class=\"screen-reader-text\">Behindertenanwalt: Bei der Vergabe von Trafiken m\u00fcssen Menschen mit Behinderung weiterhin bevorzugt werden<\/span><\/a><\/p>\n","protected":false},"author":3,"featured_media":0,"comment_status":"closed","ping_status":"closed","sticky":false,"template":"","format":"standard","meta":{"footnotes":""},"categories":[3],"tags":[],"class_list":["post-9412","post","type-post","status-publish","format-standard","hentry","category-info"],"_links":{"self":[{"href":"https:\/\/bmin.info\/WP\/wp-json\/wp\/v2\/posts\/9412","targetHints":{"allow":["GET"]}}],"collection":[{"href":"https:\/\/bmin.info\/WP\/wp-json\/wp\/v2\/posts"}],"about":[{"href":"https:\/\/bmin.info\/WP\/wp-json\/wp\/v2\/types\/post"}],"author":[{"embeddable":true,"href":"https:\/\/bmin.info\/WP\/wp-json\/wp\/v2\/users\/3"}],"replies":[{"embeddable":true,"href":"https:\/\/bmin.info\/WP\/wp-json\/wp\/v2\/comments?post=9412"}],"version-history":[{"count":3,"href":"https:\/\/bmin.info\/WP\/wp-json\/wp\/v2\/posts\/9412\/revisions"}],"predecessor-version":[{"id":9616,"href":"https:\/\/bmin.info\/WP\/wp-json\/wp\/v2\/posts\/9412\/revisions\/9616"}],"wp:attachment":[{"href":"https:\/\/bmin.info\/WP\/wp-json\/wp\/v2\/media?parent=9412"}],"wp:term":[{"taxonomy":"category","embeddable":true,"href":"https:\/\/bmin.info\/WP\/wp-json\/wp\/v2\/categories?post=9412"},{"taxonomy":"post_tag","embeddable":true,"href":"https:\/\/bmin.info\/WP\/wp-json\/wp\/v2\/tags?post=9412"}],"curies":[{"name":"wp","href":"https:\/\/api.w.org\/{rel}","templated":true}]}}