{"id":9423,"date":"2021-09-17T06:03:40","date_gmt":"2021-09-17T05:03:40","guid":{"rendered":"https:\/\/bmin.info\/WP\/?p=9423"},"modified":"2021-09-17T08:27:37","modified_gmt":"2021-09-17T07:27:37","slug":"aus-fehlern-lernt-mannichts","status":"publish","type":"post","link":"https:\/\/bmin.info\/WP\/2021\/09\/17\/aus-fehlern-lernt-mannichts\/","title":{"rendered":"Aus Fehlern lernt man\u2026nichts?"},"content":{"rendered":"\n<p>Text: David Herrmann<br \/>Am 17. September 2021 wird im 14. Wiener Gemeindebezirk eine neue Wohnstra\u00dfe im Bereich der Sargfabrik er\u00f6ffnet. <a href=\"https:\/\/www.bizeps.or.at\/autor\/scheuer-cornelia\/\">Cornelia Scheuer<\/a> beschreibt in ihrem aktuellen BIZEPS-Kommentar, dass Wien aus Fehlern nicht lernt. Denn diese neue Wohnstra\u00dfe stellt Menschen mit Behinderung vor Probleme:<\/p>\n\n\n\n<p>Die Sargfabrik wurde als selbstverwaltetes, inklusives Wohnprojekt 1996 gebaut. Restaurant, Badeanstalt und Veranstaltungssaal, in dem ganzj\u00e4hrig Konzerte stattfinden, sind durchwegs barrierefrei. Viele Menschen mit Behinderungen, auch \u00e4ltere Menschen, wohnen in dem barrierefreien Geb\u00e4ude.<\/p>\n\n\n\n<p>Umso schlimmer ist, dass der Zugang zu diesem Geb\u00e4ude f\u00fcr Menschen mit Behinderungen durch die Errichtung der neuen Wohnstra\u00dfe mit Kleinsteinpflaster nun erheblich erschwert wird. Nach unerm\u00fcdlichen Interventionen bei der MA 28 von einer engagierten Bewohnerin der Sargfabrik f\u00fchrte <a href=\"https:\/\/www.bizeps.or.at\/bizeps\/\">BIZEPS<\/a> einen Lokalaugenschein durch. Die Vorderr\u00e4der des Rollstuhls einer Mitarbeiterin blieben sofort in den Fugen stecken, als sie in den Bereich der Wohnstra\u00dfe kam.<\/p>\n\n\n\n<div class=\"wp-block-image\"><figure class=\"aligncenter size-large\"><a href=\"https:\/\/bmin.info\/WP\/wp-content\/uploads\/2021\/09\/Wohnstr_Sargfabr.BIZEPS.jpg\"><img loading=\"lazy\" decoding=\"async\" width=\"1024\" height=\"576\" src=\"https:\/\/bmin.info\/WP\/wp-content\/uploads\/2021\/09\/Wohnstr_Sargfabr.BIZEPS.jpg\" alt=\"\" class=\"wp-image-9427\" srcset=\"https:\/\/bmin.info\/WP\/wp-content\/uploads\/2021\/09\/Wohnstr_Sargfabr.BIZEPS.jpg 1024w, https:\/\/bmin.info\/WP\/wp-content\/uploads\/2021\/09\/Wohnstr_Sargfabr.BIZEPS-300x169.jpg 300w, https:\/\/bmin.info\/WP\/wp-content\/uploads\/2021\/09\/Wohnstr_Sargfabr.BIZEPS-768x432.jpg 768w, https:\/\/bmin.info\/WP\/wp-content\/uploads\/2021\/09\/Wohnstr_Sargfabr.BIZEPS-144x81.jpg 144w\" sizes=\"auto, (max-width: 1024px) 100vw, 1024px\" \/><\/a><figcaption>Foto: BIZEPS<\/figcaption><\/figure><\/div>\n\n\n\n<p>Was dann passiert ist und welche Rolle die MA 28 in diesem Zusammenhang spielt, kann man unter folgendem <a href=\"https:\/\/www.bizeps.or.at\/eroeffnung-einer-neuen-wohnstrasse-in-wien-nicht-barrierefrei\/\">BIZEPS-Link <\/a>nachlesen.&nbsp;<\/p>\n\n\n\n<p><strong>Anm<\/strong>.: Wir sind erstaunt, dass diese Unzul\u00e4nglichkeiten bzgl. <a href=\"https:\/\/boku.ac.at\/rali\/verkehr\/weitere-news\/projekt-berollbarkeit-von-strassenbelaegen\">barrierefreier Berollbarkeit<\/a> nicht bereits in der \u00d6Norm B1600 und in der EN 17210 geregelt sind. Der Hausverstand sagt, dass solche Oberfl\u00e4chen im \u00f6ffentlichen Raum f\u00fcr Rollst\u00fchle und Rollatoren NICHT geeignet sind. Wann werden die kleinen Pflastersteine durch gr\u00f6\u00dfere Gehsteig-Platten &#8211; wie z.B. bei der Mariahilfer Stra\u00dfe &#8211; ersetzt? Inklusion seitens der Planung sieht anders aus\u2026<\/p>\n","protected":false},"excerpt":{"rendered":"<p>Text: David HerrmannAm 17. September 2021 wird im 14. Wiener Gemeindebezirk eine neue Wohnstra\u00dfe im Bereich der Sargfabrik er\u00f6ffnet. Cornelia Scheuer beschreibt in ihrem aktuellen BIZEPS-Kommentar, dass Wien aus Fehlern nicht lernt. Denn diese neue Wohnstra\u00dfe stellt Menschen mit Behinderung vor Probleme: Die Sargfabrik wurde als selbstverwaltetes, inklusives Wohnprojekt 1996 gebaut. Restaurant, Badeanstalt und Veranstaltungssaal,&#8230; <a href=\"https:\/\/bmin.info\/WP\/2021\/09\/17\/aus-fehlern-lernt-mannichts\/\" class=\"more-link\">Continue reading <span class=\"screen-reader-text\">Aus Fehlern lernt man\u2026nichts?<\/span><\/a><\/p>\n","protected":false},"author":3,"featured_media":0,"comment_status":"closed","ping_status":"closed","sticky":false,"template":"","format":"standard","meta":{"footnotes":""},"categories":[3],"tags":[],"class_list":["post-9423","post","type-post","status-publish","format-standard","hentry","category-info"],"_links":{"self":[{"href":"https:\/\/bmin.info\/WP\/wp-json\/wp\/v2\/posts\/9423","targetHints":{"allow":["GET"]}}],"collection":[{"href":"https:\/\/bmin.info\/WP\/wp-json\/wp\/v2\/posts"}],"about":[{"href":"https:\/\/bmin.info\/WP\/wp-json\/wp\/v2\/types\/post"}],"author":[{"embeddable":true,"href":"https:\/\/bmin.info\/WP\/wp-json\/wp\/v2\/users\/3"}],"replies":[{"embeddable":true,"href":"https:\/\/bmin.info\/WP\/wp-json\/wp\/v2\/comments?post=9423"}],"version-history":[{"count":6,"href":"https:\/\/bmin.info\/WP\/wp-json\/wp\/v2\/posts\/9423\/revisions"}],"predecessor-version":[{"id":9432,"href":"https:\/\/bmin.info\/WP\/wp-json\/wp\/v2\/posts\/9423\/revisions\/9432"}],"wp:attachment":[{"href":"https:\/\/bmin.info\/WP\/wp-json\/wp\/v2\/media?parent=9423"}],"wp:term":[{"taxonomy":"category","embeddable":true,"href":"https:\/\/bmin.info\/WP\/wp-json\/wp\/v2\/categories?post=9423"},{"taxonomy":"post_tag","embeddable":true,"href":"https:\/\/bmin.info\/WP\/wp-json\/wp\/v2\/tags?post=9423"}],"curies":[{"name":"wp","href":"https:\/\/api.w.org\/{rel}","templated":true}]}}