{"id":9426,"date":"2021-09-20T10:21:53","date_gmt":"2021-09-20T09:21:53","guid":{"rendered":"https:\/\/bmin.info\/WP\/?p=9426"},"modified":"2021-09-22T09:36:06","modified_gmt":"2021-09-22T08:36:06","slug":"38-donauinselfest-love-and-peace","status":"publish","type":"post","link":"https:\/\/bmin.info\/WP\/2021\/09\/20\/38-donauinselfest-love-and-peace\/","title":{"rendered":"38. Donauinselfest: \u201eLove and Peace\u201c"},"content":{"rendered":"\n<p>Text: Pepo Meia, Niels Cimpa<br \/>Vom 17. bis 19. September 2021 fand diesmal das <a rel=\"noreferrer noopener\" href=\"https:\/\/donauinselfest.at\/\" target=\"_blank\">38. Donauinselfest<\/a> der SP\u00d6-Wien &#8211; jedoch wegen Corona in abgespeckter Form &#8211; statt. 42.000 Gratis-Eintrittskarten sind f\u00fcr die vier B\u00fchnen verlost worden. \u00dcber die drei Tage waren 50 Acts mit ingesamt 250 K\u00fcnstler_innen zu sehen. Trotz launischen Wetters betrug die Auslastung laut <a rel=\"noreferrer noopener\" href=\"http:\/\/www.proevent.at\/home\/agentur\" target=\"_blank\">Veranstalter<\/a> an die 80%.<\/p>\n\n\n\n<div class=\"wp-block-image\"><figure class=\"aligncenter size-large is-resized\"><a href=\"https:\/\/bmin.info\/WP\/wp-content\/uploads\/2021\/09\/DIF21-Log16_9.jpg\"><img loading=\"lazy\" decoding=\"async\" src=\"https:\/\/bmin.info\/WP\/wp-content\/uploads\/2021\/09\/DIF21-Log16_9-1024x576.jpg\" alt=\"\" class=\"wp-image-9574\" width=\"768\" height=\"432\" srcset=\"https:\/\/bmin.info\/WP\/wp-content\/uploads\/2021\/09\/DIF21-Log16_9-1024x576.jpg 1024w, https:\/\/bmin.info\/WP\/wp-content\/uploads\/2021\/09\/DIF21-Log16_9-300x169.jpg 300w, https:\/\/bmin.info\/WP\/wp-content\/uploads\/2021\/09\/DIF21-Log16_9-768x432.jpg 768w, https:\/\/bmin.info\/WP\/wp-content\/uploads\/2021\/09\/DIF21-Log16_9-144x81.jpg 144w, https:\/\/bmin.info\/WP\/wp-content\/uploads\/2021\/09\/DIF21-Log16_9.jpg 1280w\" sizes=\"auto, (max-width: 768px) 100vw, 768px\" \/><\/a><\/figure><\/div>\n\n\n\n<p>Auch dieses Jahr sah man wieder viele Rollstuhlfahrer_innen. Drei Behinderten-WC-Container von der MA 48 waren auf dem Areal von der Floridsdorfer Br\u00fccke bis zur Brigittenauer Br\u00fccke aufgestellt.<\/p>\n\n\n\n<figure class=\"wp-block-gallery columns-4 is-cropped wp-block-gallery-1 is-layout-flex wp-block-gallery-is-layout-flex\"><ul class=\"blocks-gallery-grid\"><li class=\"blocks-gallery-item\"><figure><a href=\"https:\/\/bmin.info\/WP\/wp-content\/uploads\/2021\/09\/WC-DI-2-768x1024.jpg\"><img loading=\"lazy\" decoding=\"async\" width=\"768\" height=\"1024\" src=\"https:\/\/bmin.info\/WP\/wp-content\/uploads\/2021\/09\/WC-DI-2-768x1024.jpg\" alt=\"\" data-id=\"9593\" data-link=\"https:\/\/bmin.info\/WP\/?attachment_id=9593\" class=\"wp-image-9593\" srcset=\"https:\/\/bmin.info\/WP\/wp-content\/uploads\/2021\/09\/WC-DI-2-768x1024.jpg 768w, https:\/\/bmin.info\/WP\/wp-content\/uploads\/2021\/09\/WC-DI-2-225x300.jpg 225w, https:\/\/bmin.info\/WP\/wp-content\/uploads\/2021\/09\/WC-DI-2-108x144.jpg 108w, https:\/\/bmin.info\/WP\/wp-content\/uploads\/2021\/09\/WC-DI-2.jpg 960w\" sizes=\"auto, (max-width: 768px) 100vw, 768px\" \/><\/a><\/figure><\/li><li class=\"blocks-gallery-item\"><figure><a href=\"https:\/\/bmin.info\/WP\/wp-content\/uploads\/2021\/09\/WC-DI-1-768x1024.jpg\"><img loading=\"lazy\" decoding=\"async\" width=\"768\" height=\"1024\" src=\"https:\/\/bmin.info\/WP\/wp-content\/uploads\/2021\/09\/WC-DI-1-768x1024.jpg\" alt=\"\" data-id=\"9590\" data-link=\"https:\/\/bmin.info\/WP\/?attachment_id=9590\" class=\"wp-image-9590\" srcset=\"https:\/\/bmin.info\/WP\/wp-content\/uploads\/2021\/09\/WC-DI-1-768x1024.jpg 768w, https:\/\/bmin.info\/WP\/wp-content\/uploads\/2021\/09\/WC-DI-1-225x300.jpg 225w, https:\/\/bmin.info\/WP\/wp-content\/uploads\/2021\/09\/WC-DI-1-108x144.jpg 108w, https:\/\/bmin.info\/WP\/wp-content\/uploads\/2021\/09\/WC-DI-1.jpg 960w\" sizes=\"auto, (max-width: 768px) 100vw, 768px\" \/><\/a><\/figure><\/li><li class=\"blocks-gallery-item\"><figure><a href=\"https:\/\/bmin.info\/WP\/wp-content\/uploads\/2021\/09\/DI21-MA48-WC-aussen-2.jpg\"><img loading=\"lazy\" decoding=\"async\" width=\"1024\" height=\"768\" src=\"https:\/\/bmin.info\/WP\/wp-content\/uploads\/2021\/09\/DI21-MA48-WC-aussen-2-1024x768.jpg\" alt=\"\" data-id=\"9595\" data-full-url=\"https:\/\/bmin.info\/WP\/wp-content\/uploads\/2021\/09\/DI21-MA48-WC-aussen-2.jpg\" data-link=\"https:\/\/bmin.info\/WP\/?attachment_id=9595\" class=\"wp-image-9595\" srcset=\"https:\/\/bmin.info\/WP\/wp-content\/uploads\/2021\/09\/DI21-MA48-WC-aussen-2-1024x768.jpg 1024w, https:\/\/bmin.info\/WP\/wp-content\/uploads\/2021\/09\/DI21-MA48-WC-aussen-2-300x225.jpg 300w, https:\/\/bmin.info\/WP\/wp-content\/uploads\/2021\/09\/DI21-MA48-WC-aussen-2-768x576.jpg 768w, https:\/\/bmin.info\/WP\/wp-content\/uploads\/2021\/09\/DI21-MA48-WC-aussen-2-144x108.jpg 144w, https:\/\/bmin.info\/WP\/wp-content\/uploads\/2021\/09\/DI21-MA48-WC-aussen-2.jpg 1280w\" sizes=\"auto, (max-width: 1024px) 100vw, 1024px\" \/><\/a><\/figure><\/li><li class=\"blocks-gallery-item\"><figure><a href=\"https:\/\/bmin.info\/WP\/wp-content\/uploads\/2021\/09\/DI21-MA48-WC-aussen.jpg\"><img loading=\"lazy\" decoding=\"async\" width=\"1024\" height=\"768\" src=\"https:\/\/bmin.info\/WP\/wp-content\/uploads\/2021\/09\/DI21-MA48-WC-aussen-1024x768.jpg\" alt=\"\" data-id=\"9597\" data-full-url=\"https:\/\/bmin.info\/WP\/wp-content\/uploads\/2021\/09\/DI21-MA48-WC-aussen.jpg\" data-link=\"https:\/\/bmin.info\/WP\/?attachment_id=9597\" class=\"wp-image-9597\" srcset=\"https:\/\/bmin.info\/WP\/wp-content\/uploads\/2021\/09\/DI21-MA48-WC-aussen-1024x768.jpg 1024w, https:\/\/bmin.info\/WP\/wp-content\/uploads\/2021\/09\/DI21-MA48-WC-aussen-300x225.jpg 300w, https:\/\/bmin.info\/WP\/wp-content\/uploads\/2021\/09\/DI21-MA48-WC-aussen-768x576.jpg 768w, https:\/\/bmin.info\/WP\/wp-content\/uploads\/2021\/09\/DI21-MA48-WC-aussen-144x108.jpg 144w, https:\/\/bmin.info\/WP\/wp-content\/uploads\/2021\/09\/DI21-MA48-WC-aussen.jpg 1280w\" sizes=\"auto, (max-width: 1024px) 100vw, 1024px\" \/><\/a><\/figure><\/li><li class=\"blocks-gallery-item\"><figure><a href=\"https:\/\/bmin.info\/WP\/wp-content\/uploads\/2021\/09\/DI21-Schlamm.jpg\"><img loading=\"lazy\" decoding=\"async\" width=\"1024\" height=\"768\" src=\"https:\/\/bmin.info\/WP\/wp-content\/uploads\/2021\/09\/DI21-Schlamm-1024x768.jpg\" alt=\"\" data-id=\"9594\" data-full-url=\"https:\/\/bmin.info\/WP\/wp-content\/uploads\/2021\/09\/DI21-Schlamm.jpg\" data-link=\"https:\/\/bmin.info\/WP\/?attachment_id=9594\" class=\"wp-image-9594\" srcset=\"https:\/\/bmin.info\/WP\/wp-content\/uploads\/2021\/09\/DI21-Schlamm-1024x768.jpg 1024w, https:\/\/bmin.info\/WP\/wp-content\/uploads\/2021\/09\/DI21-Schlamm-300x225.jpg 300w, https:\/\/bmin.info\/WP\/wp-content\/uploads\/2021\/09\/DI21-Schlamm-768x576.jpg 768w, https:\/\/bmin.info\/WP\/wp-content\/uploads\/2021\/09\/DI21-Schlamm-144x108.jpg 144w, https:\/\/bmin.info\/WP\/wp-content\/uploads\/2021\/09\/DI21-Schlamm.jpg 1280w\" sizes=\"auto, (max-width: 1024px) 100vw, 1024px\" \/><\/a><\/figure><\/li><li class=\"blocks-gallery-item\"><figure><a href=\"https:\/\/bmin.info\/WP\/wp-content\/uploads\/2021\/09\/WC-DI-3-768x1024.jpg\"><img loading=\"lazy\" decoding=\"async\" width=\"768\" height=\"1024\" src=\"https:\/\/bmin.info\/WP\/wp-content\/uploads\/2021\/09\/WC-DI-3-768x1024.jpg\" alt=\"\" data-id=\"9591\" data-link=\"https:\/\/bmin.info\/WP\/?attachment_id=9591\" class=\"wp-image-9591\" srcset=\"https:\/\/bmin.info\/WP\/wp-content\/uploads\/2021\/09\/WC-DI-3-768x1024.jpg 768w, https:\/\/bmin.info\/WP\/wp-content\/uploads\/2021\/09\/WC-DI-3-225x300.jpg 225w, https:\/\/bmin.info\/WP\/wp-content\/uploads\/2021\/09\/WC-DI-3-108x144.jpg 108w, https:\/\/bmin.info\/WP\/wp-content\/uploads\/2021\/09\/WC-DI-3.jpg 960w\" sizes=\"auto, (max-width: 768px) 100vw, 768px\" \/><\/a><\/figure><\/li><li class=\"blocks-gallery-item\"><figure><a href=\"https:\/\/bmin.info\/WP\/wp-content\/uploads\/2021\/09\/WC-DI-4-768x1024.jpg\"><img loading=\"lazy\" decoding=\"async\" width=\"768\" height=\"1024\" src=\"https:\/\/bmin.info\/WP\/wp-content\/uploads\/2021\/09\/WC-DI-4-768x1024.jpg\" alt=\"\" data-id=\"9592\" data-link=\"https:\/\/bmin.info\/WP\/?attachment_id=9592\" class=\"wp-image-9592\" srcset=\"https:\/\/bmin.info\/WP\/wp-content\/uploads\/2021\/09\/WC-DI-4-768x1024.jpg 768w, https:\/\/bmin.info\/WP\/wp-content\/uploads\/2021\/09\/WC-DI-4-225x300.jpg 225w, https:\/\/bmin.info\/WP\/wp-content\/uploads\/2021\/09\/WC-DI-4-108x144.jpg 108w, https:\/\/bmin.info\/WP\/wp-content\/uploads\/2021\/09\/WC-DI-4.jpg 960w\" sizes=\"auto, (max-width: 768px) 100vw, 768px\" \/><\/a><\/figure><\/li><li class=\"blocks-gallery-item\"><figure><a href=\"https:\/\/bmin.info\/WP\/wp-content\/uploads\/2021\/09\/DI21-MA48-WC-innen.jpg\"><img loading=\"lazy\" decoding=\"async\" width=\"1024\" height=\"768\" src=\"https:\/\/bmin.info\/WP\/wp-content\/uploads\/2021\/09\/DI21-MA48-WC-innen-1024x768.jpg\" alt=\"\" data-id=\"9596\" data-full-url=\"https:\/\/bmin.info\/WP\/wp-content\/uploads\/2021\/09\/DI21-MA48-WC-innen.jpg\" data-link=\"https:\/\/bmin.info\/WP\/?attachment_id=9596\" class=\"wp-image-9596\" srcset=\"https:\/\/bmin.info\/WP\/wp-content\/uploads\/2021\/09\/DI21-MA48-WC-innen-1024x768.jpg 1024w, https:\/\/bmin.info\/WP\/wp-content\/uploads\/2021\/09\/DI21-MA48-WC-innen-300x225.jpg 300w, https:\/\/bmin.info\/WP\/wp-content\/uploads\/2021\/09\/DI21-MA48-WC-innen-768x576.jpg 768w, https:\/\/bmin.info\/WP\/wp-content\/uploads\/2021\/09\/DI21-MA48-WC-innen-144x108.jpg 144w, https:\/\/bmin.info\/WP\/wp-content\/uploads\/2021\/09\/DI21-MA48-WC-innen.jpg 1280w\" sizes=\"auto, (max-width: 1024px) 100vw, 1024px\" \/><\/a><\/figure><\/li><\/ul><\/figure>\n\n\n\n<p>Die oft <a href=\"https:\/\/wien.orf.at\/v2\/news\/stories\/2530481\/\" target=\"_blank\" rel=\"noreferrer noopener\">beanstandeten Donauinsel WCs, f\u00fcr die die MA 45 zust\u00e4ndig ist<\/a>, wurden noch nicht behindertengerecht adaptiert.<\/p>\n\n\n\n<div class=\"wp-block-image\"><figure class=\"alignright size-large is-resized\"><a href=\"https:\/\/bmin.info\/WP\/wp-content\/uploads\/2021\/09\/DI21-FullAccess.jpg\"><img loading=\"lazy\" decoding=\"async\" src=\"https:\/\/bmin.info\/WP\/wp-content\/uploads\/2021\/09\/DI21-FullAccess-1024x768.jpg\" alt=\"\" class=\"wp-image-9576\" width=\"248\" height=\"186\" srcset=\"https:\/\/bmin.info\/WP\/wp-content\/uploads\/2021\/09\/DI21-FullAccess-1024x768.jpg 1024w, https:\/\/bmin.info\/WP\/wp-content\/uploads\/2021\/09\/DI21-FullAccess-300x225.jpg 300w, https:\/\/bmin.info\/WP\/wp-content\/uploads\/2021\/09\/DI21-FullAccess-768x576.jpg 768w, https:\/\/bmin.info\/WP\/wp-content\/uploads\/2021\/09\/DI21-FullAccess-144x108.jpg 144w, https:\/\/bmin.info\/WP\/wp-content\/uploads\/2021\/09\/DI21-FullAccess.jpg 1280w\" sizes=\"auto, (max-width: 248px) 100vw, 248px\" \/><\/a><figcaption>Full Accesess                      <em>(c) Pepo&nbsp;Meia<\/em><\/figcaption><\/figure><\/div>\n\n\n\n<p>Auch <a href=\"http:\/\/www.fullaccess.at\/\">Full Access<\/a> war dieses Jahr wieder am Donauinselfest vertreten. Full Access wurde 2016 gegr\u00fcndet und versteht sich als Anlaufstelle f\u00fcr Menschen mit Behinderungen und Veranstalter_innen gleicherma\u00dfen.<\/p>\n\n\n\n<p>Die beiden engagierten Wiener Start-Up Unternehmerinnen wollen L\u00f6sungen anbieten, die sich im Zusammenhang von Freizeitveranstaltungen und Barrierefreiheit stellen und m\u00f6chten u.a. die Zug\u00e4nglichkeit zu Veranstaltungen f\u00fcr Menschen mit den unterschiedlichsten Arten von Behinderungen verbessern.<\/p>\n\n\n\n<p>F\u00fcr jene, die sich impfen lassen wollten, gab es eine Impf-Box.<\/p>\n\n\n\n<div class=\"wp-block-image\"><figure class=\"aligncenter size-large is-resized\"><a href=\"https:\/\/bmin.info\/WP\/wp-content\/uploads\/2021\/09\/DI21-Impfb-16-9.jpg\"><img loading=\"lazy\" decoding=\"async\" src=\"https:\/\/bmin.info\/WP\/wp-content\/uploads\/2021\/09\/DI21-Impfb-16-9-1024x576.jpg\" alt=\"\" class=\"wp-image-9578\" width=\"768\" height=\"432\" srcset=\"https:\/\/bmin.info\/WP\/wp-content\/uploads\/2021\/09\/DI21-Impfb-16-9-1024x576.jpg 1024w, https:\/\/bmin.info\/WP\/wp-content\/uploads\/2021\/09\/DI21-Impfb-16-9-300x169.jpg 300w, https:\/\/bmin.info\/WP\/wp-content\/uploads\/2021\/09\/DI21-Impfb-16-9-768x432.jpg 768w, https:\/\/bmin.info\/WP\/wp-content\/uploads\/2021\/09\/DI21-Impfb-16-9-144x81.jpg 144w, https:\/\/bmin.info\/WP\/wp-content\/uploads\/2021\/09\/DI21-Impfb-16-9.jpg 1280w\" sizes=\"auto, (max-width: 768px) 100vw, 768px\" \/><\/a><figcaption>Impfbox aus der Donauinsel                                                                                                                        <em>(c) Pepo&nbsp;Meia<\/em><\/figcaption><\/figure><\/div>\n\n\n\n<p><strong>Love and Peace<\/strong><br \/>Dieses Jahr stand das Donauinselfest ganz im Zeichen von Love and Peace. Es gab keine Ausschreitungen &#8211; keine Alkohol-Exzesse. Die Zuschauer waren gl\u00fccklich Kultur endlich wieder live erleben zu k\u00f6nnen. Jeder Zuschauer musste jedoch einen g\u00fcltigen PCR-Test beim Eintritt vorweisen. Besucher ohne Test wurden ausnahmslos zur\u00fcckgewiesen.&nbsp;<\/p>\n\n\n\n<p>Es waren nur \u00f6sterreichische Akteure auf den B\u00fchnen zu sehen &#8211; unter anderem: Kruder &amp; Dorfmeister, Seiler &amp; Speer, die Kabarettisten Thomas Maurer, Viktor Gernot, Lukas Resetarits, Omar Sarsam; Birgit Denk als Moderatorin, S\u00e4ngerin &amp; Band, Semino Rossi, Lizz G\u00f6rgl &amp; Band, Reinhold Bilgeri &amp; Band, Wiener Wahnsinn, The Untouchables, Andy Lee Lang &amp; The Spirit u.v.a.<\/p>\n\n\n\n<figure class=\"wp-block-gallery columns-3 is-cropped wp-block-gallery-2 is-layout-flex wp-block-gallery-is-layout-flex\"><ul class=\"blocks-gallery-grid\"><li class=\"blocks-gallery-item\"><figure><a href=\"https:\/\/bmin.info\/WP\/wp-content\/uploads\/2021\/09\/DI21-Buehne-Baer.jpg\"><img loading=\"lazy\" decoding=\"async\" width=\"1024\" height=\"768\" src=\"https:\/\/bmin.info\/WP\/wp-content\/uploads\/2021\/09\/DI21-Buehne-Baer-1024x768.jpg\" alt=\"\" data-id=\"9586\" data-full-url=\"https:\/\/bmin.info\/WP\/wp-content\/uploads\/2021\/09\/DI21-Buehne-Baer.jpg\" data-link=\"https:\/\/bmin.info\/WP\/2021\/09\/20\/38-donauinselfest-love-and-peace\/di21-buehne-baer\/\" class=\"wp-image-9586\" srcset=\"https:\/\/bmin.info\/WP\/wp-content\/uploads\/2021\/09\/DI21-Buehne-Baer-1024x768.jpg 1024w, https:\/\/bmin.info\/WP\/wp-content\/uploads\/2021\/09\/DI21-Buehne-Baer-300x225.jpg 300w, https:\/\/bmin.info\/WP\/wp-content\/uploads\/2021\/09\/DI21-Buehne-Baer-768x576.jpg 768w, https:\/\/bmin.info\/WP\/wp-content\/uploads\/2021\/09\/DI21-Buehne-Baer-144x108.jpg 144w, https:\/\/bmin.info\/WP\/wp-content\/uploads\/2021\/09\/DI21-Buehne-Baer.jpg 1280w\" sizes=\"auto, (max-width: 1024px) 100vw, 1024px\" \/><\/a><figcaption class=\"blocks-gallery-item__caption\">Ulli Baer &amp; Band        <em>(c) P. Meia<\/em><\/figcaption><\/figure><\/li><li class=\"blocks-gallery-item\"><figure><a href=\"https:\/\/bmin.info\/WP\/wp-content\/uploads\/2021\/09\/DI21-Goergl-1.jpg\"><img loading=\"lazy\" decoding=\"async\" width=\"1024\" height=\"768\" src=\"https:\/\/bmin.info\/WP\/wp-content\/uploads\/2021\/09\/DI21-Goergl-1-1024x768.jpg\" alt=\"\" data-id=\"9584\" data-full-url=\"https:\/\/bmin.info\/WP\/wp-content\/uploads\/2021\/09\/DI21-Goergl-1.jpg\" data-link=\"https:\/\/bmin.info\/WP\/2021\/09\/20\/38-donauinselfest-love-and-peace\/di21-goergl-1\/\" class=\"wp-image-9584\" srcset=\"https:\/\/bmin.info\/WP\/wp-content\/uploads\/2021\/09\/DI21-Goergl-1-1024x768.jpg 1024w, https:\/\/bmin.info\/WP\/wp-content\/uploads\/2021\/09\/DI21-Goergl-1-300x225.jpg 300w, https:\/\/bmin.info\/WP\/wp-content\/uploads\/2021\/09\/DI21-Goergl-1-768x576.jpg 768w, https:\/\/bmin.info\/WP\/wp-content\/uploads\/2021\/09\/DI21-Goergl-1-144x108.jpg 144w, https:\/\/bmin.info\/WP\/wp-content\/uploads\/2021\/09\/DI21-Goergl-1.jpg 1280w\" sizes=\"auto, (max-width: 1024px) 100vw, 1024px\" \/><\/a><figcaption class=\"blocks-gallery-item__caption\">Lizz G\u00f6rgl &amp; Band     <em>(c) P. Meia<\/em><\/figcaption><\/figure><\/li><li class=\"blocks-gallery-item\"><figure><a href=\"https:\/\/bmin.info\/WP\/wp-content\/uploads\/2021\/09\/DI21-Sterman-Grisseman.jpg\"><img loading=\"lazy\" decoding=\"async\" width=\"1024\" height=\"768\" src=\"https:\/\/bmin.info\/WP\/wp-content\/uploads\/2021\/09\/DI21-Sterman-Grisseman-1024x768.jpg\" alt=\"\" data-id=\"9585\" data-full-url=\"https:\/\/bmin.info\/WP\/wp-content\/uploads\/2021\/09\/DI21-Sterman-Grisseman.jpg\" data-link=\"https:\/\/bmin.info\/WP\/2021\/09\/20\/38-donauinselfest-love-and-peace\/di21-sterman-grisseman\/\" class=\"wp-image-9585\" srcset=\"https:\/\/bmin.info\/WP\/wp-content\/uploads\/2021\/09\/DI21-Sterman-Grisseman-1024x768.jpg 1024w, https:\/\/bmin.info\/WP\/wp-content\/uploads\/2021\/09\/DI21-Sterman-Grisseman-300x225.jpg 300w, https:\/\/bmin.info\/WP\/wp-content\/uploads\/2021\/09\/DI21-Sterman-Grisseman-768x576.jpg 768w, https:\/\/bmin.info\/WP\/wp-content\/uploads\/2021\/09\/DI21-Sterman-Grisseman-144x108.jpg 144w, https:\/\/bmin.info\/WP\/wp-content\/uploads\/2021\/09\/DI21-Sterman-Grisseman.jpg 1280w\" sizes=\"auto, (max-width: 1024px) 100vw, 1024px\" \/><\/a><figcaption class=\"blocks-gallery-item__caption\"><br \/><br \/><br \/>Stermann &amp; Grissemann<\/figcaption><\/figure><\/li><li class=\"blocks-gallery-item\"><figure><a href=\"https:\/\/bmin.info\/WP\/wp-content\/uploads\/2021\/09\/DI21-Untouchables.jpg\"><img loading=\"lazy\" decoding=\"async\" width=\"1024\" height=\"768\" src=\"https:\/\/bmin.info\/WP\/wp-content\/uploads\/2021\/09\/DI21-Untouchables-1024x768.jpg\" alt=\"\" data-id=\"9582\" data-full-url=\"https:\/\/bmin.info\/WP\/wp-content\/uploads\/2021\/09\/DI21-Untouchables.jpg\" data-link=\"https:\/\/bmin.info\/WP\/2021\/09\/20\/38-donauinselfest-love-and-peace\/di21-untouchables\/\" class=\"wp-image-9582\" srcset=\"https:\/\/bmin.info\/WP\/wp-content\/uploads\/2021\/09\/DI21-Untouchables-1024x768.jpg 1024w, https:\/\/bmin.info\/WP\/wp-content\/uploads\/2021\/09\/DI21-Untouchables-300x225.jpg 300w, https:\/\/bmin.info\/WP\/wp-content\/uploads\/2021\/09\/DI21-Untouchables-768x576.jpg 768w, https:\/\/bmin.info\/WP\/wp-content\/uploads\/2021\/09\/DI21-Untouchables-144x108.jpg 144w, https:\/\/bmin.info\/WP\/wp-content\/uploads\/2021\/09\/DI21-Untouchables.jpg 1280w\" sizes=\"auto, (max-width: 1024px) 100vw, 1024px\" \/><\/a><figcaption class=\"blocks-gallery-item__caption\">The Untouchables                                      <em>(c) P. Meia<\/em><\/figcaption><\/figure><\/li><li class=\"blocks-gallery-item\"><figure><a href=\"https:\/\/bmin.info\/WP\/wp-content\/uploads\/2021\/09\/DIF21-Bilgg-M-Domnanovich-1.jpg\"><img loading=\"lazy\" decoding=\"async\" width=\"1024\" height=\"682\" src=\"https:\/\/bmin.info\/WP\/wp-content\/uploads\/2021\/09\/DIF21-Bilgg-M-Domnanovich-1-1024x682.jpg\" alt=\"\" data-id=\"9613\" data-full-url=\"https:\/\/bmin.info\/WP\/wp-content\/uploads\/2021\/09\/DIF21-Bilgg-M-Domnanovich-1.jpg\" data-link=\"https:\/\/bmin.info\/WP\/dif21-bilgg-m-domnanovich-2\/\" class=\"wp-image-9613\" srcset=\"https:\/\/bmin.info\/WP\/wp-content\/uploads\/2021\/09\/DIF21-Bilgg-M-Domnanovich-1-1024x682.jpg 1024w, https:\/\/bmin.info\/WP\/wp-content\/uploads\/2021\/09\/DIF21-Bilgg-M-Domnanovich-1-300x200.jpg 300w, https:\/\/bmin.info\/WP\/wp-content\/uploads\/2021\/09\/DIF21-Bilgg-M-Domnanovich-1-768x511.jpg 768w, https:\/\/bmin.info\/WP\/wp-content\/uploads\/2021\/09\/DIF21-Bilgg-M-Domnanovich-1-144x96.jpg 144w, https:\/\/bmin.info\/WP\/wp-content\/uploads\/2021\/09\/DIF21-Bilgg-M-Domnanovich-1.jpg 1280w\" sizes=\"auto, (max-width: 1024px) 100vw, 1024px\" \/><\/a><figcaption class=\"blocks-gallery-item__caption\"><strong>Reinhold Bilgeri &amp; Band<\/strong>        <br \/><em>(c) Manuel Domnanovich<\/em><\/figcaption><\/figure><\/li><\/ul><\/figure>\n\n\n\n<p>Eines von den vielen Highlights war am Samstag auf der Festb\u00fchne der Auftritt von Christian Kolonovits mit Orchester und hervorragender Band unter dem Titel \u201eBest of Donauinselfest\u201c. Austro-Pop Legenden wie Marianne Mendt, Andi Baum, Ulli Baer, Gert Steinb\u00e4cker waren u.a. in dieser einmaligen Show zu sehen. Das furiose Finale war die legend\u00e4re Hymne von den Beatles \u201eAll you need is love\u201c. Christian Kolonovits hat nach dem Konzert angedeutet, dass er auch f\u00fcr die kommenden Donauinselfeste mit seinem Orchester und Band zur Verf\u00fcgung stehen wird.<\/p>\n\n\n\n<figure class=\"wp-block-gallery columns-2 is-cropped wp-block-gallery-3 is-layout-flex wp-block-gallery-is-layout-flex\"><ul class=\"blocks-gallery-grid\"><li class=\"blocks-gallery-item\"><figure><a href=\"https:\/\/bmin.info\/WP\/wp-content\/uploads\/2021\/09\/DIF21-Kolonov-M-Domnanovich-1.jpg\"><img loading=\"lazy\" decoding=\"async\" width=\"1024\" height=\"682\" src=\"https:\/\/bmin.info\/WP\/wp-content\/uploads\/2021\/09\/DIF21-Kolonov-M-Domnanovich-1-1024x682.jpg\" alt=\"\" data-id=\"9611\" data-full-url=\"https:\/\/bmin.info\/WP\/wp-content\/uploads\/2021\/09\/DIF21-Kolonov-M-Domnanovich-1.jpg\" data-link=\"https:\/\/bmin.info\/WP\/dif21-kolonov-m-domnanovich-2\/\" class=\"wp-image-9611\" srcset=\"https:\/\/bmin.info\/WP\/wp-content\/uploads\/2021\/09\/DIF21-Kolonov-M-Domnanovich-1-1024x682.jpg 1024w, https:\/\/bmin.info\/WP\/wp-content\/uploads\/2021\/09\/DIF21-Kolonov-M-Domnanovich-1-300x200.jpg 300w, https:\/\/bmin.info\/WP\/wp-content\/uploads\/2021\/09\/DIF21-Kolonov-M-Domnanovich-1-768x511.jpg 768w, https:\/\/bmin.info\/WP\/wp-content\/uploads\/2021\/09\/DIF21-Kolonov-M-Domnanovich-1-144x96.jpg 144w, https:\/\/bmin.info\/WP\/wp-content\/uploads\/2021\/09\/DIF21-Kolonov-M-Domnanovich-1.jpg 1280w\" sizes=\"auto, (max-width: 1024px) 100vw, 1024px\" \/><\/a><figcaption class=\"blocks-gallery-item__caption\">Christian Kolonovits &#8211; Best of Donauinselfest<br \/><em>(c) Manuel Domnanovich<\/em><\/figcaption><\/figure><\/li><li class=\"blocks-gallery-item\"><figure><a href=\"https:\/\/bmin.info\/WP\/wp-content\/uploads\/2021\/09\/DIF21_Kolonov_A_Mueller-1.jpg\"><img loading=\"lazy\" decoding=\"async\" width=\"1024\" height=\"683\" src=\"https:\/\/bmin.info\/WP\/wp-content\/uploads\/2021\/09\/DIF21_Kolonov_A_Mueller-1-1024x683.jpg\" alt=\"\" data-id=\"9612\" data-full-url=\"https:\/\/bmin.info\/WP\/wp-content\/uploads\/2021\/09\/DIF21_Kolonov_A_Mueller-1.jpg\" data-link=\"https:\/\/bmin.info\/WP\/dif21_kolonov_a_mueller-2\/\" class=\"wp-image-9612\" srcset=\"https:\/\/bmin.info\/WP\/wp-content\/uploads\/2021\/09\/DIF21_Kolonov_A_Mueller-1-1024x683.jpg 1024w, https:\/\/bmin.info\/WP\/wp-content\/uploads\/2021\/09\/DIF21_Kolonov_A_Mueller-1-300x200.jpg 300w, https:\/\/bmin.info\/WP\/wp-content\/uploads\/2021\/09\/DIF21_Kolonov_A_Mueller-1-768x512.jpg 768w, https:\/\/bmin.info\/WP\/wp-content\/uploads\/2021\/09\/DIF21_Kolonov_A_Mueller-1-144x96.jpg 144w, https:\/\/bmin.info\/WP\/wp-content\/uploads\/2021\/09\/DIF21_Kolonov_A_Mueller-1.jpg 1280w\" sizes=\"auto, (max-width: 1024px) 100vw, 1024px\" \/><\/a><figcaption class=\"blocks-gallery-item__caption\">Christian Kolonovits &#8211; Best of Donauinselfest<br \/><em>(c) Alexander M\u00fcller<\/em><\/figcaption><\/figure><\/li><\/ul><\/figure>\n\n\n\n<p>Alles in allem war es ein gelungenes Event bei dem sich auch die Zuschauer an die Vorschriften des Veranstalters gehalten haben.<br \/><br \/>Artikel zum Thema:<br \/><a rel=\"noreferrer noopener\" href=\"https:\/\/bmin.info\/WP\/2018\/06\/27\/megafriedliches-35-jubilaeums-donauinselfest\/\" target=\"_blank\">Megafriedliches 35. Jubil\u00e4ums-Donauinselfest<\/a> <br \/><a href=\"https:\/\/bmin.info\/WP\/2017\/06\/26\/34-donauinselfest-2017-weniger-buehnen-mehr-sicherheit\/\">34. Donauinselfest 2017: Weniger B\u00fchnen mehr Sicherheit<\/a><br \/><a href=\"https:\/\/bmin.info\/WP\/2016\/06\/28\/33-donauinselfest-2016-rollstuhltribuene-aus-fehlern-wurde-gelernt\/\">33. Donauinselfest 2016: Rollstuhltrib\u00fcne \u2013 aus Fehlern wurde gelernt<\/a><br \/><a href=\"https:\/\/bmin.info\/WP\/2015\/06\/28\/32-donauinselfest-rollstuhltribuene-eine-frechheit\/\">32. Donauinselfest: Rollstuhltrib\u00fcne eine Frechheit<\/a><br \/><a href=\"http:\/\/www.bmin.info\/N-Archiv\/BMIN.achrichten\/Nachrichten\/Eintrage\/2014\/3\/31_BMIN-Erfolg__Donauinsel_-_zwei_Gehsteigabsenkungen_bei_Floridsdorfer_Brucke_-_Linie_31.html\">BMIN Erfolg: Donauinsel \u2013 Zwei Gehsteigabsenkungen bei Floridsdorfer Br\u00fccke \u2013 Linie 31<\/a>&nbsp; (2014)<\/p>\n","protected":false},"excerpt":{"rendered":"<p>Text: Pepo Meia, Niels CimpaVom 17. bis 19. September 2021 fand diesmal das 38. Donauinselfest der SP\u00d6-Wien &#8211; jedoch wegen Corona in abgespeckter Form &#8211; statt. 42.000 Gratis-Eintrittskarten sind f\u00fcr die vier B\u00fchnen verlost worden. \u00dcber die drei Tage waren 50 Acts mit ingesamt 250 K\u00fcnstler_innen zu sehen. Trotz launischen Wetters betrug die Auslastung laut&#8230; <a href=\"https:\/\/bmin.info\/WP\/2021\/09\/20\/38-donauinselfest-love-and-peace\/\" class=\"more-link\">Continue reading <span class=\"screen-reader-text\">38. Donauinselfest: \u201eLove and Peace\u201c<\/span><\/a><\/p>\n","protected":false},"author":3,"featured_media":0,"comment_status":"closed","ping_status":"closed","sticky":false,"template":"","format":"standard","meta":{"footnotes":""},"categories":[3],"tags":[],"class_list":["post-9426","post","type-post","status-publish","format-standard","hentry","category-info"],"_links":{"self":[{"href":"https:\/\/bmin.info\/WP\/wp-json\/wp\/v2\/posts\/9426","targetHints":{"allow":["GET"]}}],"collection":[{"href":"https:\/\/bmin.info\/WP\/wp-json\/wp\/v2\/posts"}],"about":[{"href":"https:\/\/bmin.info\/WP\/wp-json\/wp\/v2\/types\/post"}],"author":[{"embeddable":true,"href":"https:\/\/bmin.info\/WP\/wp-json\/wp\/v2\/users\/3"}],"replies":[{"embeddable":true,"href":"https:\/\/bmin.info\/WP\/wp-json\/wp\/v2\/comments?post=9426"}],"version-history":[{"count":26,"href":"https:\/\/bmin.info\/WP\/wp-json\/wp\/v2\/posts\/9426\/revisions"}],"predecessor-version":[{"id":9628,"href":"https:\/\/bmin.info\/WP\/wp-json\/wp\/v2\/posts\/9426\/revisions\/9628"}],"wp:attachment":[{"href":"https:\/\/bmin.info\/WP\/wp-json\/wp\/v2\/media?parent=9426"}],"wp:term":[{"taxonomy":"category","embeddable":true,"href":"https:\/\/bmin.info\/WP\/wp-json\/wp\/v2\/categories?post=9426"},{"taxonomy":"post_tag","embeddable":true,"href":"https:\/\/bmin.info\/WP\/wp-json\/wp\/v2\/tags?post=9426"}],"curies":[{"name":"wp","href":"https:\/\/api.w.org\/{rel}","templated":true}]}}