{"id":9572,"date":"2021-09-22T07:57:18","date_gmt":"2021-09-22T06:57:18","guid":{"rendered":"https:\/\/bmin.info\/WP\/?p=9572"},"modified":"2021-09-22T07:57:18","modified_gmt":"2021-09-22T06:57:18","slug":"orf-programm-zum-internationalen-tag-der-gebaerdensprachen-am-23-september","status":"publish","type":"post","link":"https:\/\/bmin.info\/WP\/2021\/09\/22\/orf-programm-zum-internationalen-tag-der-gebaerdensprachen-am-23-september\/","title":{"rendered":"ORF-Programm zum Internationalen Tag der Geb\u00e4rdensprachen am 23. September"},"content":{"rendered":"\n<p>Text: ORF<br \/><strong><em>Doku \u201eSeeing Voices\u201c, neue Ausgabe \u201eGipfel-Sieg\u201c, gedolmetschte News-Formate und Magazine, \u201eHelmi\u201c-Folgen, \u00d61-Sendungen u. v. m.<\/em><\/strong><br \/>Wien (OTS) &#8211; Als Teil seines Engagements f\u00fcr Inklusion und Barrierefreiheit widmet sich der ORF in zahlreichen TV,- Radio- und Online-Programmen dem International Day of Sign Languages, Welttag der Geb\u00e4rdensprachen, der j\u00e4hrlich am 23. September stattfindet.<\/p>\n\n\n\n<p>Geb\u00e4rdensprache in ORF 1, ORF 2, ORF III<\/p>\n\n\n\n<p>So befassen sich \u2013 neben aktueller Berichterstattung in den Nachrichten-Formaten \u2013 diverse Beitr\u00e4ge in TV-Magazinen mit dem Thema: Bereits angelaufen ist in \u201eGuten Morgen \u00d6sterreich\u201c (6.30 bis 9.00 Uhr, ORF 2) die Rubrik \u201eZiemlich bestes Team\u201c, die in einer zw\u00f6lfteiligen Serie \u2013 immer mittwochs \u2013 Unternehmen vorstellt, die ganz bewusst Menschen mit Behinderung in ihrem Betrieb besch\u00e4ftigen wollen. Ebenfalls fortgef\u00fchrt wird die bereits am 12. September in \u201eHeimat Fremde Heimat\u201c (Sonntag, 13.35 Uhr, ORF 2) gestartete f\u00fcnfteilige Reihe \u201eZeig mir Deine Welt\u201c, die Menschen mit unterschiedlichen Behinderungen bei ihren allt\u00e4glichen T\u00e4tigkeiten begleitet. Die n\u00e4chste Sendung steht Mitte Oktober auf dem Programm.<\/p>\n\n\n\n<p>Mehr dazu in der <a href=\"https:\/\/www.ots.at\/presseaussendung\/OTS_20210921_OTS0142\/orf-programm-zum-internationalen-tag-der-gebaerdensprachen-am-23-september\">Presseaussendung vom ORF<\/a> &#8211; (OTS vom 21.09.2021)<\/p>\n\n\n\n<p>Artikel zum Thema:<br \/><a href=\"https:\/\/bmin.info\/WP\/2020\/09\/24\/deaf-awareness-week-woche-des-gehoerlosen-bewusstseins\/\">Deaf Awareness Week \u2013 Woche des Geh\u00f6rlosen-Bewusstseins<\/a><br \/>In der letzten Septemberwoche wird weltweit die \u201edeaf awareness week\u201c gefeiert. Auch wir wollen Aufkl\u00e4rungsarbeit leisten, und \u00fcber diese Bev\u00f6lkerungsgruppe, die sich haupts\u00e4chlich als Sprachminderheit versteht, berichten.<\/p>\n","protected":false},"excerpt":{"rendered":"<p>Text: ORFDoku \u201eSeeing Voices\u201c, neue Ausgabe \u201eGipfel-Sieg\u201c, gedolmetschte News-Formate und Magazine, \u201eHelmi\u201c-Folgen, \u00d61-Sendungen u. v. m.Wien (OTS) &#8211; Als Teil seines Engagements f\u00fcr Inklusion und Barrierefreiheit widmet sich der ORF in zahlreichen TV,- Radio- und Online-Programmen dem International Day of Sign Languages, Welttag der Geb\u00e4rdensprachen, der j\u00e4hrlich am 23. September stattfindet. Geb\u00e4rdensprache in ORF 1,&#8230; <a href=\"https:\/\/bmin.info\/WP\/2021\/09\/22\/orf-programm-zum-internationalen-tag-der-gebaerdensprachen-am-23-september\/\" class=\"more-link\">Continue reading <span class=\"screen-reader-text\">ORF-Programm zum Internationalen Tag der Geb\u00e4rdensprachen am 23. September<\/span><\/a><\/p>\n","protected":false},"author":3,"featured_media":0,"comment_status":"closed","ping_status":"closed","sticky":false,"template":"","format":"standard","meta":{"footnotes":""},"categories":[3],"tags":[],"class_list":["post-9572","post","type-post","status-publish","format-standard","hentry","category-info"],"_links":{"self":[{"href":"https:\/\/bmin.info\/WP\/wp-json\/wp\/v2\/posts\/9572","targetHints":{"allow":["GET"]}}],"collection":[{"href":"https:\/\/bmin.info\/WP\/wp-json\/wp\/v2\/posts"}],"about":[{"href":"https:\/\/bmin.info\/WP\/wp-json\/wp\/v2\/types\/post"}],"author":[{"embeddable":true,"href":"https:\/\/bmin.info\/WP\/wp-json\/wp\/v2\/users\/3"}],"replies":[{"embeddable":true,"href":"https:\/\/bmin.info\/WP\/wp-json\/wp\/v2\/comments?post=9572"}],"version-history":[{"count":2,"href":"https:\/\/bmin.info\/WP\/wp-json\/wp\/v2\/posts\/9572\/revisions"}],"predecessor-version":[{"id":9626,"href":"https:\/\/bmin.info\/WP\/wp-json\/wp\/v2\/posts\/9572\/revisions\/9626"}],"wp:attachment":[{"href":"https:\/\/bmin.info\/WP\/wp-json\/wp\/v2\/media?parent=9572"}],"wp:term":[{"taxonomy":"category","embeddable":true,"href":"https:\/\/bmin.info\/WP\/wp-json\/wp\/v2\/categories?post=9572"},{"taxonomy":"post_tag","embeddable":true,"href":"https:\/\/bmin.info\/WP\/wp-json\/wp\/v2\/tags?post=9572"}],"curies":[{"name":"wp","href":"https:\/\/api.w.org\/{rel}","templated":true}]}}