{"id":9625,"date":"2021-09-23T08:06:00","date_gmt":"2021-09-23T07:06:00","guid":{"rendered":"https:\/\/bmin.info\/WP\/?p=9625"},"modified":"2021-09-24T08:08:37","modified_gmt":"2021-09-24T07:08:37","slug":"sozialminister-mueckstein-ausgaben-zur-verbesserung-der-beruflichen-teilhabe-von-menschen-mit-behinderungen-werden-um-rund-10-erhoeht","status":"publish","type":"post","link":"https:\/\/bmin.info\/WP\/2021\/09\/23\/sozialminister-mueckstein-ausgaben-zur-verbesserung-der-beruflichen-teilhabe-von-menschen-mit-behinderungen-werden-um-rund-10-erhoeht\/","title":{"rendered":"Sozialminister M\u00fcckstein: Ausgaben zur Verbesserung der Beruflichen Teilhabe von Menschen mit Behinderungen werden um rund 10% erh\u00f6ht"},"content":{"rendered":"\n<p>Text: Sozilministerium<br \/><strong>Sozialministerium stellt im Jahr 2022 rund \u20ac 315 Mio. zur Verbesserung der Beruflichen Teilhabe von Menschen mit Behinderungen zur Verf\u00fcgung<\/strong><br \/><em>Wien (OTS) &#8211; \u201eDie Auswirkungen der COVID-19-Pandemie haben Menschen mit Behinderungen zum Teil besonders hart getroffen. Durch gezielte Ma\u00dfnahmen ist es uns im vergangenen Jahr in Abstimmung mit dem Ausgleichstaxfonds-Beirat gelungen, die negativen Auswirkungen der Pandemie auf Menschen mit Behinderungen bestm\u00f6glich abzufedern \u2013 und dies gilt es im kommenden Jahr mit gleicher Entschlossenheit fortzusetzen\u201c, <\/em>betont Sozialminister Dr. Wolfgang M\u00fcckstein zu Beginn der heutigen Sitzung des ATF-Beirates.<\/p>\n\n\n\n<figure class=\"wp-block-image size-large\"><a href=\"https:\/\/bmin.info\/WP\/wp-content\/uploads\/2021\/05\/Mueckstein-2.jpg\"><img loading=\"lazy\" decoding=\"async\" width=\"1024\" height=\"768\" src=\"https:\/\/bmin.info\/WP\/wp-content\/uploads\/2021\/05\/Mueckstein-2-1024x768.jpg\" alt=\"\" class=\"wp-image-8875\" srcset=\"https:\/\/bmin.info\/WP\/wp-content\/uploads\/2021\/05\/Mueckstein-2-1024x768.jpg 1024w, https:\/\/bmin.info\/WP\/wp-content\/uploads\/2021\/05\/Mueckstein-2-300x225.jpg 300w, https:\/\/bmin.info\/WP\/wp-content\/uploads\/2021\/05\/Mueckstein-2-768x576.jpg 768w, https:\/\/bmin.info\/WP\/wp-content\/uploads\/2021\/05\/Mueckstein-2-144x108.jpg 144w, https:\/\/bmin.info\/WP\/wp-content\/uploads\/2021\/05\/Mueckstein-2.jpg 1457w\" sizes=\"auto, (max-width: 1024px) 100vw, 1024px\" \/><\/a><\/figure>\n\n\n\n<p>Zu diesem Zweck werden seitens des Sozialministeriums aus Mitteln des Ausgleichstaxfonds im kommenden Jahr insgesamt 315 Mio. Euro eingesetzt. Konkret handelt es sich dabei um rund \u20ac 264 Mio. f\u00fcr Projekt- und Individualf\u00f6rderungen sowie \u20ac 51 Mio. f\u00fcr die Integrativen Betriebe. Das entspricht einer Steigerung im Vergleich zu den geplanten diesj\u00e4hrigen Ausgaben in der H\u00f6he von. rund \u20ac 28 Mio. bzw. 10 %. Dabei sollen einerseits bestehende Ma\u00dfnahmen bedarfsgerecht angeboten und zum Teil massiv ausgebaut werden, als auch gezielt Schwerpunkte auf spezielle Personengruppen wie zum Beispiel Frauen mit Behinderungen oder geh\u00f6rlose Menschen sowie auf Ma\u00dfnahmen zur St\u00e4rkung der psychischen Gesundheit und der Bewusstseinsbildung gesetzt werden. <em>\u201eIch m\u00f6chte mich bei den Mitgliedern des Ausgleichstaxfonds-Beirates f\u00fcr ihren Einsatz und ihre Unterst\u00fctzung bedanken und bin \u00fcberzeugt davon, dass es uns mit den skizzierten Ma\u00dfnahmen gelingen wird, die Berufliche Situation von Menschen mit Behinderungen auch in Zeiten der COVID-19-Pandemie zu verbessern\u201c<\/em>, betont M\u00fcckstein.<\/p>\n\n\n\n<p>Den Bedarf an Verbesserung der Beruflichen Teilhabe von Menschen mit Behinderungen hat die COVID-19-Pandemie noch verst\u00e4rkt \u2013 das zeigen auch die aktuellen Arbeitslosenzahlen. So waren Ende August 2021 insgesamt 210.552 Personen ohne gesundheitliche Vermittlungseinschr\u00e4nkungen arbeitslos gemeldet, was einem R\u00fcckgang von 25,8% gegen\u00fcber dem Vergleichsmonat des Vorjahres entspricht. Auf der anderen Seite waren Ende August insgesamt 75.725 Personen mit gesundheitlichen Vermittlungseinschr\u00e4nkungen arbeitslos gemeldet, was einen R\u00fcckgang von 14,2% gegen\u00fcber dem Vergleichsmonat des Vorjahres bedeutet. Darunter sind 12.854 Menschen mit Behinderungen. Das sind um 9,3% weniger als vor einem Jahr. <em>\u201eAus den aktuellen Arbeitslosenzahlen ist ersichtlich, dass, sich die leichte Entspannung am Arbeitsmarkt bei Menschen mit Behinderungen bei weitem nicht im selben Ausma\u00df bemerkbar macht wie bei Menschen ohne Behinderungen. Es werden weiterhin spezifische Ma\u00dfnahmen ben\u00f6tigt, um die berufliche Teilhabe von Menschen mit Behinderungen zu verbessern. Daher bin ich froh, dass es jetzt eine kr\u00e4ftige Erh\u00f6hung der Mittel gibt\u201c<\/em>, zeigt sich M\u00fcckstein \u00fcberzeugt.<\/p>\n","protected":false},"excerpt":{"rendered":"<p>Text: SozilministeriumSozialministerium stellt im Jahr 2022 rund \u20ac 315 Mio. zur Verbesserung der Beruflichen Teilhabe von Menschen mit Behinderungen zur Verf\u00fcgungWien (OTS) &#8211; \u201eDie Auswirkungen der COVID-19-Pandemie haben Menschen mit Behinderungen zum Teil besonders hart getroffen. Durch gezielte Ma\u00dfnahmen ist es uns im vergangenen Jahr in Abstimmung mit dem Ausgleichstaxfonds-Beirat gelungen, die negativen Auswirkungen der&#8230; <a href=\"https:\/\/bmin.info\/WP\/2021\/09\/23\/sozialminister-mueckstein-ausgaben-zur-verbesserung-der-beruflichen-teilhabe-von-menschen-mit-behinderungen-werden-um-rund-10-erhoeht\/\" class=\"more-link\">Continue reading <span class=\"screen-reader-text\">Sozialminister M\u00fcckstein: Ausgaben zur Verbesserung der Beruflichen Teilhabe von Menschen mit Behinderungen werden um rund 10% erh\u00f6ht<\/span><\/a><\/p>\n","protected":false},"author":3,"featured_media":0,"comment_status":"closed","ping_status":"closed","sticky":false,"template":"","format":"standard","meta":{"footnotes":""},"categories":[3],"tags":[],"class_list":["post-9625","post","type-post","status-publish","format-standard","hentry","category-info"],"_links":{"self":[{"href":"https:\/\/bmin.info\/WP\/wp-json\/wp\/v2\/posts\/9625","targetHints":{"allow":["GET"]}}],"collection":[{"href":"https:\/\/bmin.info\/WP\/wp-json\/wp\/v2\/posts"}],"about":[{"href":"https:\/\/bmin.info\/WP\/wp-json\/wp\/v2\/types\/post"}],"author":[{"embeddable":true,"href":"https:\/\/bmin.info\/WP\/wp-json\/wp\/v2\/users\/3"}],"replies":[{"embeddable":true,"href":"https:\/\/bmin.info\/WP\/wp-json\/wp\/v2\/comments?post=9625"}],"version-history":[{"count":4,"href":"https:\/\/bmin.info\/WP\/wp-json\/wp\/v2\/posts\/9625\/revisions"}],"predecessor-version":[{"id":9633,"href":"https:\/\/bmin.info\/WP\/wp-json\/wp\/v2\/posts\/9625\/revisions\/9633"}],"wp:attachment":[{"href":"https:\/\/bmin.info\/WP\/wp-json\/wp\/v2\/media?parent=9625"}],"wp:term":[{"taxonomy":"category","embeddable":true,"href":"https:\/\/bmin.info\/WP\/wp-json\/wp\/v2\/categories?post=9625"},{"taxonomy":"post_tag","embeddable":true,"href":"https:\/\/bmin.info\/WP\/wp-json\/wp\/v2\/tags?post=9625"}],"curies":[{"name":"wp","href":"https:\/\/api.w.org\/{rel}","templated":true}]}}