{"id":9655,"date":"2021-09-23T03:53:00","date_gmt":"2021-09-23T02:53:00","guid":{"rendered":"https:\/\/bmin.info\/WP\/?p=9655"},"modified":"2021-09-29T18:02:06","modified_gmt":"2021-09-29T17:02:06","slug":"grebien-zum-tag-der-gebaerdensprachen-gruene-abgeordnete-praesentieren-gebaerdennamen","status":"publish","type":"post","link":"https:\/\/bmin.info\/WP\/2021\/09\/23\/grebien-zum-tag-der-gebaerdensprachen-gruene-abgeordnete-praesentieren-gebaerdennamen\/","title":{"rendered":"Grebien zum Tag der Geb\u00e4rdensprachen: Gr\u00fcne Abgeordnete pr\u00e4sentieren Geb\u00e4rdennamen"},"content":{"rendered":"\n<p>Text: Gr\u00fcne<br \/><strong>Am 23. September ist internationaler Tag der Geb\u00e4rdensprachen. Zu diesem wichtigen Anlass haben Nationalratsabgeordnete der Gr\u00fcnen in Zusammenarbeit mit dem \u00d6sterreichischen Geh\u00f6rlosenbund (\u00d6GLB) eigene Geb\u00e4rdennamen erarbeitet.<\/strong><\/p>\n\n\n\n<p>\u201eDer Geb\u00e4rdennamen-Workshop war ein sehr aufregendes Erlebnis f\u00fcr uns. Wir haben \u00fcber Wochen \u00fcberlegt, welche Eigenschaften und Merkmale uns am besten charakterisieren und zu uns passen. Diese wurden dann mit dem \u00d6GLB r\u00fcckbesprochen, und Vorschl\u00e4ge f\u00fcr Namen wurden erarbeitet. Gemeinsam mit <strong>Helene Jarmer<\/strong> durften wir in die faszinierende Welt der \u00d6sterreichischen Geb\u00e4rdensprache eintauchen und uns beim Geb\u00e4rden unserer Namen erproben. Heute pr\u00e4sentieren wir auf Social Media unsere neuen Namen, und wir w\u00fcrden uns sehr freuen, wenn die Community diese verwendet\u201c, zeigt sich <strong>Heike Grebien<\/strong>, Sprecherin f\u00fcr Menschen mit Behinderungen der Gr\u00fcnen, begeistert.<\/p>\n\n\n\n<p>Grebien setzt sich in ihrer parlamentarischen Arbeit daf\u00fcr ein, dass die Rechte von Geh\u00f6rlosen Menschen in \u00d6sterreich Schritt f\u00fcr Schritt umgesetzt und ausgebaut werden.<\/p>\n\n\n\n<p>Ein bedeutendes Beispiel und zugleich ein gro\u00dfer Erfolg in diesem Jahr ist der Allparteien-Antrag, der den Bundesminister f\u00fcr Bildung auffordert, einen inklusiven Lehrplan zur \u00d6sterreichischen Geb\u00e4rdensprache (\u00d6GS) zu erlassen. Dieser soll im Schuljahr 2023\/2024 in Kraft treten und sicherstellen, dass \u00d6GS als Unterrichtssprache eingesetzt wird.<\/p>\n\n\n\n<p><em>\u201eSeit 16 Jahren besteht diese Forderung in \u00d6sterreich. Und wir werden sie nun endlich verwirklichen. Besonders wichtig ist mir, dass Organisationen von geh\u00f6rlosen Menschen bei der Erstellung des Lehrplans miteinbezogen werden\u201c<\/em>, sagt Grebien.<\/p>\n\n\n\n<p>Im Zusammenhang mit dem inklusiven \u00d6GS-Lehrplan ist auch der Ausbau der Ausbildung von Dolmetscher_innen ein wesentlicher Baustein, den die Gr\u00fcnen im Regierungsprogramm verhandelt haben. Hierzu laufen bereits Vorbereitungen seitens des Bildungsministeriums.<\/p>\n\n\n\n<p>Artikel zum Thema:<br \/><a href=\"https:\/\/bmin.info\/WP\/2020\/09\/24\/deaf-awareness-week-woche-des-gehoerlosen-bewusstseins\/\">Deaf Awareness Week \u2013 Woche des Geh\u00f6rlosen-Bewusstseins<\/a><br \/>In der letzten Septemberwoche wird weltweit die \u201edeaf awareness week\u201c gefeiert. Auch wir wollen Aufkl\u00e4rungsarbeit leisten, und \u00fcber diese Bev\u00f6lkerungsgruppe, die sich haupts\u00e4chlich als Sprachminderheit versteht, berichten.<\/p>\n\n\n\n<figure class=\"wp-block-embed is-type-video is-provider-youtube wp-block-embed-youtube wp-embed-aspect-4-3 wp-has-aspect-ratio\"><div class=\"wp-block-embed__wrapper\">\n<iframe loading=\"lazy\" title=\"Internationaler Tag der Geb\u00e4rdensprachen im Gr\u00fcnen Parlamentsklub! \ud83e\uddcf\" width=\"650\" height=\"488\" src=\"https:\/\/www.youtube.com\/embed\/FtFaGmXJIhg?feature=oembed\" frameborder=\"0\" allow=\"accelerometer; autoplay; clipboard-write; encrypted-media; gyroscope; picture-in-picture; web-share\" referrerpolicy=\"strict-origin-when-cross-origin\" allowfullscreen><\/iframe>\n<\/div><\/figure>\n","protected":false},"excerpt":{"rendered":"<p>Text: Gr\u00fcneAm 23. September ist internationaler Tag der Geb\u00e4rdensprachen. Zu diesem wichtigen Anlass haben Nationalratsabgeordnete der Gr\u00fcnen in Zusammenarbeit mit dem \u00d6sterreichischen Geh\u00f6rlosenbund (\u00d6GLB) eigene Geb\u00e4rdennamen erarbeitet. \u201eDer Geb\u00e4rdennamen-Workshop war ein sehr aufregendes Erlebnis f\u00fcr uns. Wir haben \u00fcber Wochen \u00fcberlegt, welche Eigenschaften und Merkmale uns am besten charakterisieren und zu uns passen. Diese wurden&#8230; <a href=\"https:\/\/bmin.info\/WP\/2021\/09\/23\/grebien-zum-tag-der-gebaerdensprachen-gruene-abgeordnete-praesentieren-gebaerdennamen\/\" class=\"more-link\">Continue reading <span class=\"screen-reader-text\">Grebien zum Tag der Geb\u00e4rdensprachen: Gr\u00fcne Abgeordnete pr\u00e4sentieren Geb\u00e4rdennamen<\/span><\/a><\/p>\n","protected":false},"author":3,"featured_media":0,"comment_status":"closed","ping_status":"closed","sticky":false,"template":"","format":"standard","meta":{"footnotes":""},"categories":[3],"tags":[],"class_list":["post-9655","post","type-post","status-publish","format-standard","hentry","category-info"],"_links":{"self":[{"href":"https:\/\/bmin.info\/WP\/wp-json\/wp\/v2\/posts\/9655","targetHints":{"allow":["GET"]}}],"collection":[{"href":"https:\/\/bmin.info\/WP\/wp-json\/wp\/v2\/posts"}],"about":[{"href":"https:\/\/bmin.info\/WP\/wp-json\/wp\/v2\/types\/post"}],"author":[{"embeddable":true,"href":"https:\/\/bmin.info\/WP\/wp-json\/wp\/v2\/users\/3"}],"replies":[{"embeddable":true,"href":"https:\/\/bmin.info\/WP\/wp-json\/wp\/v2\/comments?post=9655"}],"version-history":[{"count":4,"href":"https:\/\/bmin.info\/WP\/wp-json\/wp\/v2\/posts\/9655\/revisions"}],"predecessor-version":[{"id":9661,"href":"https:\/\/bmin.info\/WP\/wp-json\/wp\/v2\/posts\/9655\/revisions\/9661"}],"wp:attachment":[{"href":"https:\/\/bmin.info\/WP\/wp-json\/wp\/v2\/media?parent=9655"}],"wp:term":[{"taxonomy":"category","embeddable":true,"href":"https:\/\/bmin.info\/WP\/wp-json\/wp\/v2\/categories?post=9655"},{"taxonomy":"post_tag","embeddable":true,"href":"https:\/\/bmin.info\/WP\/wp-json\/wp\/v2\/tags?post=9655"}],"curies":[{"name":"wp","href":"https:\/\/api.w.org\/{rel}","templated":true}]}}