{"id":9699,"date":"2021-10-07T11:32:39","date_gmt":"2021-10-07T10:32:39","guid":{"rendered":"https:\/\/bmin.info\/WP\/?p=9699"},"modified":"2021-10-07T17:46:33","modified_gmt":"2021-10-07T16:46:33","slug":"neues-von-den-wiener-linien-3","status":"publish","type":"post","link":"https:\/\/bmin.info\/WP\/2021\/10\/07\/neues-von-den-wiener-linien-3\/","title":{"rendered":"Neues von den Wiener Linien"},"content":{"rendered":"\n<p>Text: Pepo Meia, David Herrmann, Wiener Linien<br \/><strong><em>U6: Gr\u00f6\u00dfte U-Bahn-Stationserweiterung seit rund 20 Jahren erfolgreich abgeschlossen &#8211; U6: Neues taktiles Leitsystem in der Station Handelskai<\/em><\/strong><br \/>Barrierefreiheit ist bei den Wiener Linien ein zentrales Thema.<br \/>Mit Juni 2021 hat die <a href=\"https:\/\/de.wikipedia.org\/wiki\/U-Bahn-Station_Erlaaer_Stra%C3%9Fe\">U6-Station Erlaaer Stra\u00dfe<\/a> zwei <a href=\"https:\/\/www.wienerlinien.at\/web\/wiener-linien\/u6-station-erlaaer-stra%C3%9Fe-2-neue-zug%C3%A4nge-und-2-neue-aufz%C3%BCge\">zus\u00e4tzliche Zug\u00e4nge erhalten<\/a>. Seit September 2021 sind diese nun auch mit Aufz\u00fcgen ausgestattet.<\/p>\n\n\n\n<figure class=\"wp-block-image size-large\"><a href=\"https:\/\/bmin.info\/WP\/wp-content\/uploads\/2021\/10\/U6_ErlaaerStr.jpg\"><img loading=\"lazy\" decoding=\"async\" width=\"780\" height=\"520\" src=\"https:\/\/bmin.info\/WP\/wp-content\/uploads\/2021\/10\/U6_ErlaaerStr.jpg\" alt=\"\" class=\"wp-image-9717\" srcset=\"https:\/\/bmin.info\/WP\/wp-content\/uploads\/2021\/10\/U6_ErlaaerStr.jpg 780w, https:\/\/bmin.info\/WP\/wp-content\/uploads\/2021\/10\/U6_ErlaaerStr-300x200.jpg 300w, https:\/\/bmin.info\/WP\/wp-content\/uploads\/2021\/10\/U6_ErlaaerStr-768x512.jpg 768w, https:\/\/bmin.info\/WP\/wp-content\/uploads\/2021\/10\/U6_ErlaaerStr-144x96.jpg 144w\" sizes=\"auto, (max-width: 780px) 100vw, 780px\" \/><\/a><figcaption>Foto: Wiener Linien<\/figcaption><\/figure>\n\n\n\n<p>Bisher befanden sich die Stations-Zug\u00e4nge nur an einem Ende der Bahnsteige und waren von der Erlaaer Stra\u00dfe aus erreichbar. Die <a href=\"https:\/\/www.wienerlinien.at\/web\/wiener-linien\/zweiter-zugang-f%C3%BCr-u6-station-erlaaer-stra%C3%9Fe\">15 Monate dauernden Arbeiten<\/a> fanden im laufenden U6-Betrieb statt. Nun ist auch das andere Ende erschlossen und die Bahnsteige sind au\u00dferdem \u00fcberdacht worden (Gesamtl\u00e4nge: 103 Meter). Die Station ist jetzt auch vom Standort \u201eIn der Wiese\u201c aus zug\u00e4nglich. Alle Zug\u00e4nge sind barrierefrei.<\/p>\n\n\n\n<p><strong>Anm.<\/strong>: Der gro\u00dfe Vorteil f\u00fcr mobilit\u00e4tseingeschr\u00e4nkte Personen, Rollstuhl- und Kinderwagennutzer: Wenn ein Aufzug nicht funktioniert, kann der andere Aufzug benutzt werden und man muss nicht bei einer anderen Stadion aussteigen\u2026 Es gibt noch viel zu tun f\u00fcr die Wiener Linien, um die Benachteiligung dieser Bev\u00f6lkerungsgruppe einigerma\u00dfen auszugleichen\u2026<\/p>\n\n\n\n<p><strong>U6: Neues taktiles Leitsystem in der Station Handelskai<br \/><\/strong>In der U6-Station Handelskai wird deshalb das <a href=\"https:\/\/de.wikipedia.org\/wiki\/Bodenleitsystem\">taktile Leitsystem<\/a> am Bahnsteig in Fahrtrichtung Siebenhirten erneuert. Aufgrund der Arbeiten kann die U6 von Montag, 4. Oktober bis einschlie\u00dflich Donnerstag, 7. Oktober jeweils in der Zeit von 22:00 Uhr bis Betriebsschluss (ca. 0:30 Uhr) dort nicht halten. Die Fahrg\u00e4ste k\u00f6nnen dennoch jederzeit in den Stationen Handelskai und Dresdner Stra\u00dfe ein- und aussteigen. Die Z\u00fcge werden w\u00e4hrend der Bauarbeiten in beiden Stationen im Gleiswechsel gef\u00fchrt. Das hei\u00dft, jede U-Bahn \u2013 egal ob in Richtung Floridsdorf oder Siebenhirten \u2013 bleibt in dieser Zeit am Bahnsteig Richtung Floridsdorf stehen und wechselt in den Stationen Neue Donau bzw. J\u00e4gerstra\u00dfe wieder auf das andere Gleis.&nbsp;<br \/>Sowohl mittels Anzeigen an den Bahnsteigen als auch Durchsagen wird die jeweilige Fahrtrichtung der einfahrenden Garnitur zu sehen und zu h\u00f6ren sein.<\/p>\n","protected":false},"excerpt":{"rendered":"<p>Text: Pepo Meia, David Herrmann, Wiener LinienU6: Gr\u00f6\u00dfte U-Bahn-Stationserweiterung seit rund 20 Jahren erfolgreich abgeschlossen &#8211; U6: Neues taktiles Leitsystem in der Station HandelskaiBarrierefreiheit ist bei den Wiener Linien ein zentrales Thema.Mit Juni 2021 hat die U6-Station Erlaaer Stra\u00dfe zwei zus\u00e4tzliche Zug\u00e4nge erhalten. Seit September 2021 sind diese nun auch mit Aufz\u00fcgen ausgestattet. Bisher befanden&#8230; <a href=\"https:\/\/bmin.info\/WP\/2021\/10\/07\/neues-von-den-wiener-linien-3\/\" class=\"more-link\">Continue reading <span class=\"screen-reader-text\">Neues von den Wiener Linien<\/span><\/a><\/p>\n","protected":false},"author":3,"featured_media":0,"comment_status":"closed","ping_status":"closed","sticky":false,"template":"","format":"standard","meta":{"footnotes":""},"categories":[3],"tags":[],"class_list":["post-9699","post","type-post","status-publish","format-standard","hentry","category-info"],"_links":{"self":[{"href":"https:\/\/bmin.info\/WP\/wp-json\/wp\/v2\/posts\/9699","targetHints":{"allow":["GET"]}}],"collection":[{"href":"https:\/\/bmin.info\/WP\/wp-json\/wp\/v2\/posts"}],"about":[{"href":"https:\/\/bmin.info\/WP\/wp-json\/wp\/v2\/types\/post"}],"author":[{"embeddable":true,"href":"https:\/\/bmin.info\/WP\/wp-json\/wp\/v2\/users\/3"}],"replies":[{"embeddable":true,"href":"https:\/\/bmin.info\/WP\/wp-json\/wp\/v2\/comments?post=9699"}],"version-history":[{"count":5,"href":"https:\/\/bmin.info\/WP\/wp-json\/wp\/v2\/posts\/9699\/revisions"}],"predecessor-version":[{"id":9721,"href":"https:\/\/bmin.info\/WP\/wp-json\/wp\/v2\/posts\/9699\/revisions\/9721"}],"wp:attachment":[{"href":"https:\/\/bmin.info\/WP\/wp-json\/wp\/v2\/media?parent=9699"}],"wp:term":[{"taxonomy":"category","embeddable":true,"href":"https:\/\/bmin.info\/WP\/wp-json\/wp\/v2\/categories?post=9699"},{"taxonomy":"post_tag","embeddable":true,"href":"https:\/\/bmin.info\/WP\/wp-json\/wp\/v2\/tags?post=9699"}],"curies":[{"name":"wp","href":"https:\/\/api.w.org\/{rel}","templated":true}]}}