{"id":9723,"date":"2021-10-11T16:49:09","date_gmt":"2021-10-11T15:49:09","guid":{"rendered":"https:\/\/bmin.info\/WP\/?p=9723"},"modified":"2021-10-12T07:14:29","modified_gmt":"2021-10-12T06:14:29","slug":"unfassbar-diskriminierende-werbung-muss-sofort-weg","status":"publish","type":"post","link":"https:\/\/bmin.info\/WP\/2021\/10\/11\/unfassbar-diskriminierende-werbung-muss-sofort-weg\/","title":{"rendered":"Unfassbar diskriminierende Werbung muss sofort weg!"},"content":{"rendered":"\n<p>Text: BIZEPS<br \/>Die Gewista verbreitet Werbe-Sujets mit dem Aufdruck: \u201eMit einer Behinderung wirst du NICHT gebraucht.\u201c BIZEPS fordert sofortigen Stopp dieser Kampagne.<\/p>\n\n\n\n<p>Wien (OTS) &#8211; Seit mehreren Tagen h\u00e4ufen sich beim Behindertenberatungszentrum BIZEPS &#8211; Zentrum f\u00fcr Selbstbestimmtes Leben die R\u00fcckmeldungen von erbosten Menschen aus mehreren St\u00e4dten \u00fcber eine Kampagne eines anonymen Werbers. In zahlreichen Verkehrsstationen h\u00e4ngen gro\u00dfe Plakate mit dem Text \u201eMit einer Behinderung wirst du NICHT gebraucht.\u201c<\/p>\n\n\n\n<div class=\"wp-block-columns is-layout-flex wp-container-core-columns-is-layout-9d6595d7 wp-block-columns-is-layout-flex\"><\/div>\n\n\n\n<div class=\"wp-block-columns are-vertically-aligned-center is-layout-flex wp-container-core-columns-is-layout-9d6595d7 wp-block-columns-is-layout-flex\">\n<div class=\"wp-block-column is-vertically-aligned-center is-layout-flow wp-block-column-is-layout-flow\">\n<div class=\"wp-block-image\"><figure class=\"alignleft size-large\"><a href=\"https:\/\/bmin.info\/WP\/wp-content\/uploads\/2021\/10\/Werbung_No_go2.jpg\"><img loading=\"lazy\" decoding=\"async\" width=\"768\" height=\"1024\" src=\"https:\/\/bmin.info\/WP\/wp-content\/uploads\/2021\/10\/Werbung_No_go2-768x1024.jpg\" alt=\"\" class=\"wp-image-9730\" srcset=\"https:\/\/bmin.info\/WP\/wp-content\/uploads\/2021\/10\/Werbung_No_go2-768x1024.jpg 768w, https:\/\/bmin.info\/WP\/wp-content\/uploads\/2021\/10\/Werbung_No_go2-225x300.jpg 225w, https:\/\/bmin.info\/WP\/wp-content\/uploads\/2021\/10\/Werbung_No_go2-108x144.jpg 108w, https:\/\/bmin.info\/WP\/wp-content\/uploads\/2021\/10\/Werbung_No_go2.jpg 960w\" sizes=\"auto, (max-width: 768px) 100vw, 768px\" \/><\/a><\/figure><\/div>\n<\/div>\n\n\n\n<div class=\"wp-block-column is-vertically-aligned-center is-layout-flow wp-block-column-is-layout-flow\">\n<div class=\"wp-block-image\"><figure class=\"alignleft size-large\"><a href=\"https:\/\/bmin.info\/WP\/wp-content\/uploads\/2021\/10\/Werbung_No_go3.jpg\"><img loading=\"lazy\" decoding=\"async\" width=\"768\" height=\"1024\" src=\"https:\/\/bmin.info\/WP\/wp-content\/uploads\/2021\/10\/Werbung_No_go3-768x1024.jpg\" alt=\"\" class=\"wp-image-9749\" srcset=\"https:\/\/bmin.info\/WP\/wp-content\/uploads\/2021\/10\/Werbung_No_go3-768x1023.jpg 768w, https:\/\/bmin.info\/WP\/wp-content\/uploads\/2021\/10\/Werbung_No_go3-225x300.jpg 225w, https:\/\/bmin.info\/WP\/wp-content\/uploads\/2021\/10\/Werbung_No_go3-108x144.jpg 108w, https:\/\/bmin.info\/WP\/wp-content\/uploads\/2021\/10\/Werbung_No_go3.jpg 809w\" sizes=\"auto, (max-width: 768px) 100vw, 768px\" \/><\/a><\/figure><\/div>\n<\/div>\n\n\n\n<div class=\"wp-block-column is-vertically-aligned-center is-layout-flow wp-block-column-is-layout-flow\">\n<div class=\"wp-block-image\"><figure class=\"alignleft size-large\"><a href=\"https:\/\/bmin.info\/WP\/wp-content\/uploads\/2021\/10\/Werung-No_go.jpg\"><img loading=\"lazy\" decoding=\"async\" width=\"768\" height=\"1024\" src=\"https:\/\/bmin.info\/WP\/wp-content\/uploads\/2021\/10\/Werung-No_go-768x1024.jpg\" alt=\"\" class=\"wp-image-9731\" srcset=\"https:\/\/bmin.info\/WP\/wp-content\/uploads\/2021\/10\/Werung-No_go-768x1024.jpg 768w, https:\/\/bmin.info\/WP\/wp-content\/uploads\/2021\/10\/Werung-No_go-225x300.jpg 225w, https:\/\/bmin.info\/WP\/wp-content\/uploads\/2021\/10\/Werung-No_go-108x144.jpg 108w, https:\/\/bmin.info\/WP\/wp-content\/uploads\/2021\/10\/Werung-No_go.jpg 932w\" sizes=\"auto, (max-width: 768px) 100vw, 768px\" \/><\/a><\/figure><\/div>\n<\/div>\n<\/div>\n\n\n\n<p>\u201eHier wird mit einer kalkulierten widerlichen Provokation Aufmerksamkeit erregt\u201c, zeigt sich Martin Ladst\u00e4tter vom Beratungszentrum BIZEPS ver\u00e4rgert und erg\u00e4nzt: \u201eAngeblich sollen diese Werbeplakate noch bis 21. Oktober h\u00e4ngen und dann \u201aaufgel\u00f6st\u2018 werden.\u201c<\/p>\n\n\n\n<p>\u201eWie auch immer diese Kampagne am 21.10. aufgel\u00f6st wird &#8211; ich habe das Gef\u00fchl, der Schaden ist angerichtet. Das, was Menschen ohnehin schon denken, wird best\u00e4tigt und brennt sich durch t\u00e4glichen Sichtkontakt weiter ein. \u201cKeine Wendung kann so stark sein, um diese Aussagen zu neutralisieren. In einer Zeit, in der die Grenzen des Sag- und Denkbaren immer weiter verschoben werden, ist eine \u00fcber menschenverachtende Teaser funktionierende Werbekampagne, die nicht umgehend aufgel\u00f6st wird, keine gute Idee\u201d\u201c, h\u00e4lt beispielsweise die Wiener Autorin Marlies H\u00fcbner fest.<\/p>\n\n\n\n<p>BIZEPS und weitere Beschwerdef\u00fchrerInnen haben daher offizielle Beschwerden beim \u00d6sterreichischen Werberat eingebracht. Die Gewista konnte bisher nicht bewegt werden, die Verbreitung dieser Werbekampagne umgehend zu stoppen.<\/p>\n\n\n\n<p>Zus\u00e4tzlich l\u00e4sst BIZEPS gerade pr\u00fcfen, ob diese Kampagne und deren Verbreitung den Tatbestand der Verhetzung (\u00a7 283 Strafgesetzbuch) erf\u00fcllt.<\/p>\n\n\n\n<p>\u201eF\u00fcr die Vergabe der Gewista Werbefl\u00e4chen ist einzig und allein die Firma Gewista zust\u00e4ndig \u2013 die Wiener Linien haben auf die Auswahl der Kampagnen keinen Einfluss. Die aktuelle Plakatkampagne soll Aufmerksamkeit erlangen und schlussendlich zum Positiven aufgel\u00f6st werden. Auf Grund der aktuellen Situation bitten wir die Firma Gewista mit dem Werbepartner eine raschere Aufkl\u00e4rung herbeizuf\u00fchren\u201c, teilen die Wiener Linien gegen\u00fcber BIZEPS in einer ersten Reaktion mit.<\/p>\n\n\n\n<p><strong>Anm.<\/strong>: Wir k\u00f6nnen uns nicht vorstellen, dass diese Werbekampagne positiv bei der Bev\u00f6lkerung aufgenommen wird. Der oder die Verantwortlichen sollten rechtlich zur Verantwortung gezogen werden.<\/p>\n\n\n\n<p>Presseaussendung zum Thema:<br \/><a href=\"https:\/\/www.ots.at\/presseaussendung\/OTS_20211011_OTS0116\/diskriminierende-werbekampagne-sofort-stoppen\">Diskriminierende Werbekampagne sofort stoppen!<\/a> (\u00d6BR &#8211; 11.10.2021)<br \/><em>Die Verwendung von behindertenfeindlichen Klischees ist eine Diskriminierung<\/em><\/p>\n","protected":false},"excerpt":{"rendered":"<p>Text: BIZEPSDie Gewista verbreitet Werbe-Sujets mit dem Aufdruck: \u201eMit einer Behinderung wirst du NICHT gebraucht.\u201c BIZEPS fordert sofortigen Stopp dieser Kampagne. Wien (OTS) &#8211; Seit mehreren Tagen h\u00e4ufen sich beim Behindertenberatungszentrum BIZEPS &#8211; Zentrum f\u00fcr Selbstbestimmtes Leben die R\u00fcckmeldungen von erbosten Menschen aus mehreren St\u00e4dten \u00fcber eine Kampagne eines anonymen Werbers. In zahlreichen Verkehrsstationen h\u00e4ngen&#8230; <a href=\"https:\/\/bmin.info\/WP\/2021\/10\/11\/unfassbar-diskriminierende-werbung-muss-sofort-weg\/\" class=\"more-link\">Continue reading <span class=\"screen-reader-text\">Unfassbar diskriminierende Werbung muss sofort weg!<\/span><\/a><\/p>\n","protected":false},"author":3,"featured_media":0,"comment_status":"closed","ping_status":"closed","sticky":false,"template":"","format":"standard","meta":{"footnotes":""},"categories":[3],"tags":[],"class_list":["post-9723","post","type-post","status-publish","format-standard","hentry","category-info"],"_links":{"self":[{"href":"https:\/\/bmin.info\/WP\/wp-json\/wp\/v2\/posts\/9723","targetHints":{"allow":["GET"]}}],"collection":[{"href":"https:\/\/bmin.info\/WP\/wp-json\/wp\/v2\/posts"}],"about":[{"href":"https:\/\/bmin.info\/WP\/wp-json\/wp\/v2\/types\/post"}],"author":[{"embeddable":true,"href":"https:\/\/bmin.info\/WP\/wp-json\/wp\/v2\/users\/3"}],"replies":[{"embeddable":true,"href":"https:\/\/bmin.info\/WP\/wp-json\/wp\/v2\/comments?post=9723"}],"version-history":[{"count":6,"href":"https:\/\/bmin.info\/WP\/wp-json\/wp\/v2\/posts\/9723\/revisions"}],"predecessor-version":[{"id":9751,"href":"https:\/\/bmin.info\/WP\/wp-json\/wp\/v2\/posts\/9723\/revisions\/9751"}],"wp:attachment":[{"href":"https:\/\/bmin.info\/WP\/wp-json\/wp\/v2\/media?parent=9723"}],"wp:term":[{"taxonomy":"category","embeddable":true,"href":"https:\/\/bmin.info\/WP\/wp-json\/wp\/v2\/categories?post=9723"},{"taxonomy":"post_tag","embeddable":true,"href":"https:\/\/bmin.info\/WP\/wp-json\/wp\/v2\/tags?post=9723"}],"curies":[{"name":"wp","href":"https:\/\/api.w.org\/{rel}","templated":true}]}}