{"id":9729,"date":"2021-10-12T06:59:30","date_gmt":"2021-10-12T05:59:30","guid":{"rendered":"https:\/\/bmin.info\/WP\/?p=9729"},"modified":"2021-10-18T17:36:08","modified_gmt":"2021-10-18T16:36:08","slug":"kuriertag-2021","status":"publish","type":"post","link":"https:\/\/bmin.info\/WP\/2021\/10\/12\/kuriertag-2021\/","title":{"rendered":"Kuriertag 2021"},"content":{"rendered":"\n<p>Text: Pepo Meia, Niels Cimpa, Daniel Ray<br \/>Trotz Covid 19, fand wieder am 8. Oktober 2021 ein \u201eabgespeckter\u201c Kuriertag in Wien D\u00f6bling statt. Bundeskanzler Sebastian Kurz, aber auch Bundesminister Wolfgang M\u00fcckstein haben wegen der Regierungskrise kurzfristig abgesagt.<\/p>\n\n\n\n<p>Pepo Meia war wieder vor Ort, sammelte Eindr\u00fccke und machte Interviews f\u00fcr Radio Orange.&nbsp;<\/p>\n\n\n\n<figure class=\"wp-block-image size-large\"><a href=\"https:\/\/bmin.info\/WP\/wp-content\/uploads\/2021\/10\/Kuriert_21.jpg\"><img loading=\"lazy\" decoding=\"async\" width=\"1024\" height=\"576\" src=\"https:\/\/bmin.info\/WP\/wp-content\/uploads\/2021\/10\/Kuriert_21-1024x576.jpg\" alt=\"\" class=\"wp-image-9739\" srcset=\"https:\/\/bmin.info\/WP\/wp-content\/uploads\/2021\/10\/Kuriert_21-1024x576.jpg 1024w, https:\/\/bmin.info\/WP\/wp-content\/uploads\/2021\/10\/Kuriert_21-300x169.jpg 300w, https:\/\/bmin.info\/WP\/wp-content\/uploads\/2021\/10\/Kuriert_21-768x432.jpg 768w, https:\/\/bmin.info\/WP\/wp-content\/uploads\/2021\/10\/Kuriert_21-144x81.jpg 144w, https:\/\/bmin.info\/WP\/wp-content\/uploads\/2021\/10\/Kuriert_21.jpg 1280w\" sizes=\"auto, (max-width: 1024px) 100vw, 1024px\" \/><\/a><\/figure>\n\n\n\n<p><strong>Kuriertag 2021: Michael Ludwig am Podium mit Chefredakteurin Martina Salomon<\/strong><br \/>Wiens B\u00fcrgermeister Michael Ludwig nimmt zur aktuellen Regierungskrise Stellung und beantwortet interessante Publikumsfragen.&nbsp;<\/p>\n\n\n\n<div class=\"wp-block-image\"><figure class=\"alignright size-large is-resized\"><a href=\"https:\/\/bmin.info\/WP\/wp-content\/uploads\/2021\/10\/Kuriert_21_Ludw2.jpg\"><img loading=\"lazy\" decoding=\"async\" src=\"https:\/\/bmin.info\/WP\/wp-content\/uploads\/2021\/10\/Kuriert_21_Ludw2.jpg\" alt=\"\" class=\"wp-image-9741\" width=\"177\" height=\"236\" srcset=\"https:\/\/bmin.info\/WP\/wp-content\/uploads\/2021\/10\/Kuriert_21_Ludw2.jpg 707w, https:\/\/bmin.info\/WP\/wp-content\/uploads\/2021\/10\/Kuriert_21_Ludw2-225x300.jpg 225w, https:\/\/bmin.info\/WP\/wp-content\/uploads\/2021\/10\/Kuriert_21_Ludw2-108x144.jpg 108w\" sizes=\"auto, (max-width: 177px) 100vw, 177px\" \/><\/a><\/figure><\/div>\n\n\n\n<p><strong>Kuriertag 2021: Michael Ludwig im Interview<\/strong><a href=\"https:\/\/bmin.info\/WP\/wp-content\/uploads\/2021\/10\/Kuriert_21_Ludw2.jpg\"><br \/><\/a>Michael Ludwig spricht mit Pepo Meia \u00fcber Barrierefreiheit. Ludwig sinngem\u00e4\u00df: \u201e<em>Barrierefreiheit ist nicht nur eine technische, sondern auch eine gesellschaftspolitische Frage. Bei der Planung m\u00fcssen unterschiedliche Bed\u00fcrfnisse mitgedacht werden und wir wollen weiter Verbesserungen vornehmen. Wir haben nach wie vor gro\u00dfe gemeinsame Herausforderungen.<\/em>\u201c&nbsp;Ludwig ist auch der Meinung, dass generell mehr WC-Anlagen im \u00d6ffentlichen Raum ben\u00f6tigt werden, falls man l\u00e4ngere Zeit an einem Ort aufh\u00e4ltig ist, damit man auch dort seine Notdurft verrichten kann.<br \/>Das <a href=\"https:\/\/cba.fro.at\/521727\">komplette Interview<\/a> kann man auf der CBA nachh\u00f6ren.<\/p>\n\n\n\n<div class=\"wp-block-image\"><figure class=\"alignright size-large is-resized\"><a href=\"https:\/\/bmin.info\/WP\/wp-content\/uploads\/2021\/10\/Kuriert_21_Resch.jpg\"><img loading=\"lazy\" decoding=\"async\" src=\"https:\/\/bmin.info\/WP\/wp-content\/uploads\/2021\/10\/Kuriert_21_Resch.jpg\" alt=\"\" class=\"wp-image-9746\" width=\"145\" height=\"193\" srcset=\"https:\/\/bmin.info\/WP\/wp-content\/uploads\/2021\/10\/Kuriert_21_Resch.jpg 578w, https:\/\/bmin.info\/WP\/wp-content\/uploads\/2021\/10\/Kuriert_21_Resch-225x300.jpg 225w, https:\/\/bmin.info\/WP\/wp-content\/uploads\/2021\/10\/Kuriert_21_Resch-108x144.jpg 108w\" sizes=\"auto, (max-width: 145px) 100vw, 145px\" \/><\/a><\/figure><\/div>\n\n\n\n<p><strong>Kuriertag 2021: Bezirksvorsteher Daniel Resch im Interview<\/strong><br \/>Der D\u00f6blinger Bezirksvorsteher steht dem geplanten Bauvorhaben bei der Schule und beim NAC-Sportplatz in der Grinzinger Stra\u00dfe sehr kritisch gegen\u00fcber. Der neue Behindertenbeauftragte von D\u00f6bling, Gregor Lautner, ist sehr engagiert und Ansprechpartner f\u00fcr Anliegen betreffend barrierefreie Ma\u00dfnahmen im Bezirk.<br \/>Das <a href=\"https:\/\/cba.fro.at\/521734\">komplette Interview<\/a> kann man auf der CBA nachh\u00f6ren.<\/p>\n\n\n\n<p><strong>Kuriertag 2021: Meinungsforscher Wolfgang Bachmayer im Interview<\/strong><br \/>Der bekannte Meinungsforscher analysiert die aktuelle Regierungskrise. Bachmayer, der selbst seit langer Zeit mit einer Behinderung lebt, warnt vor politischen Ambitionen im Wohnbau, um diesen billiger zu machen. Diese w\u00fcrden Verschlechterungen bez\u00fcglich Barrierefreiheit im Wohnbau zur Folge haben.<br \/>Das <a href=\"https:\/\/cba.fro.at\/521752\">komplette Interview<\/a> kann man auf der CBA nachh\u00f6ren.<\/p>\n\n\n\n<p><strong>Anm.<\/strong>: Bundeskanzler Sebastian Kurz ist inzwischen zur\u00fcckgetreten und Au\u00dfenminister Alexander Schallenberg wurde von Bundespr\u00e4sident Alexander Van der Bellen als neuer Bundeskanzler angelobt.<\/p>\n\n\n\n<p>Die <a href=\"https:\/\/cba.fro.at\/521759\">komplette Sendung<\/a> kann man auf der CBA nachh\u00f6ren.<\/p>\n\n\n\n<p>F\u00fcr Kurierfans: Der komplette Kuriertag ist auf <a href=\"https:\/\/www.youtube.com\/watch?v=-HTHbA74Pvo\">YouTube<\/a> gratis abrufbar (Start bei Minute 52)<br \/><br \/>Artikel zum Thema:<br \/><a href=\"https:\/\/bmin.info\/WP\/2019\/09\/19\/kuriertag-2019-journalismus-live\/\">Kuriertag 2019: \u201eJournalismus live\u201c<\/a><br \/>Der <a href=\"https:\/\/kurier.at\/kultur\/kuriertag-2019-der-kurier-laedt-zum-gespraech\/400603427\">achte Kuriertag<\/a> fand am 12. September 2019 in Wien-D\u00f6bling statt und stand im Zeichen des 65-j\u00e4hrigen Bestehens der Tageszeitung sowie der bevorstehenden Nationalratswahl. Pers\u00f6nlichkeiten aus Politik, Sport und Kultur waren wieder gekommen \u2013 und am Podium fanden interessante aber auch witzige Mediengespr\u00e4che statt.<\/p>\n\n\n\n<p><a href=\"http:\/\/bmin.info\/WP\/2018\/10\/05\/kurier-tag-2018-podium-und-interviews\/\">Kurier-Tag 2018: Podium und Interviews<\/a><br \/><em>Michael Ludwig, Michael H\u00e4upl, Erwin Pr\u00f6ll, Othmar Karras, Christoph Chorherr, Christian K\u00fchn, Klaus Eckel, Christian Kolonovits, Gernot Kulis, Robert Reumann<\/em><br \/>Am 28. Sept. 2018, fand wieder in Wien-D\u00f6bling zum 7ten mal der <a href=\"https:\/\/kurier.at\/chronik\/wien\/kuriertag-2018\/400078919\">Kurier-Tag<\/a> statt. Dieses Jahr wurde die Zug\u00e4nglichkeit f\u00fcr Rollstuhlnutzer optimal gel\u00f6st.<\/p>\n\n\n\n<p><a href=\"http:\/\/bmin.info\/WP\/2017\/10\/04\/kurier-tag-resetarits-pilz-griess-mahrer-hammerschmied-und-doskozil-im-interview\/\">Kurier-Tag: Resetarits, Pilz, Griess, Mahrer, Hammerschmied und Doskozil im Interview<\/a><br \/>Am 28. Sept. 2017, fand in Wien-D\u00f6bling zum 6ten mal der <a href=\"https:\/\/kurier.at\/chronik\/wien\/kurier-tag-der-offenen-tuer-2017\/288.679.754\">Kurier-Tag<\/a> statt. Leider war die Zug\u00e4nglichkeit f\u00fcr Rollstuhlnutzer diesmal eingeschr\u00e4nkt, da eine zu schmale <a href=\"https:\/\/de.wikipedia.org\/wiki\/Rollstuhlrampe#Einbau-_und_Klapprampen\">Rollstuhlrampe<\/a> die Zug\u00e4nglichkeit zum Veranstaltungszelt erschwerte.<\/p>\n\n\n\n<p><br \/><br \/><\/p>\n","protected":false},"excerpt":{"rendered":"<p>Text: Pepo Meia, Niels Cimpa, Daniel RayTrotz Covid 19, fand wieder am 8. Oktober 2021 ein \u201eabgespeckter\u201c Kuriertag in Wien D\u00f6bling statt. Bundeskanzler Sebastian Kurz, aber auch Bundesminister Wolfgang M\u00fcckstein haben wegen der Regierungskrise kurzfristig abgesagt. Pepo Meia war wieder vor Ort, sammelte Eindr\u00fccke und machte Interviews f\u00fcr Radio Orange.&nbsp; Kuriertag 2021: Michael Ludwig am&#8230; <a href=\"https:\/\/bmin.info\/WP\/2021\/10\/12\/kuriertag-2021\/\" class=\"more-link\">Continue reading <span class=\"screen-reader-text\">Kuriertag 2021<\/span><\/a><\/p>\n","protected":false},"author":3,"featured_media":0,"comment_status":"closed","ping_status":"closed","sticky":false,"template":"","format":"standard","meta":{"footnotes":""},"categories":[3],"tags":[],"class_list":["post-9729","post","type-post","status-publish","format-standard","hentry","category-info"],"_links":{"self":[{"href":"https:\/\/bmin.info\/WP\/wp-json\/wp\/v2\/posts\/9729","targetHints":{"allow":["GET"]}}],"collection":[{"href":"https:\/\/bmin.info\/WP\/wp-json\/wp\/v2\/posts"}],"about":[{"href":"https:\/\/bmin.info\/WP\/wp-json\/wp\/v2\/types\/post"}],"author":[{"embeddable":true,"href":"https:\/\/bmin.info\/WP\/wp-json\/wp\/v2\/users\/3"}],"replies":[{"embeddable":true,"href":"https:\/\/bmin.info\/WP\/wp-json\/wp\/v2\/comments?post=9729"}],"version-history":[{"count":10,"href":"https:\/\/bmin.info\/WP\/wp-json\/wp\/v2\/posts\/9729\/revisions"}],"predecessor-version":[{"id":9797,"href":"https:\/\/bmin.info\/WP\/wp-json\/wp\/v2\/posts\/9729\/revisions\/9797"}],"wp:attachment":[{"href":"https:\/\/bmin.info\/WP\/wp-json\/wp\/v2\/media?parent=9729"}],"wp:term":[{"taxonomy":"category","embeddable":true,"href":"https:\/\/bmin.info\/WP\/wp-json\/wp\/v2\/categories?post=9729"},{"taxonomy":"post_tag","embeddable":true,"href":"https:\/\/bmin.info\/WP\/wp-json\/wp\/v2\/tags?post=9729"}],"curies":[{"name":"wp","href":"https:\/\/api.w.org\/{rel}","templated":true}]}}