{"id":9735,"date":"2021-10-15T08:05:29","date_gmt":"2021-10-15T07:05:29","guid":{"rendered":"https:\/\/bmin.info\/WP\/?p=9735"},"modified":"2021-10-16T15:51:35","modified_gmt":"2021-10-16T14:51:35","slug":"billa-gewista-widerliche-werbekampagne-wurde-gestoppt","status":"publish","type":"post","link":"https:\/\/bmin.info\/WP\/2021\/10\/15\/billa-gewista-widerliche-werbekampagne-wurde-gestoppt\/","title":{"rendered":"BILLA \/ GEWISTA: Widerliche Werbekampagne wurde gestoppt"},"content":{"rendered":"\n<p>Text: Pepo Meia, Niels Cimpa &#8211; ein Kommentar<br \/>Wie <a href=\"https:\/\/bmin.info\/WP\/2021\/10\/11\/unfassbar-diskriminierende-werbung-muss-sofort-weg\/\">BMIN.info<\/a> berichtet, hat <a href=\"https:\/\/www.bizeps.or.at\/unfassbar-diskriminierende-werbung-muss-sofort-weg\/\">BIZEPS<\/a> mit einer Presseaussendung vom 11. Oktober 2021 \u201eUnfassbar diskriminierende Werbung muss sofort weg!\u201c eine Lawine ins Rollen gebracht und hatte damit Erfolg. Auch Bundesminister <a href=\"https:\/\/de.wikipedia.org\/wiki\/Wolfgang_M\u00fcckstein\">Wolfgang M\u00fcckstein<\/a> forderte den sofortigen Stop dieser widerlichen und gedankenlosen Werbekampagne.<\/p>\n\n\n\n<figure class=\"wp-block-image size-large\"><a href=\"https:\/\/bmin.info\/WP\/wp-content\/uploads\/2021\/10\/widerliche-billa-kampagne4.jpg\"><img loading=\"lazy\" decoding=\"async\" width=\"1024\" height=\"576\" src=\"https:\/\/bmin.info\/WP\/wp-content\/uploads\/2021\/10\/widerliche-billa-kampagne4-1024x576.jpg\" alt=\"\" class=\"wp-image-9759\" srcset=\"https:\/\/bmin.info\/WP\/wp-content\/uploads\/2021\/10\/widerliche-billa-kampagne4-1024x576.jpg 1024w, https:\/\/bmin.info\/WP\/wp-content\/uploads\/2021\/10\/widerliche-billa-kampagne4-300x169.jpg 300w, https:\/\/bmin.info\/WP\/wp-content\/uploads\/2021\/10\/widerliche-billa-kampagne4-768x432.jpg 768w, https:\/\/bmin.info\/WP\/wp-content\/uploads\/2021\/10\/widerliche-billa-kampagne4-144x81.jpg 144w, https:\/\/bmin.info\/WP\/wp-content\/uploads\/2021\/10\/widerliche-billa-kampagne4.jpg 1280w\" sizes=\"auto, (max-width: 1024px) 100vw, 1024px\" \/><\/a><\/figure>\n\n\n\n<p>Der <a href=\"https:\/\/www.ots.at\/presseaussendung\/OTS_20211011_OTS0116\/diskriminierende-werbekampagne-sofort-stoppen\">\u00d6BR<\/a>, <a href=\"https:\/\/www.ots.at\/presseaussendung\/OTS_20211012_OTS0135\/diskriminierende-werbekampagne-verstoss-gegen-menschenrechte\">Monitoringsausschuss<\/a>, viele Medien, u.a. <a href=\"https:\/\/tvthek.orf.at\/profile\/Wien-heute\/70018\/Wien-heute\/14108935\">wien heute<\/a> (ORF &#8211; Beginn ca. 11 Min), <a href=\"https:\/\/wien.orf.at\/stories\/3125567\/\">orf.at<\/a>, <a href=\"https:\/\/www.krone.at\/2529918\">Krone<\/a>, <a href=\"https:\/\/kurier.at\/chronik\/wien\/twitter-eklat-gelbe-plakate-diskriminieren-menschen-mit-behinderung\/401767572\">Kurier<\/a>, <a href=\"https:\/\/www.derstandard.at\/consent\/tcf\/story\/2000130404274\/nicht-gebraucht-billa-ist-urheber-von-umstrittener-kampagne?ref=rss\" data-type=\"URL\" data-id=\"https:\/\/www.derstandard.at\/consent\/tcf\/story\/2000130404274\/nicht-gebraucht-billa-ist-urheber-von-umstrittener-kampagne?ref=rss\">DerStandard<\/a>, <a href=\"https:\/\/www.nachrichten.at\/panorama\/chronik\/nicht-gebraucht-billa-urheber-von-umstrittener-kampagne;art58,3474184\">O\u00d6-Nachrichten<\/a>, <a href=\"https:\/\/www.sn.at\/panorama\/oesterreich\/billa-urheber-von-umstrittener-nicht-gebraucht-kampagne-110822443\">Salzburger Nachrichten<\/a>, <a href=\"https:\/\/www.kleinezeitung.at\/service\/topeasy\/lebenshilfe\/6046687\/Leichte-Sprache_Aufregung-um-WerbeAktion-von-Billa\">Kleine Zeitung<\/a> u.v.a., aber auch Behindertensprecher von <a href=\"https:\/\/www.ots.at\/presseaussendung\/OTS_20211012_OTS0119\/spoe-nussbaum-werbung-mit-behindertenfeindlichen-aussagen-ist-verletzend-und-widerlich\">SP\u00d6<\/a> und <a href=\"https:\/\/www.ots.at\/presseaussendung\/OTS_20211012_OTS0153\/fpoe-hofer-menschen-mit-behinderung-sind-nicht-unbrauchbar\">FP\u00d6<\/a> schlossen sich der Kritik an und forderten den sofortigen Stopp der Werbekampangne.<\/p>\n\n\n\n<figure class=\"wp-block-gallery columns-3 is-cropped wp-block-gallery-1 is-layout-flex wp-block-gallery-is-layout-flex\"><ul class=\"blocks-gallery-grid\"><li class=\"blocks-gallery-item\"><figure><a href=\"https:\/\/bmin.info\/WP\/wp-content\/uploads\/2021\/10\/Werbung_No_go2.jpg\"><img loading=\"lazy\" decoding=\"async\" width=\"768\" height=\"1024\" src=\"https:\/\/bmin.info\/WP\/wp-content\/uploads\/2021\/10\/Werbung_No_go2-768x1024.jpg\" alt=\"\" data-id=\"9730\" data-full-url=\"https:\/\/bmin.info\/WP\/wp-content\/uploads\/2021\/10\/Werbung_No_go2.jpg\" data-link=\"https:\/\/bmin.info\/WP\/2021\/10\/11\/unfassbar-diskriminierende-werbung-muss-sofort-weg\/werbung_no_go2\/\" class=\"wp-image-9730\" srcset=\"https:\/\/bmin.info\/WP\/wp-content\/uploads\/2021\/10\/Werbung_No_go2-768x1024.jpg 768w, https:\/\/bmin.info\/WP\/wp-content\/uploads\/2021\/10\/Werbung_No_go2-225x300.jpg 225w, https:\/\/bmin.info\/WP\/wp-content\/uploads\/2021\/10\/Werbung_No_go2-108x144.jpg 108w, https:\/\/bmin.info\/WP\/wp-content\/uploads\/2021\/10\/Werbung_No_go2.jpg 960w\" sizes=\"auto, (max-width: 768px) 100vw, 768px\" \/><\/a><\/figure><\/li><li class=\"blocks-gallery-item\"><figure><a href=\"https:\/\/bmin.info\/WP\/wp-content\/uploads\/2021\/10\/Werbung_No_go3.jpg\"><img loading=\"lazy\" decoding=\"async\" width=\"768\" height=\"1024\" src=\"https:\/\/bmin.info\/WP\/wp-content\/uploads\/2021\/10\/Werbung_No_go3-768x1024.jpg\" alt=\"\" data-id=\"9749\" data-full-url=\"https:\/\/bmin.info\/WP\/wp-content\/uploads\/2021\/10\/Werbung_No_go3.jpg\" data-link=\"https:\/\/bmin.info\/WP\/2021\/10\/11\/unfassbar-diskriminierende-werbung-muss-sofort-weg\/werbung_no_go3\/\" class=\"wp-image-9749\" srcset=\"https:\/\/bmin.info\/WP\/wp-content\/uploads\/2021\/10\/Werbung_No_go3-768x1023.jpg 768w, https:\/\/bmin.info\/WP\/wp-content\/uploads\/2021\/10\/Werbung_No_go3-225x300.jpg 225w, https:\/\/bmin.info\/WP\/wp-content\/uploads\/2021\/10\/Werbung_No_go3-108x144.jpg 108w, https:\/\/bmin.info\/WP\/wp-content\/uploads\/2021\/10\/Werbung_No_go3.jpg 809w\" sizes=\"auto, (max-width: 768px) 100vw, 768px\" \/><\/a><\/figure><\/li><li class=\"blocks-gallery-item\"><figure><a href=\"https:\/\/bmin.info\/WP\/wp-content\/uploads\/2021\/10\/Werung-No_go.jpg\"><img loading=\"lazy\" decoding=\"async\" width=\"768\" height=\"1024\" src=\"https:\/\/bmin.info\/WP\/wp-content\/uploads\/2021\/10\/Werung-No_go-768x1024.jpg\" alt=\"\" data-id=\"9731\" data-full-url=\"https:\/\/bmin.info\/WP\/wp-content\/uploads\/2021\/10\/Werung-No_go.jpg\" data-link=\"https:\/\/bmin.info\/WP\/2021\/10\/11\/unfassbar-diskriminierende-werbung-muss-sofort-weg\/werung-no_go\/\" class=\"wp-image-9731\" srcset=\"https:\/\/bmin.info\/WP\/wp-content\/uploads\/2021\/10\/Werung-No_go-768x1024.jpg 768w, https:\/\/bmin.info\/WP\/wp-content\/uploads\/2021\/10\/Werung-No_go-225x300.jpg 225w, https:\/\/bmin.info\/WP\/wp-content\/uploads\/2021\/10\/Werung-No_go-108x144.jpg 108w, https:\/\/bmin.info\/WP\/wp-content\/uploads\/2021\/10\/Werung-No_go.jpg 932w\" sizes=\"auto, (max-width: 768px) 100vw, 768px\" \/><\/a><\/figure><\/li><\/ul><\/figure>\n\n\n\n<p>\u201eEin Schuss ins eigene Knie\u201c von den \u201eWerbe-Masterminds\u201c von REWE und BILLA. Das Unternehmen hatte sich nach der gro\u00dfen Aufregung der vergangenen Tage am Dienstag via Twitter als Urheber geoutet. \u201e<em>Wir m\u00f6chten uns ausdr\u00fccklich bei allen entschuldigen, die diese Kampagne als diffamierend wahrgenommen haben<\/em>\u201c, hei\u00dft es darin. Das sei jedoch keine Entschuldigung, hob der Bizeps-Vertreter hervor: \u201e<em>Leider haben es die Verantwortlichen bei Billa bisher noch immer nicht verstanden\u201c<\/em>. Ihre diskriminierende Kampagne auf Kosten verschiedener Gruppen von Menschen \u2013 darunter auch Menschen mit Behinderungen \u2013 musste aufgrund der heftigen medialen Reaktionen sofort gestoppt werden. So sprach etwa \u201eBizeps\u201c von einer \u201e<em>kalkuliert widerlichen Provokation<\/em>\u201c. Bizeps-Vertreter Ladst\u00e4tter warnte: \u201e<em>Das, was Menschen ohnehin schon denken, wird best\u00e4tigt und brennt sich durch t\u00e4glichen Sichtkontakt weiter ein. Keine Wendung kann so stark sein, um diese Aussagen zu neutralisieren<\/em>.\u201c<\/p>\n\n\n\n<p>Man erwarte von der Gesch\u00e4ftsf\u00fchrung des Unternehmens eine \u201eordentliche, \u00f6ffentlich wahrnehmbare Entschuldigung\u201c und das Eingest\u00e4ndnis, dass hier schwere Fehler gemacht worden seien: \u201e<em>F\u00fcr einen Werbegag und eine Imagekampagne die Menschenw\u00fcrde verschiedener Gruppen zu attackieren, sollte f\u00fcr ein verantwortungsvoll handelndes Unternehmen ein No-Go sein.<\/em>\u201c<\/p>\n\n\n\n<p>Die Aufl\u00f6sung, die urspr\u00fcnglich f\u00fcr 21. Oktober 2021 geplant war, wurde nun sofort plakatiert, wie auf den Fotos ersichtlich.<\/p>\n\n\n\n<figure class=\"wp-block-gallery columns-3 is-cropped wp-block-gallery-2 is-layout-flex wp-block-gallery-is-layout-flex\"><ul class=\"blocks-gallery-grid\"><li class=\"blocks-gallery-item\"><figure><a href=\"https:\/\/bmin.info\/WP\/wp-content\/uploads\/2021\/10\/widerliche-billa-kampagne1.jpg\"><img loading=\"lazy\" decoding=\"async\" width=\"326\" height=\"434\" src=\"https:\/\/bmin.info\/WP\/wp-content\/uploads\/2021\/10\/widerliche-billa-kampagne1.jpg\" alt=\"\" data-id=\"9755\" data-link=\"https:\/\/bmin.info\/WP\/?attachment_id=9755\" class=\"wp-image-9755\" srcset=\"https:\/\/bmin.info\/WP\/wp-content\/uploads\/2021\/10\/widerliche-billa-kampagne1.jpg 326w, https:\/\/bmin.info\/WP\/wp-content\/uploads\/2021\/10\/widerliche-billa-kampagne1-225x300.jpg 225w, https:\/\/bmin.info\/WP\/wp-content\/uploads\/2021\/10\/widerliche-billa-kampagne1-108x144.jpg 108w\" sizes=\"auto, (max-width: 326px) 100vw, 326px\" \/><\/a><\/figure><\/li><li class=\"blocks-gallery-item\"><figure><a href=\"https:\/\/bmin.info\/WP\/wp-content\/uploads\/2021\/10\/widerliche-billa-kampagne2.jpg\"><img loading=\"lazy\" decoding=\"async\" width=\"732\" height=\"977\" src=\"https:\/\/bmin.info\/WP\/wp-content\/uploads\/2021\/10\/widerliche-billa-kampagne2.jpg\" alt=\"\" data-id=\"9756\" data-link=\"https:\/\/bmin.info\/WP\/?attachment_id=9756\" class=\"wp-image-9756\" srcset=\"https:\/\/bmin.info\/WP\/wp-content\/uploads\/2021\/10\/widerliche-billa-kampagne2.jpg 732w, https:\/\/bmin.info\/WP\/wp-content\/uploads\/2021\/10\/widerliche-billa-kampagne2-225x300.jpg 225w, https:\/\/bmin.info\/WP\/wp-content\/uploads\/2021\/10\/widerliche-billa-kampagne2-108x144.jpg 108w\" sizes=\"auto, (max-width: 732px) 100vw, 732px\" \/><\/a><\/figure><\/li><li class=\"blocks-gallery-item\"><figure><a href=\"https:\/\/bmin.info\/WP\/wp-content\/uploads\/2021\/10\/widerliche-billa-kampagne3.jpg\"><img loading=\"lazy\" decoding=\"async\" width=\"330\" height=\"440\" src=\"https:\/\/bmin.info\/WP\/wp-content\/uploads\/2021\/10\/widerliche-billa-kampagne3.jpg\" alt=\"\" data-id=\"9754\" data-full-url=\"https:\/\/bmin.info\/WP\/wp-content\/uploads\/2021\/10\/widerliche-billa-kampagne3.jpg\" data-link=\"https:\/\/bmin.info\/WP\/?attachment_id=9754\" class=\"wp-image-9754\" srcset=\"https:\/\/bmin.info\/WP\/wp-content\/uploads\/2021\/10\/widerliche-billa-kampagne3.jpg 330w, https:\/\/bmin.info\/WP\/wp-content\/uploads\/2021\/10\/widerliche-billa-kampagne3-225x300.jpg 225w, https:\/\/bmin.info\/WP\/wp-content\/uploads\/2021\/10\/widerliche-billa-kampagne3-108x144.jpg 108w\" sizes=\"auto, (max-width: 330px) 100vw, 330px\" \/><\/a><\/figure><\/li><\/ul><\/figure>\n\n\n\n<p>BIZEPS und weitere Beschwerdef\u00fchrerInnen haben offizielle Beschwerden beim \u00d6sterreichischen Werberat eingebracht. Die GEWISTA konnte nicht bewegt werden, die Verbreitung dieser Werbekampagne umgehend zu stoppen. BIZEPS l\u00e4sst daher auch pr\u00fcfen, ob diese Kampagne und deren Verbreitung den Tatbestand der Verhetzung (\u00a7 283 Strafgesetzbuch) erf\u00fcllt. Weiters wird noch gepr\u00fcft, ob ein Versto\u00df gegen die Impressumspflicht laut Mediengesetz vorliegt.<\/p>\n\n\n\n<p><strong>Anm.<\/strong>: Die sofortige Reaktion vom REWE-Konzern und der GEWISTA hat vermutlich schlimmeres verhindert. Denn f\u00fcr Hardcore-Aktivisten w\u00e4re es leicht gewesen, mit einer gro\u00df angelegten Sprayer-Aktion einen Millionen-Schaden bei den Hinterglas-Schauk\u00e4sten der GEWISTA zu verursachen.<\/p>\n","protected":false},"excerpt":{"rendered":"<p>Text: Pepo Meia, Niels Cimpa &#8211; ein KommentarWie BMIN.info berichtet, hat BIZEPS mit einer Presseaussendung vom 11. Oktober 2021 \u201eUnfassbar diskriminierende Werbung muss sofort weg!\u201c eine Lawine ins Rollen gebracht und hatte damit Erfolg. Auch Bundesminister Wolfgang M\u00fcckstein forderte den sofortigen Stop dieser widerlichen und gedankenlosen Werbekampagne. Der \u00d6BR, Monitoringsausschuss, viele Medien, u.a. wien heute&#8230; <a href=\"https:\/\/bmin.info\/WP\/2021\/10\/15\/billa-gewista-widerliche-werbekampagne-wurde-gestoppt\/\" class=\"more-link\">Continue reading <span class=\"screen-reader-text\">BILLA \/ GEWISTA: Widerliche Werbekampagne wurde gestoppt<\/span><\/a><\/p>\n","protected":false},"author":3,"featured_media":0,"comment_status":"closed","ping_status":"closed","sticky":false,"template":"","format":"standard","meta":{"footnotes":""},"categories":[3],"tags":[],"class_list":["post-9735","post","type-post","status-publish","format-standard","hentry","category-info"],"_links":{"self":[{"href":"https:\/\/bmin.info\/WP\/wp-json\/wp\/v2\/posts\/9735","targetHints":{"allow":["GET"]}}],"collection":[{"href":"https:\/\/bmin.info\/WP\/wp-json\/wp\/v2\/posts"}],"about":[{"href":"https:\/\/bmin.info\/WP\/wp-json\/wp\/v2\/types\/post"}],"author":[{"embeddable":true,"href":"https:\/\/bmin.info\/WP\/wp-json\/wp\/v2\/users\/3"}],"replies":[{"embeddable":true,"href":"https:\/\/bmin.info\/WP\/wp-json\/wp\/v2\/comments?post=9735"}],"version-history":[{"count":12,"href":"https:\/\/bmin.info\/WP\/wp-json\/wp\/v2\/posts\/9735\/revisions"}],"predecessor-version":[{"id":9791,"href":"https:\/\/bmin.info\/WP\/wp-json\/wp\/v2\/posts\/9735\/revisions\/9791"}],"wp:attachment":[{"href":"https:\/\/bmin.info\/WP\/wp-json\/wp\/v2\/media?parent=9735"}],"wp:term":[{"taxonomy":"category","embeddable":true,"href":"https:\/\/bmin.info\/WP\/wp-json\/wp\/v2\/categories?post=9735"},{"taxonomy":"post_tag","embeddable":true,"href":"https:\/\/bmin.info\/WP\/wp-json\/wp\/v2\/tags?post=9735"}],"curies":[{"name":"wp","href":"https:\/\/api.w.org\/{rel}","templated":true}]}}