{"id":9800,"date":"2021-10-16T08:57:00","date_gmt":"2021-10-16T07:57:00","guid":{"rendered":"https:\/\/bmin.info\/WP\/?p=9800"},"modified":"2021-10-20T08:58:00","modified_gmt":"2021-10-20T07:58:00","slug":"achitz-sozialhilfe-reform-muss-fuer-existenzsicherung-und-rechtssicherheit-sorgen","status":"publish","type":"post","link":"https:\/\/bmin.info\/WP\/2021\/10\/16\/achitz-sozialhilfe-reform-muss-fuer-existenzsicherung-und-rechtssicherheit-sorgen\/","title":{"rendered":"Achitz: Sozialhilfe-Reform muss f\u00fcr Existenzsicherung und Rechtssicherheit sorgen"},"content":{"rendered":"\n<p>Text: Volksanwaltschaft<br \/><em><strong>Tag gegen Armut: Mehr als ein Viertel der Beschwerden bei der Volksanwaltschaft aus Sozialbereich<\/strong><\/em><br \/>Wien (OTS) &#8211; \u201eViele Auswirkungen der Corona-Pandemie wirken sich auf armutsgef\u00e4hrdete Menschen viel drastischer aus als auf Wohlhabende\u201c, sagt Volksanwalt Bernhard Achitz anl\u00e4sslich des Internationalen Tags zur Beseitigung der Armut (17. Oktober). Arbeitspl\u00e4tze wurden vor allem in Bereichen mit niedrigen L\u00f6hnen wie dem Tourismus verloren, prek\u00e4r Besch\u00e4ftigte wurden als erste gek\u00fcndigt, geringf\u00fcgig Besch\u00e4ftigte konnten nicht in Kurzarbeit gehen, Corona-Strafen, die Reichen egal sind, k\u00f6nnen Menschen mit wenig Geld ein gro\u00dfes Loch ins Budget rei\u00dfen. \u201eDa ist eine gute Absicherung in Form einer existenzsichernden Mindestsicherung noch wichtiger als vor der Pandemie\u201c, sagt Achitz.<\/p>\n\n\n\n<div class=\"wp-block-image\"><figure class=\"alignright size-large is-resized\"><a href=\"https:\/\/bmin.info\/WP\/wp-content\/uploads\/2021\/10\/VA-Kollegium-Achitz_2019-c-Photo-Simonis.jpg\"><img loading=\"lazy\" decoding=\"async\" src=\"https:\/\/bmin.info\/WP\/wp-content\/uploads\/2021\/10\/VA-Kollegium-Achitz_2019-c-Photo-Simonis.jpg\" alt=\"\" class=\"wp-image-9811\" width=\"169\" height=\"225\" srcset=\"https:\/\/bmin.info\/WP\/wp-content\/uploads\/2021\/10\/VA-Kollegium-Achitz_2019-c-Photo-Simonis.jpg 244w, https:\/\/bmin.info\/WP\/wp-content\/uploads\/2021\/10\/VA-Kollegium-Achitz_2019-c-Photo-Simonis-225x300.jpg 225w, https:\/\/bmin.info\/WP\/wp-content\/uploads\/2021\/10\/VA-Kollegium-Achitz_2019-c-Photo-Simonis-108x144.jpg 108w\" sizes=\"auto, (max-width: 169px) 100vw, 169px\" \/><\/a><figcaption><em>Foto: Simonis<\/em><\/figcaption><\/figure><\/div>\n\n\n\n<p><strong>Mindestsicherung in existenzsichernder H\u00f6he wegen Corona-Krise noch wichtiger<\/strong><br \/>\u201eWie wichtig die Mindestsicherung ist, zeigt sich nicht nur an der Zahl der Bezieher*innen, sondern auch am Beschwerdeaufkommen bei der Volksanwaltschaft: Mehr als ein Viertel aller Beschwerden auf L\u00e4nder-\/Gemeindeebene betreffen den Bereich Mindestsicherung, Jugendwohlfahrt, Menschen mit Behinderung, Grundversorgung\u201c, sagt Achitz: \u201eEine Mindestsicherung in existenzsichernder H\u00f6he wird wegen der sozialen Nachwirkungen der Corona-Krise dringend gebraucht. Daf\u00fcr ist eine politische Einigung n\u00f6tig, die Rechtssicherheit f\u00fcr Betroffene herstellt und Armut verhindert.<\/p>\n\n\n\n<p><strong>Sozialhilfe-Grundsatzgesetz hat zu enormen K\u00fcrzungen gef\u00fchrt<\/strong><br \/>2019 hat der Bund den Gestaltungsspielraum der L\u00e4nder bei der Bedarfsorientierten Mindestsicherung weitgehend eingeschr\u00e4nkt. Das entsprechende Sozialhilfe-Grundsatzgesetz (SH-GG) gilt seit 1. Juni 2019, Teile wurden allerdings als verfassungswidrig aufgehoben. Nur N\u00d6 und O\u00d6 haben ihre Landesgesetze fristgerecht angepasst \u2013 das hat dort f\u00fcr manche Bezieher*innen zu enormen K\u00fcrzungen gef\u00fchrt. Andere Bundesl\u00e4nder haben zun\u00e4chst kein grundsatzgesetzeskonformes Ausf\u00fchrungsgesetz beschlossen. Das hat die Volksanwaltschaft in ihren Berichten an die Landtage der betroffenen Bundesl\u00e4nder kritisiert, weil es zu Rechtsunsicherheit f\u00fcr die betroffenen Menschen f\u00fchrt.<\/p>\n\n\n\n<p><strong>Soziale Grundrechte in Verfassung verankern<\/strong><br \/>Eingriffe in bew\u00e4hrte Ma\u00dfnahmen zur Armutsbek\u00e4mpfung w\u00fcrden erschwert, wenn man soziale Grundrechte in der Verfassung festschriebe. \u201eEs w\u00e4re gut, zum Beispiel das Recht auf gute Arbeitsbedingungen, das Recht auf Absicherung bei Arbeitslosigkeit oder Krankheit in der \u00f6sterreichischen Verfassung zu verankern. In einem modernen Staat sollten nicht nur Freiheits- und Eigentumsrechte in der Verfassung stehen, sondern auch soziale Rechte\u201c, meint Achitz. Als Beispiele nennt er das Recht auf ein Dach \u00fcber dem Kopf, auf Arbeit, auf Altersversorgung, auf Versorgung bei Krankheit und Unfall. \u201eDas gibt es in \u00d6sterreich alles, aber nur auf Basis von einfachen Gesetzen, die sehr schnell ge\u00e4ndert werden k\u00f6nnen, wie man bei Einschnitten in die Pensionen gesehen hat, oder bei der Abschaffung der Mindestsicherung und ihrer Ersetzung durch die Sozialhilfe.\u201c Die Absicherung in der Verfassung w\u00e4re st\u00e4rker und dauerhaft.<\/p>\n\n\n\n<p>Die Volksanwaltschaft ist unter&nbsp;<a href=\"mailto:post@volksanwaltschaft.gv.at\">post@volksanwaltschaft.gv.at<\/a> sowie unter der <strong><em>kostenlosen Servicenummer 0800 223 223<\/em><\/strong>erreichbar.<\/p>\n","protected":false},"excerpt":{"rendered":"<p>Text: VolksanwaltschaftTag gegen Armut: Mehr als ein Viertel der Beschwerden bei der Volksanwaltschaft aus SozialbereichWien (OTS) &#8211; \u201eViele Auswirkungen der Corona-Pandemie wirken sich auf armutsgef\u00e4hrdete Menschen viel drastischer aus als auf Wohlhabende\u201c, sagt Volksanwalt Bernhard Achitz anl\u00e4sslich des Internationalen Tags zur Beseitigung der Armut (17. Oktober). Arbeitspl\u00e4tze wurden vor allem in Bereichen mit niedrigen L\u00f6hnen&#8230; <a href=\"https:\/\/bmin.info\/WP\/2021\/10\/16\/achitz-sozialhilfe-reform-muss-fuer-existenzsicherung-und-rechtssicherheit-sorgen\/\" class=\"more-link\">Continue reading <span class=\"screen-reader-text\">Achitz: Sozialhilfe-Reform muss f\u00fcr Existenzsicherung und Rechtssicherheit sorgen<\/span><\/a><\/p>\n","protected":false},"author":3,"featured_media":0,"comment_status":"closed","ping_status":"closed","sticky":false,"template":"","format":"standard","meta":{"footnotes":""},"categories":[3],"tags":[],"class_list":["post-9800","post","type-post","status-publish","format-standard","hentry","category-info"],"_links":{"self":[{"href":"https:\/\/bmin.info\/WP\/wp-json\/wp\/v2\/posts\/9800","targetHints":{"allow":["GET"]}}],"collection":[{"href":"https:\/\/bmin.info\/WP\/wp-json\/wp\/v2\/posts"}],"about":[{"href":"https:\/\/bmin.info\/WP\/wp-json\/wp\/v2\/types\/post"}],"author":[{"embeddable":true,"href":"https:\/\/bmin.info\/WP\/wp-json\/wp\/v2\/users\/3"}],"replies":[{"embeddable":true,"href":"https:\/\/bmin.info\/WP\/wp-json\/wp\/v2\/comments?post=9800"}],"version-history":[{"count":8,"href":"https:\/\/bmin.info\/WP\/wp-json\/wp\/v2\/posts\/9800\/revisions"}],"predecessor-version":[{"id":9815,"href":"https:\/\/bmin.info\/WP\/wp-json\/wp\/v2\/posts\/9800\/revisions\/9815"}],"wp:attachment":[{"href":"https:\/\/bmin.info\/WP\/wp-json\/wp\/v2\/media?parent=9800"}],"wp:term":[{"taxonomy":"category","embeddable":true,"href":"https:\/\/bmin.info\/WP\/wp-json\/wp\/v2\/categories?post=9800"},{"taxonomy":"post_tag","embeddable":true,"href":"https:\/\/bmin.info\/WP\/wp-json\/wp\/v2\/tags?post=9800"}],"curies":[{"name":"wp","href":"https:\/\/api.w.org\/{rel}","templated":true}]}}