{"id":9908,"date":"2021-11-15T10:08:58","date_gmt":"2021-11-15T09:08:58","guid":{"rendered":"https:\/\/bmin.info\/WP\/?p=9908"},"modified":"2021-11-22T18:14:35","modified_gmt":"2021-11-22T17:14:35","slug":"bizeps-begruesst-impfpflicht-vorstoss-von-gesundheitsminister-mueckstein","status":"publish","type":"post","link":"https:\/\/bmin.info\/WP\/2021\/11\/15\/bizeps-begruesst-impfpflicht-vorstoss-von-gesundheitsminister-mueckstein\/","title":{"rendered":"BIZEPS begr\u00fc\u00dft Impfpflicht Vorsto\u00df von Gesundheitsminister M\u00fcckstein \/ dreiw\u00f6chiger Lockdown &#8211; generelle Impfpflicht ab Februar 2021"},"content":{"rendered":"\n<p>Text: BIZEPS<br \/><em>Der Zugang &#8222;Schutz von vulnerablen Personengruppen\u201c muss unbedingt auch den Behindertenbereich umfassen.<\/em><br \/>Wien (OTS) &#8211; <em>\u201eAngesichts der niedrigen Impfquoten in der Gesamtbev\u00f6lkerung und des Schutzbed\u00fcrfnisses der vulnerablen Personengruppe der Menschen mit Behinderungen, begr\u00fc\u00dfen wir den Vorsto\u00df von Gesundheitsminister Wolfgang M\u00fcckstein sehr\u201c<\/em>, so Martin Ladst\u00e4tter (Obmann des Behindertenberatungszentrums BIZEPS).<\/p>\n\n\n\n<div class=\"wp-block-image\"><figure class=\"alignright size-large is-resized\"><a href=\"https:\/\/bmin.info\/WP\/wp-content\/uploads\/2021\/11\/BIZEPS-Logo-1.jpg\"><img loading=\"lazy\" decoding=\"async\" src=\"https:\/\/bmin.info\/WP\/wp-content\/uploads\/2021\/11\/BIZEPS-Logo-1.jpg\" alt=\"\" class=\"wp-image-9946\" width=\"348\" height=\"195\" srcset=\"https:\/\/bmin.info\/WP\/wp-content\/uploads\/2021\/11\/BIZEPS-Logo-1.jpg 1024w, https:\/\/bmin.info\/WP\/wp-content\/uploads\/2021\/11\/BIZEPS-Logo-1-300x169.jpg 300w, https:\/\/bmin.info\/WP\/wp-content\/uploads\/2021\/11\/BIZEPS-Logo-1-768x432.jpg 768w, https:\/\/bmin.info\/WP\/wp-content\/uploads\/2021\/11\/BIZEPS-Logo-1-144x81.jpg 144w\" sizes=\"auto, (max-width: 348px) 100vw, 348px\" \/><\/a><\/figure><\/div>\n\n\n\n<p>BIZEPS unterst\u00fctzt den Ansatz, gewisse Berufsgruppen, die in Bereichen mit vulnerablen Personengruppen arbeiten, mit einer bundesgesetzlichen Regelung zu einer Impfung zu verpflichten.<\/p>\n\n\n\n<p><em>\u201eWir m\u00fcssen Menschen sch\u00fctzen\u201c<\/em>, begr\u00fcndete Gesundheitsminister M\u00fcckstein sein Vorhaben einer Impfpflicht in gewissen Bereichen in der \u201eZIB 2 am Sonntag\u201c vom 14. November 2021 und <a href=\"https:\/\/orf.at\/stories\/3236530\/\">hielt fest<\/a>: <em>\u201eEs kann in so einem Setting nicht mehr arbeiten, wer nicht geimpft ist\u201c<\/em>.<\/p>\n\n\n\n<p><em>\u201eWir sehen das genauso! Uns ist daher wichtig, dass auch Pers\u00f6nliche Assistenz ein durch die Impfpflicht besonders gesch\u00fctzter Bereich ist\u201c<\/em>, so Ladst\u00e4tter und er regt an, <em>\u201ePers\u00f6nliche Assistentinnen und Assistenten daher unbedingt in die Aufz\u00e4hlung der Berufsgruppen mit einzubeziehen.\u201c<\/em><\/p>\n\n\n\n<p>Immer mehr <a href=\"https:\/\/www.gov.uk\/government\/publications\/vaccination-of-people-working-or-deployed-in-care-homes-operational-guidance\/coronavirus-covid-19-vaccination-of-people-working-or-deployed-in-care-homes-operational-guidance\">Staaten<\/a> setzen Schritte um, damit in gewissen Berufsgruppen eine Impfung bei neuen und bestehenden Mitarbeiterinnen und Mitarbeitern Voraussetzung ist.<\/p>\n\n\n\n<p><em>\u201eWir hoffen auf eine baldige Realisierung in \u00d6sterreich, denn so viel l\u00e4sst sich prognostizieren: Die Pandemie ist nicht zu Ende und die n\u00e4chste Welle kommt bestimmt\u201c<\/em>, h\u00e4lt Martin Ladst\u00e4tter abschlie\u00dfend fest.<br \/><br \/><strong>Anm.<\/strong>: Die Impfpflicht bei gewissen Berufsgruppen ist nicht nur in \u00d6sterreich umstritten, da ein Impfzwang nur auf diese Berufsgruppen ausge\u00fcbt wird. Viele meinen, dass nur eine Impfpflicht f\u00fcr die ganze Bev\u00f6lkerung eine sinnvolle Bek\u00e4mpfung einer Pandemie erm\u00f6glicht.<br \/><br \/><strong>Update<\/strong>: Seit 22. November 2021 befindet sich \u00d6sterreich wieder im <a href=\"https:\/\/www.sozialministerium.at\/Informationen-zum-Coronavirus\/Coronavirus---Aktuelle-Ma%C3%9Fnahmen.html\">Lockdown<\/a>. Eine <a href=\"https:\/\/www.tagesschau.de\/kommentar\/kommentar-oesterreich-impfpflicht-101.html\">generelle Impfpflicht<\/a> soll Anfang Februar 2022 in Kraft treten.<br \/><a href=\"Update: Seit 22. November 2021 befindet sich \u00d6sterreich wieder im Lockdown. Eine generelle Impfpflicht soll Anfang Februar 2022 in Kraft treten.\"><br \/><\/a><\/p>\n\n\n\n<p>Artikel zum Thema:<br \/><a href=\"https:\/\/bmin.info\/WP\/2021\/11\/22\/hauptausschuss-genehmigt-bundesweiten-lockdown-fuer-alle\/\">Hauptausschuss genehmigt bundesweiten Lockdown f\u00fcr alle<\/a><br \/><a href=\"https:\/\/bmin.info\/WP\/2021\/10\/29\/covid-19-neutralisierende-antikoerper-eintrag-in-gruenen-pass-nicht-geplant\/\">Covid 19 \u2013 neutralisierende Antik\u00f6rper: Eintrag in Gr\u00fcnen Pass nicht geplant<\/a><\/p>\n","protected":false},"excerpt":{"rendered":"<p>Text: BIZEPSDer Zugang &#8222;Schutz von vulnerablen Personengruppen\u201c muss unbedingt auch den Behindertenbereich umfassen.Wien (OTS) &#8211; \u201eAngesichts der niedrigen Impfquoten in der Gesamtbev\u00f6lkerung und des Schutzbed\u00fcrfnisses der vulnerablen Personengruppe der Menschen mit Behinderungen, begr\u00fc\u00dfen wir den Vorsto\u00df von Gesundheitsminister Wolfgang M\u00fcckstein sehr\u201c, so Martin Ladst\u00e4tter (Obmann des Behindertenberatungszentrums BIZEPS). BIZEPS unterst\u00fctzt den Ansatz, gewisse Berufsgruppen, die&#8230; <a href=\"https:\/\/bmin.info\/WP\/2021\/11\/15\/bizeps-begruesst-impfpflicht-vorstoss-von-gesundheitsminister-mueckstein\/\" class=\"more-link\">Continue reading <span class=\"screen-reader-text\">BIZEPS begr\u00fc\u00dft Impfpflicht Vorsto\u00df von Gesundheitsminister M\u00fcckstein \/ dreiw\u00f6chiger Lockdown &#8211; generelle Impfpflicht ab Februar 2021<\/span><\/a><\/p>\n","protected":false},"author":3,"featured_media":0,"comment_status":"closed","ping_status":"closed","sticky":false,"template":"","format":"standard","meta":{"footnotes":""},"categories":[3],"tags":[],"class_list":["post-9908","post","type-post","status-publish","format-standard","hentry","category-info"],"_links":{"self":[{"href":"https:\/\/bmin.info\/WP\/wp-json\/wp\/v2\/posts\/9908","targetHints":{"allow":["GET"]}}],"collection":[{"href":"https:\/\/bmin.info\/WP\/wp-json\/wp\/v2\/posts"}],"about":[{"href":"https:\/\/bmin.info\/WP\/wp-json\/wp\/v2\/types\/post"}],"author":[{"embeddable":true,"href":"https:\/\/bmin.info\/WP\/wp-json\/wp\/v2\/users\/3"}],"replies":[{"embeddable":true,"href":"https:\/\/bmin.info\/WP\/wp-json\/wp\/v2\/comments?post=9908"}],"version-history":[{"count":11,"href":"https:\/\/bmin.info\/WP\/wp-json\/wp\/v2\/posts\/9908\/revisions"}],"predecessor-version":[{"id":9986,"href":"https:\/\/bmin.info\/WP\/wp-json\/wp\/v2\/posts\/9908\/revisions\/9986"}],"wp:attachment":[{"href":"https:\/\/bmin.info\/WP\/wp-json\/wp\/v2\/media?parent=9908"}],"wp:term":[{"taxonomy":"category","embeddable":true,"href":"https:\/\/bmin.info\/WP\/wp-json\/wp\/v2\/categories?post=9908"},{"taxonomy":"post_tag","embeddable":true,"href":"https:\/\/bmin.info\/WP\/wp-json\/wp\/v2\/tags?post=9908"}],"curies":[{"name":"wp","href":"https:\/\/api.w.org\/{rel}","templated":true}]}}